{"id":54310,"date":"2025-05-23T11:46:12","date_gmt":"2025-05-23T14:46:12","guid":{"rendered":"https:\/\/radiorevelacionfm.cl\/?p=54310"},"modified":"2025-05-23T11:46:12","modified_gmt":"2025-05-23T14:46:12","slug":"primera-sesion-de-la-mesa-del-puye-en-raul-marin-balmaceda","status":"publish","type":"post","link":"https:\/\/radiorevelacionfm.cl\/?p=54310","title":{"rendered":"Primera sesi\u00f3n de la Mesa del Puye en Ra\u00fal Mar\u00edn Balmaceda"},"content":{"rendered":"<div class=\"flex_column av_one_full  flex_column_div av-zero-column-padding first  avia-builder-el-0  el_before_av_one_full  avia-builder-el-first  \" style='border-radius:0px; '><div  class='avia-image-container  av-styling-    avia-builder-el-1  avia-builder-el-no-sibling  avia-align-center '  itemprop=\"image\" itemscope=\"itemscope\" itemtype=\"https:\/\/schema.org\/ImageObject\"  ><div class='avia-image-container-inner'><div class='avia-image-overlay-wrap'><img decoding=\"async\" class='wp-image-54311 avia-img-lazy-loading-not-54311 avia_image' src=\"https:\/\/radiorevelacionfm.cl\/wp-content\/uploads\/2025\/05\/1-2025-05-23T114317.532-1-1.jpg\" alt='' title='1 - 2025-05-23T114317.532 (1) (1)' height=\"600\" width=\"1032\"  itemprop=\"thumbnailUrl\" srcset=\"https:\/\/radiorevelacionfm.cl\/wp-content\/uploads\/2025\/05\/1-2025-05-23T114317.532-1-1.jpg 1032w, https:\/\/radiorevelacionfm.cl\/wp-content\/uploads\/2025\/05\/1-2025-05-23T114317.532-1-1-300x174.jpg 300w, https:\/\/radiorevelacionfm.cl\/wp-content\/uploads\/2025\/05\/1-2025-05-23T114317.532-1-1-1030x599.jpg 1030w, https:\/\/radiorevelacionfm.cl\/wp-content\/uploads\/2025\/05\/1-2025-05-23T114317.532-1-1-768x447.jpg 768w, https:\/\/radiorevelacionfm.cl\/wp-content\/uploads\/2025\/05\/1-2025-05-23T114317.532-1-1-705x410.jpg 705w, https:\/\/radiorevelacionfm.cl\/wp-content\/uploads\/2025\/05\/1-2025-05-23T114317.532-1-1-450x262.jpg 450w, https:\/\/radiorevelacionfm.cl\/wp-content\/uploads\/2025\/05\/1-2025-05-23T114317.532-1-1-600x349.jpg 600w\" sizes=\"(max-width: 1032px) 100vw, 1032px\" \/><\/div><\/div><\/div><\/div><div class=\"flex_column av_one_full  flex_column_div av-zero-column-padding first  avia-builder-el-2  el_after_av_one_full  el_before_av_one_full  column-top-margin\" style='border-radius:0px; '><section class=\"av_textblock_section \"  itemscope=\"itemscope\" itemtype=\"https:\/\/schema.org\/BlogPosting\" itemprop=\"blogPost\" ><div class='avia_textblock  '   itemprop=\"text\" ><p style=\"text-align: center;\"><strong><span style=\"font-size: 18pt;\">Primera sesi\u00f3n de la Mesa del Puye en Ra\u00fal Mar\u00edn Balmaceda<\/span><\/strong><\/p>\n<div id=\"gtx-trans\" style=\"position: absolute; left: -50px; top: 4.31534px;\">\n<div class=\"gtx-trans-icon\"><\/div>\n<\/div>\n<\/div><\/section><\/div><div class=\"flex_column av_one_full  flex_column_div av-zero-column-padding first  avia-builder-el-4  el_after_av_one_full  el_before_av_hr  column-top-margin\" style='border-radius:0px; '><section class=\"av_textblock_section \"  itemscope=\"itemscope\" itemtype=\"https:\/\/schema.org\/BlogPosting\" itemprop=\"blogPost\" ><div class='avia_textblock  '   itemprop=\"text\" ><p style=\"text-align: justify;\">En la localidad de Ra\u00fal Marin Balmaceda se llev\u00f3 a cabo la primera sesi\u00f3n 2025 de la Mesa del Puye del \u00c1rea de Conservaci\u00f3n de M\u00faltiples Usos (ACMU) Pitipalena-A\u00f1ihue, una instancia de trabajo y gesti\u00f3n para el uso sustentable del recurso puye, reconocido como objeto de conservaci\u00f3n del ACMU.<\/p>\n<p style=\"text-align: justify;\">Desde el hist\u00f3rico reconocimiento de la pesquer\u00eda del Puye, el ministerio del Medio Ambiente, Sernapesca, Subpesca y la comunidad han trabajado en conjunto para gestionar el buen uso de la pesquer\u00eda de peque\u00f1a escala, siguiendo los lineamientos del plan de manejo del \u00c1rea de Conservaci\u00f3n.<\/p>\n<p style=\"text-align: justify;\">\u201cNosotros tenemos la labor de liderar esta Mesa y as\u00ed tambi\u00e9n \u00a0administrar junto a la comunidad organizada el \u00a0Plan de Manejo del ACMU-Pitipalena A\u00f1ihue, y desde ah\u00ed rescatamos y valoramos los avances\u00a0 de las acciones enfocadas al desarrollo sostenible de esta comunidad, que es pionera en la pesquer\u00eda a peque\u00f1a escala, en la co- gesti\u00f3n de un \u00c1rea de Conservaci\u00f3n y que d\u00eda a d\u00eda da cuenta de un modelo a replicar en otras regiones y el mundo\u201d, destac\u00f3 el Seremi del Medio Ambiente, Yoal D\u00edaz, reconociendo la medida como parte de la trayectoria ambiental comunitaria de Ra\u00fal Mar\u00edn Balmaceda.<\/p>\n<p style=\"text-align: justify;\">Durante la primera sesi\u00f3n, autoridades, servicios y comunidad pesquera conocieron los resultados del estudio realizado por el GEF de Gobernanza Marina sobre los desembarques, apoyo en los desembarques, la pesquer\u00eda en general; y as\u00ed tambi\u00e9n los resultados del estudio del proyecto realizado por Future of Fish (FOF) y WWF sobre el diagn\u00f3stico del proceso de comercializaci\u00f3n del puye y su futuro.<\/p>\n<p style=\"text-align: justify;\">Seg\u00fan los antecedentes expuestos por el GEF Gobernanza Marina, se apoy\u00f3 el proceso de declaraci\u00f3n de desembarque a un 50% de los recolectores de orilla que realizaron captura del recurso Puye y as\u00ed tambi\u00e9n se logr\u00f3 georeferenciar e identificar los principales puertos de pesca que utilizan los recolectores de orilla para su captura. Respecto de la extracci\u00f3n, GEF realiz\u00f3 un an\u00e1lisis de las capturas, relacionadas a talla y peso del puye, el cual arroj\u00f3 que las capturas son relativamente similares durante todo el periodo de captura, por lo que infiere que los pescadores cumplen uno de los compromisos de capturar ejemplares previos a la etapa juvenil.<\/p>\n<p style=\"text-align: justify;\">Presidente del Sindicato de Pescadores de Ra\u00fal Mar\u00edn Balmaceda y representante de los pescadores en la Mesa del Puye, Kurt Klein, valor\u00f3 la instancia en su vinculaci\u00f3n con el plan de manejo del ACMU \u201cIgual es de suma importancia debido a que el puye es un objeto de conservaci\u00f3n dentro del \u00c1rea Marina Protegida. Entonces, es por esto que nosotros tenemos nuestros m\u00e9todos de pesca, nuestra forma de pescar, la adecuada, respetando las tallas, sin capturar cuando le sale un puntito rojo a la especie ah\u00ed dejamos de pescar para permitir que pase a adulto, y eso genera que esto sea sustentable y sostenible en el tiempo, que haya un repoblamiento de este y no se sobreexplote para seguirlo trabajando como lo hemos venido haciendo de manera sustentable\u201d.<\/p>\n<p style=\"text-align: justify;\">Respecto del diagn\u00f3stico entregado por WWF la comercializaci\u00f3n del recurso puye se encuentra en un proceso incipiente aun, y si bien debe avanzar en tributarios s\u00ed evidencia un buen manejo para su comercializaci\u00f3n. Los pescadores han establecido sus canales de comercializaci\u00f3n y han expandido sus ventas a otras localidades dentro de la regi\u00f3n como la Junta, Cisnes, Coyhaique y Ays\u00e9n, e incluso en la regi\u00f3n de los Lagos.<\/p>\n<p style=\"text-align: justify;\">Al respecto la pescadora de puye de la localidad de Ra\u00fal Mar\u00edn, Alicia Rosas, valor\u00f3 la instancia \u201cestuve participando de la reuni\u00f3n y me perecieron muy importantes los puntos que se trataron, que nos permiten pensar que en el futuro tengamos una buena venta, que se pueda trabajar mejor y as\u00ed podamos vender nuestro producto a mejores precios\u201d.<\/p>\n<p style=\"text-align: justify;\">Respecto a las acciones futuras en la mesa visualizan la necesidad de formalizar un protocolo o manual que estandarice el proceso de captura, limpieza y congelado desarrollando as\u00ed una marca del recurso y valor agregado para nuevos mercados.<\/p>\n<p style=\"text-align: justify;\">En el registro pesquero artesanal (RPA) hay reconocidos 71 recolectores y recolectoras de Puye, donde en el primer a\u00f1o de reconocimiento de la pesquer\u00eda (2024) operaron un total de 56, quienes extrajeron un total de 4.658 kg de puye. Si se considera un precio de 20 mil pesos el kg, tenemos que en la 1ra temporada se obtuvo casi 100 millones de pesos para los pescadores de puye de Ra\u00fal Mar\u00edn Balmaceda.<\/p>\n<\/div><\/section><\/div><div  style='height:50px' class='hr hr-invisible   avia-builder-el-6  el_after_av_one_full  el_before_av_social_share '><span class='hr-inner ' ><span class='hr-inner-style'><\/span><\/span><\/div><\/p>\n<div  class='av-social-sharing-box  avia-builder-el-7  el_after_av_hr  el_before_av_hr  '><div class='av-share-box'><h5 class='av-share-link-description av-no-toc '>Compartir esta noticia<\/h5><ul class='av-share-box-list noLightbox'><li class='av-share-link av-social-link-facebook' ><a target=\"_blank\" aria-label=\"Compartir en Facebook\" href='https:\/\/www.facebook.com\/sharer.php?u=https:\/\/radiorevelacionfm.cl\/?p=54310&#038;t=Primera%20sesi%C3%B3n%20de%20la%20Mesa%20del%20Puye%20en%20Ra%C3%BAl%20Mar%C3%ADn%20Balmaceda' aria-hidden='false' data-av_icon='\ue8f3' data-av_iconfont='entypo-fontello' title='' data-avia-related-tooltip='Compartir en Facebook' rel=\"noopener\"><span class='avia_hidden_link_text'>Compartir en Facebook<\/span><\/a><\/li><li class='av-share-link av-social-link-twitter' ><a target=\"_blank\" aria-label=\"Compartir en Twitter\" href='https:\/\/twitter.com\/share?text=Primera%20sesi%C3%B3n%20de%20la%20Mesa%20del%20Puye%20en%20Ra%C3%BAl%20Mar%C3%ADn%20Balmaceda&#038;url=https:\/\/radiorevelacionfm.cl\/?p=54310' aria-hidden='false' data-av_icon='\ue8f1' data-av_iconfont='entypo-fontello' title='' data-avia-related-tooltip='Compartir en Twitter' rel=\"noopener\"><span class='avia_hidden_link_text'>Compartir en Twitter<\/span><\/a><\/li><li class='av-share-link av-social-link-whatsapp' ><a target=\"_blank\" aria-label=\"Compartir en Whatsapp\" href='https:\/\/api.whatsapp.com\/send?text=https:\/\/radiorevelacionfm.cl\/?p=54310' aria-hidden='false' data-av_icon='\uf232' data-av_iconfont='entypo-fontello' title='' data-avia-related-tooltip='Compartir en Whatsapp' rel=\"noopener\"><span class='avia_hidden_link_text'>Compartir en Whatsapp<\/span><\/a><\/li><li class='av-share-link av-social-link-linkedin' ><a target=\"_blank\" aria-label=\"Compartir en LinkedIn\" href='https:\/\/linkedin.com\/shareArticle?mini=true&#038;title=Primera%20sesi%C3%B3n%20de%20la%20Mesa%20del%20Puye%20en%20Ra%C3%BAl%20Mar%C3%ADn%20Balmaceda&#038;url=https:\/\/radiorevelacionfm.cl\/?p=54310' aria-hidden='false' data-av_icon='\ue8fc' data-av_iconfont='entypo-fontello' title='' data-avia-related-tooltip='Compartir en LinkedIn' rel=\"noopener\"><span class='avia_hidden_link_text'>Compartir en LinkedIn<\/span><\/a><\/li><li class='av-share-link av-social-link-mail' ><a  aria-label=\"Compartir por correo\" href='mailto:?subject=Primera%20sesi%C3%B3n%20de%20la%20Mesa%20del%20Puye%20en%20Ra%C3%BAl%20Mar%C3%ADn%20Balmaceda&#038;body=https:\/\/radiorevelacionfm.cl\/?p=54310' aria-hidden='false' data-av_icon='\ue805' data-av_iconfont='entypo-fontello' title='' data-avia-related-tooltip='Compartir por correo'><span class='avia_hidden_link_text'>Compartir por correo<\/span><\/a><\/li><\/ul><\/div><\/div>\n<div  style='height:50px' class='hr hr-invisible   avia-builder-el-8  el_after_av_social_share  el_before_av_comments_list '><span class='hr-inner ' ><span class='hr-inner-style'><\/span><\/span><\/div>\n<div  class='av-buildercomment  av-blog-meta-html-info-disabled av-blog-meta-tag-disabled  '><\/div>\n","protected":false},"excerpt":{"rendered":"","protected":false},"author":1,"featured_media":54311,"comment_status":"closed","ping_status":"closed","sticky":false,"template":"","format":"standard","meta":{"footnotes":""},"categories":[38],"tags":[],"class_list":["post-54310","post","type-post","status-publish","format-standard","has-post-thumbnail","hentry","category-regional"],"jetpack_featured_media_url":"https:\/\/radiorevelacionfm.cl\/wp-content\/uploads\/2025\/05\/1-2025-05-23T114317.532-1-1.jpg","_links":{"self":[{"href":"https:\/\/radiorevelacionfm.cl\/index.php?rest_route=\/wp\/v2\/posts\/54310","targetHints":{"allow":["GET"]}}],"collection":[{"href":"https:\/\/radiorevelacionfm.cl\/index.php?rest_route=\/wp\/v2\/posts"}],"about":[{"href":"https:\/\/radiorevelacionfm.cl\/index.php?rest_route=\/wp\/v2\/types\/post"}],"author":[{"embeddable":true,"href":"https:\/\/radiorevelacionfm.cl\/index.php?rest_route=\/wp\/v2\/users\/1"}],"replies":[{"embeddable":true,"href":"https:\/\/radiorevelacionfm.cl\/index.php?rest_route=%2Fwp%2Fv2%2Fcomments&post=54310"}],"version-history":[{"count":2,"href":"https:\/\/radiorevelacionfm.cl\/index.php?rest_route=\/wp\/v2\/posts\/54310\/revisions"}],"predecessor-version":[{"id":54313,"href":"https:\/\/radiorevelacionfm.cl\/index.php?rest_route=\/wp\/v2\/posts\/54310\/revisions\/54313"}],"wp:featuredmedia":[{"embeddable":true,"href":"https:\/\/radiorevelacionfm.cl\/index.php?rest_route=\/wp\/v2\/media\/54311"}],"wp:attachment":[{"href":"https:\/\/radiorevelacionfm.cl\/index.php?rest_route=%2Fwp%2Fv2%2Fmedia&parent=54310"}],"wp:term":[{"taxonomy":"category","embeddable":true,"href":"https:\/\/radiorevelacionfm.cl\/index.php?rest_route=%2Fwp%2Fv2%2Fcategories&post=54310"},{"taxonomy":"post_tag","embeddable":true,"href":"https:\/\/radiorevelacionfm.cl\/index.php?rest_route=%2Fwp%2Fv2%2Ftags&post=54310"}],"curies":[{"name":"wp","href":"https:\/\/api.w.org\/{rel}","templated":true}]}}