{"id":5431,"date":"2021-06-17T20:59:14","date_gmt":"2021-06-17T23:59:14","guid":{"rendered":"https:\/\/radiorevelacionfm.cl\/?p=5431"},"modified":"2021-06-17T21:08:06","modified_gmt":"2021-06-18T00:08:06","slug":"tras-denuncia-anonima-pdi-y-fiscalia-desbaratan-nuevo-caso-de-trafico-de-drogas-en-coyhaique","status":"publish","type":"post","link":"https:\/\/radiorevelacionfm.cl\/?p=5431","title":{"rendered":"Tras denuncia an\u00f3nima PDI y Fiscal\u00eda desbaratan nuevo caso de tr\u00e1fico de drogas en Coyhaique"},"content":{"rendered":"<div class=\"flex_column av_one_full  flex_column_div av-zero-column-padding first  avia-builder-el-0  el_before_av_one_full  avia-builder-el-first  \" style='border-radius:0px; '><div  class='avia-image-container  av-styling-    avia-builder-el-1  avia-builder-el-no-sibling  avia-align-center '  itemprop=\"image\" itemscope=\"itemscope\" itemtype=\"https:\/\/schema.org\/ImageObject\"  ><div class='avia-image-container-inner'><div class='avia-image-overlay-wrap'><img decoding=\"async\" class='wp-image-5432 avia-img-lazy-loading-not-5432 avia_image' src=\"https:\/\/radiorevelacionfm.cl\/wp-content\/uploads\/2021\/06\/Evidencia-MT0-BRIANCO-002-1-1.jpeg\" alt='' title='Evidencia MT0 BRIANCO 002 (1) (1)' height=\"600\" width=\"601\"  itemprop=\"thumbnailUrl\" srcset=\"https:\/\/radiorevelacionfm.cl\/wp-content\/uploads\/2021\/06\/Evidencia-MT0-BRIANCO-002-1-1.jpeg 601w, https:\/\/radiorevelacionfm.cl\/wp-content\/uploads\/2021\/06\/Evidencia-MT0-BRIANCO-002-1-1-300x300.jpeg 300w, https:\/\/radiorevelacionfm.cl\/wp-content\/uploads\/2021\/06\/Evidencia-MT0-BRIANCO-002-1-1-80x80.jpeg 80w, https:\/\/radiorevelacionfm.cl\/wp-content\/uploads\/2021\/06\/Evidencia-MT0-BRIANCO-002-1-1-36x36.jpeg 36w, https:\/\/radiorevelacionfm.cl\/wp-content\/uploads\/2021\/06\/Evidencia-MT0-BRIANCO-002-1-1-180x180.jpeg 180w, https:\/\/radiorevelacionfm.cl\/wp-content\/uploads\/2021\/06\/Evidencia-MT0-BRIANCO-002-1-1-100x100.jpeg 100w\" sizes=\"(max-width: 601px) 100vw, 601px\" \/><\/div><\/div><\/div><\/div><div class=\"flex_column av_one_full  flex_column_div av-zero-column-padding first  avia-builder-el-2  el_after_av_one_full  el_before_av_one_full  column-top-margin\" style='border-radius:0px; '><section class=\"av_textblock_section \"  itemscope=\"itemscope\" itemtype=\"https:\/\/schema.org\/BlogPosting\" itemprop=\"blogPost\" ><div class='avia_textblock  '   itemprop=\"text\" ><p style=\"text-align: center;\"><span style=\"font-size: 18pt;\"><strong>Tras denuncia an\u00f3nima PDI y Fiscal\u00eda desbaratan nuevo caso de tr\u00e1fico de drogas en Coyhaique<\/strong><\/span><\/p>\n<div id=\"gtx-trans\" style=\"position: absolute; left: -50px; top: 4.31534px;\">\n<div class=\"gtx-trans-icon\"><\/div>\n<\/div>\n<\/div><\/section><\/div><div class=\"flex_column av_one_full  flex_column_div av-zero-column-padding first  avia-builder-el-4  el_after_av_one_full  el_before_av_hr  column-top-margin\" style='border-radius:0px; '><section class=\"av_textblock_section \"  itemscope=\"itemscope\" itemtype=\"https:\/\/schema.org\/BlogPosting\" itemprop=\"blogPost\" ><div class='avia_textblock  '   itemprop=\"text\" ><p style=\"text-align: justify;\">Durante la tarde del mi\u00e9rcoles 16 de junio, detectives de la agrupaci\u00f3n Microtr\u00e1fico Cero de la Brigada Antinarc\u00f3ticos y contra el Crimen Organizado Coyhaique, detuvieron a un sujeto, mayor de edad y con antecedentes policiales, por el delito de tr\u00e1fico de drogas en peque\u00f1as cantidades, contemplado en la Ley 20.000.<\/p>\n<p style=\"text-align: justify;\">El Ministerio P\u00fablico, a trav\u00e9s de la fiscal de Focos de la Unidad de An\u00e1lisis Criminal, Mar\u00eda In\u00e9s N\u00fa\u00f1ez Briso, formaliz\u00f3 al imputado -quien es reincidente en este tipo de hechos- por el delito de tr\u00e1fico de drogas, solicitando su prisi\u00f3n preventiva.<\/p>\n<p style=\"text-align: justify;\">Sobre el procedimiento policial desarrollado en la capital regional, el subprefecto Patricio Rojas, jefe de la BRIANCO Coyhaique, indic\u00f3 que se llev\u00f3 a cabo luego de recibir informaci\u00f3n de car\u00e1cter an\u00f3nima, \u201cdonde se nos indicaba que un sujeto se estaba dedicando a comercializar cannabis en peque\u00f1as cantidades en la comuna de Coyhaique\u201d.<\/p>\n<p style=\"text-align: justify;\">ENTRADA Y REGISTRO<\/p>\n<p style=\"text-align: justify;\">Una vez revisados los antecedentes, fueron puesto a disposici\u00f3n del Ministerio P\u00fablico, quien \u201cgestion\u00f3 las respectivas \u00f3rdenes de entrada y registro para dos domicilios en la comuna, las que se materializaron el d\u00eda de ayer, obteniendo la incautaci\u00f3n de poco m\u00e1s de 100 gramos de cannabis, adem\u00e1s la detenci\u00f3n del sujeto que practicaba este delito\u201d, puntualiz\u00f3 el jefe de la unidad especializada. Se trata de 107.1 gramos de cannabis sativa, equivalente a 321 dosis y avaluada en $1.606.500 pesos, si se hubiese vendido al menudeo en la zona.<\/p>\n<p style=\"text-align: justify;\">El subprefecto Rojas a\u00f1adi\u00f3 que \u201cesta misma persona ya hab\u00eda sido detenida el a\u00f1o reci\u00e9n pasado por el mismo delito, tr\u00e1fico de drogas en peque\u00f1as cantidades que realizaba a trav\u00e9s de aplicaciones telef\u00f3nicas\u201d. Sobre este punto, la fiscal Mar\u00eda In\u00e9s N\u00fa\u00f1ez Briso agreg\u00f3 que el imputado \u201cse encontraba cumpliendo una pena sustitutiva por delitos de microtr\u00e1fico, tr\u00e1fico de drogas en peque\u00f1as cantidades, y el Ministerio P\u00fablico formaliz\u00f3 investigaci\u00f3n por el delito de tr\u00e1fico del art\u00edculo 3 de la ley 20.000\u201d.<\/p>\n<p style=\"text-align: justify;\">Sobre el modo de operar, el jefe de la unidad especializada, Subprefecto Rojas, detall\u00f3 que \u201ceste sujeto, luego de recepcionar ciertas cantidades de droga las dosificaba y, posteriormente, las comercializaba acordando los lugares para efectuar la transacci\u00f3n\u201d.<\/p>\n<p style=\"text-align: justify;\">PRISI\u00d3N PREVENTIVA<\/p>\n<p style=\"text-align: justify;\">El imputado fue puesto a disposici\u00f3n del Juzgado de Garant\u00eda durante la jornada del jueves 17 de junio para su control de detenci\u00f3n y formalizaci\u00f3n, instancia donde el Tribunal declar\u00f3 legal la detenci\u00f3n y acogi\u00f3 la medida cautelar de prisi\u00f3n preventiva solicitada por la Fiscal\u00eda. Adem\u00e1s, el Juzgado estableci\u00f3 un plazo de 90 d\u00edas para el t\u00e9rmino de las diligencias investigativas, seg\u00fan explic\u00f3 la fiscal Mar\u00eda In\u00e9s N\u00fa\u00f1ez Briso. \u201cLa libertad del imputado constituye un peligro para la seguridad de la sociedad\u201d, a\u00f1adi\u00f3 la fiscal.<\/p>\n<p style=\"text-align: justify;\">El subprefecto Patricio Rojas enfatiz\u00f3 en la importancia de la denuncia frente a este tipo de casos, se\u00f1alando que \u201chacemos un llamado a toda la ciudadan\u00eda a efectuar este tipo de denuncias las que siempre tendr\u00e1n un tratamiento de car\u00e1cter an\u00f3nimo, recordarles a las personas que siempre ser\u00e1 la PDI quien aparezca como denunciante ante el Ministerio P\u00fablico. Existe el Plan Denuncia Seguro, 600 400 0101, y tambi\u00e9n la l\u00ednea de emergencia de la PDI, 134, donde las personas pueden llamar y realizar una denuncia respecto cualquier il\u00edcito de manera completamente an\u00f3nima\u201d, finaliz\u00f3.<\/p>\n<\/div><\/section><\/div><div  style='height:50px' class='hr hr-invisible   avia-builder-el-6  el_after_av_one_full  el_before_av_social_share '><span class='hr-inner ' ><span class='hr-inner-style'><\/span><\/span><\/div><\/p>\n<div  class='av-social-sharing-box  avia-builder-el-7  el_after_av_hr  el_before_av_hr  '><div class='av-share-box'><h5 class='av-share-link-description av-no-toc '>Compartir esta noticia<\/h5><ul class='av-share-box-list noLightbox'><li class='av-share-link av-social-link-facebook' ><a target=\"_blank\" aria-label=\"Compartir en Facebook\" href='https:\/\/www.facebook.com\/sharer.php?u=https:\/\/radiorevelacionfm.cl\/?p=5431&#038;t=Tras%20denuncia%20an%C3%B3nima%20PDI%20y%20Fiscal%C3%ADa%20desbaratan%20nuevo%20caso%20de%20tr%C3%A1fico%20de%20drogas%20en%20Coyhaique' aria-hidden='false' data-av_icon='\ue8f3' data-av_iconfont='entypo-fontello' title='' data-avia-related-tooltip='Compartir en Facebook' rel=\"noopener\"><span class='avia_hidden_link_text'>Compartir en Facebook<\/span><\/a><\/li><li class='av-share-link av-social-link-twitter' ><a target=\"_blank\" aria-label=\"Compartir en Twitter\" href='https:\/\/twitter.com\/share?text=Tras%20denuncia%20an%C3%B3nima%20PDI%20y%20Fiscal%C3%ADa%20desbaratan%20nuevo%20caso%20de%20tr%C3%A1fico%20de%20drogas%20en%20Coyhaique&#038;url=https:\/\/radiorevelacionfm.cl\/?p=5431' aria-hidden='false' data-av_icon='\ue8f1' data-av_iconfont='entypo-fontello' title='' data-avia-related-tooltip='Compartir en Twitter' rel=\"noopener\"><span class='avia_hidden_link_text'>Compartir en Twitter<\/span><\/a><\/li><li class='av-share-link av-social-link-whatsapp' ><a target=\"_blank\" aria-label=\"Compartir en Whatsapp\" href='https:\/\/api.whatsapp.com\/send?text=https:\/\/radiorevelacionfm.cl\/?p=5431' aria-hidden='false' data-av_icon='\uf232' data-av_iconfont='entypo-fontello' title='' data-avia-related-tooltip='Compartir en Whatsapp' rel=\"noopener\"><span class='avia_hidden_link_text'>Compartir en Whatsapp<\/span><\/a><\/li><li class='av-share-link av-social-link-linkedin' ><a target=\"_blank\" aria-label=\"Compartir en LinkedIn\" href='https:\/\/linkedin.com\/shareArticle?mini=true&#038;title=Tras%20denuncia%20an%C3%B3nima%20PDI%20y%20Fiscal%C3%ADa%20desbaratan%20nuevo%20caso%20de%20tr%C3%A1fico%20de%20drogas%20en%20Coyhaique&#038;url=https:\/\/radiorevelacionfm.cl\/?p=5431' aria-hidden='false' data-av_icon='\ue8fc' data-av_iconfont='entypo-fontello' title='' data-avia-related-tooltip='Compartir en LinkedIn' rel=\"noopener\"><span class='avia_hidden_link_text'>Compartir en LinkedIn<\/span><\/a><\/li><li class='av-share-link av-social-link-mail' ><a  aria-label=\"Compartir por correo\" href='mailto:?subject=Tras%20denuncia%20an%C3%B3nima%20PDI%20y%20Fiscal%C3%ADa%20desbaratan%20nuevo%20caso%20de%20tr%C3%A1fico%20de%20drogas%20en%20Coyhaique&#038;body=https:\/\/radiorevelacionfm.cl\/?p=5431' aria-hidden='false' data-av_icon='\ue805' data-av_iconfont='entypo-fontello' title='' data-avia-related-tooltip='Compartir por correo'><span class='avia_hidden_link_text'>Compartir por correo<\/span><\/a><\/li><\/ul><\/div><\/div>\n<div  style='height:50px' class='hr hr-invisible   avia-builder-el-8  el_after_av_social_share  el_before_av_comments_list '><span class='hr-inner ' ><span class='hr-inner-style'><\/span><\/span><\/div>\n<div  class='av-buildercomment  av-blog-meta-html-info-disabled av-blog-meta-tag-disabled  '><\/div>\n","protected":false},"excerpt":{"rendered":"","protected":false},"author":1,"featured_media":5435,"comment_status":"open","ping_status":"open","sticky":false,"template":"","format":"standard","meta":{"footnotes":""},"categories":[36],"tags":[],"class_list":["post-5431","post","type-post","status-publish","format-standard","has-post-thumbnail","hentry","category-policial"],"jetpack_featured_media_url":"https:\/\/radiorevelacionfm.cl\/wp-content\/uploads\/2021\/06\/Evidencia-MT0-BRIANCO-003.1-1.jpg","_links":{"self":[{"href":"https:\/\/radiorevelacionfm.cl\/index.php?rest_route=\/wp\/v2\/posts\/5431","targetHints":{"allow":["GET"]}}],"collection":[{"href":"https:\/\/radiorevelacionfm.cl\/index.php?rest_route=\/wp\/v2\/posts"}],"about":[{"href":"https:\/\/radiorevelacionfm.cl\/index.php?rest_route=\/wp\/v2\/types\/post"}],"author":[{"embeddable":true,"href":"https:\/\/radiorevelacionfm.cl\/index.php?rest_route=\/wp\/v2\/users\/1"}],"replies":[{"embeddable":true,"href":"https:\/\/radiorevelacionfm.cl\/index.php?rest_route=%2Fwp%2Fv2%2Fcomments&post=5431"}],"version-history":[{"count":1,"href":"https:\/\/radiorevelacionfm.cl\/index.php?rest_route=\/wp\/v2\/posts\/5431\/revisions"}],"predecessor-version":[{"id":5433,"href":"https:\/\/radiorevelacionfm.cl\/index.php?rest_route=\/wp\/v2\/posts\/5431\/revisions\/5433"}],"wp:featuredmedia":[{"embeddable":true,"href":"https:\/\/radiorevelacionfm.cl\/index.php?rest_route=\/wp\/v2\/media\/5435"}],"wp:attachment":[{"href":"https:\/\/radiorevelacionfm.cl\/index.php?rest_route=%2Fwp%2Fv2%2Fmedia&parent=5431"}],"wp:term":[{"taxonomy":"category","embeddable":true,"href":"https:\/\/radiorevelacionfm.cl\/index.php?rest_route=%2Fwp%2Fv2%2Fcategories&post=5431"},{"taxonomy":"post_tag","embeddable":true,"href":"https:\/\/radiorevelacionfm.cl\/index.php?rest_route=%2Fwp%2Fv2%2Ftags&post=5431"}],"curies":[{"name":"wp","href":"https:\/\/api.w.org\/{rel}","templated":true}]}}