{"id":54306,"date":"2025-05-23T10:13:16","date_gmt":"2025-05-23T13:13:16","guid":{"rendered":"https:\/\/radiorevelacionfm.cl\/?p=54306"},"modified":"2025-05-23T10:13:16","modified_gmt":"2025-05-23T13:13:16","slug":"edelaysen-capacita-a-instaladores-electricos-de-la-region-de-aysen-para-fortalecer-su-labor-en-terreno","status":"publish","type":"post","link":"https:\/\/radiorevelacionfm.cl\/?p=54306","title":{"rendered":"Edelaysen capacita a instaladores el\u00e9ctricos de la Regi\u00f3n de Ays\u00e9n para fortalecer su labor en terreno"},"content":{"rendered":"<div class=\"flex_column av_one_full  flex_column_div av-zero-column-padding first  avia-builder-el-0  el_before_av_one_full  avia-builder-el-first  \" style='border-radius:0px; '><div  class='avia-image-container  av-styling-    avia-builder-el-1  avia-builder-el-no-sibling  avia-align-center '  itemprop=\"image\" itemscope=\"itemscope\" itemtype=\"https:\/\/schema.org\/ImageObject\"  ><div class='avia-image-container-inner'><div class='avia-image-overlay-wrap'><img decoding=\"async\" class='wp-image-54307 avia-img-lazy-loading-not-54307 avia_image' src=\"https:\/\/radiorevelacionfm.cl\/wp-content\/uploads\/2025\/05\/Instaladores-electricos1-1-1.jpeg\" alt='' title='Instaladores el\u00e9ctricos1 (1) (1)' height=\"600\" width=\"800\"  itemprop=\"thumbnailUrl\" srcset=\"https:\/\/radiorevelacionfm.cl\/wp-content\/uploads\/2025\/05\/Instaladores-electricos1-1-1.jpeg 800w, https:\/\/radiorevelacionfm.cl\/wp-content\/uploads\/2025\/05\/Instaladores-electricos1-1-1-300x225.jpeg 300w, https:\/\/radiorevelacionfm.cl\/wp-content\/uploads\/2025\/05\/Instaladores-electricos1-1-1-768x576.jpeg 768w, https:\/\/radiorevelacionfm.cl\/wp-content\/uploads\/2025\/05\/Instaladores-electricos1-1-1-705x529.jpeg 705w, https:\/\/radiorevelacionfm.cl\/wp-content\/uploads\/2025\/05\/Instaladores-electricos1-1-1-450x338.jpeg 450w, https:\/\/radiorevelacionfm.cl\/wp-content\/uploads\/2025\/05\/Instaladores-electricos1-1-1-600x450.jpeg 600w\" sizes=\"(max-width: 800px) 100vw, 800px\" \/><\/div><\/div><\/div><\/div><div class=\"flex_column av_one_full  flex_column_div av-zero-column-padding first  avia-builder-el-2  el_after_av_one_full  el_before_av_one_full  column-top-margin\" style='border-radius:0px; '><section class=\"av_textblock_section \"  itemscope=\"itemscope\" itemtype=\"https:\/\/schema.org\/BlogPosting\" itemprop=\"blogPost\" ><div class='avia_textblock  '   itemprop=\"text\" ><p style=\"text-align: center;\"><strong><span style=\"font-size: 18pt;\">Edelaysen capacita a instaladores el\u00e9ctricos de la Regi\u00f3n de Ays\u00e9n para fortalecer su labor en terreno<\/span><\/strong><\/p>\n<div id=\"gtx-trans\" style=\"position: absolute; left: -50px; top: 4.31534px;\">\n<div class=\"gtx-trans-icon\"><\/div>\n<\/div>\n<\/div><\/section><\/div><div class=\"flex_column av_one_full  flex_column_div av-zero-column-padding first  avia-builder-el-4  el_after_av_one_full  el_before_av_hr  column-top-margin\" style='border-radius:0px; '><section class=\"av_textblock_section \"  itemscope=\"itemscope\" itemtype=\"https:\/\/schema.org\/BlogPosting\" itemprop=\"blogPost\" ><div class='avia_textblock  '   itemprop=\"text\" ><p style=\"text-align: justify;\"><em>La jornada reuni\u00f3 a profesionales de distintas comunas, con el objetivo de entregar herramientas t\u00e9cnicas que permitan entregar un mejor servicio a la comunidad.\u00a0<\/em><\/p>\n<p style=\"text-align: justify;\">Desde la C\u00e1mara Chilena de la Construcci\u00f3n en Coyhaique, la el\u00e9ctrica llev\u00f3 a cabo una jornada de capacitaci\u00f3n dirigida a instaladores el\u00e9ctricos autorizados de diversas comunas de la Regi\u00f3n de Ays\u00e9n, con el prop\u00f3sito de reforzar su labor diaria mediante la entrega de contenidos t\u00e9cnicos y comerciales actualizados.<\/p>\n<p style=\"text-align: justify;\">Durante el encuentro se abordaron tem\u00e1ticas relevantes como empalmes el\u00e9ctricos, actualizaci\u00f3n de normativas, digitalizaci\u00f3n de procesos y el uso de la Oficina Virtual de la empresa. Estas instancias permitieron no solo actualizar conocimientos, sino tambi\u00e9n generar un valioso espacio de intercambio de experiencias entre los participantes, enfocado en mejorar la atenci\u00f3n y el servicio que se brinda a los clientes.<\/p>\n<p style=\"text-align: justify;\">Manuel Subiabre, ejecutivo de Edelaysen destac\u00f3 que: \u201cQuisimos entregar esta capacitaci\u00f3n a los instaladores de la regi\u00f3n aportando a su desarrollo profesional. Ellos participaron con hartas ganas, se not\u00f3 el entusiasmo de venir. Pudimos conocer sus inquietudes y esperamos repetir esta instancia\u201d.<\/p>\n<p style=\"text-align: justify;\">Por su parte, Esteban Pino ingeniero el\u00e9ctrico independiente agreg\u00f3 que: \u201cEn definitiva siempre es bueno que estas jornadas se den porque en el fondo las personas que tramitamos y gestionamos conexiones en la empresa, siempre hay inquietudes que se pueden dar en todo nivel, por tanto, como responsabilidad del instalador, del cliente o de la compa\u00f1\u00eda. Y siempre surgen este tipo de conversaciones, lo importante es materializar las inquietudes en la resoluci\u00f3n de forma concreta y por lo que se ve esperamos que en noviembre se puedan ir dando ese tipo de resoluciones. Lo que se coment\u00f3 ac\u00e1 principalmente fueron los seguimientos en las conexiones, criterios de rechazo que es importante tenerlos presentes. Siempre ser\u00e1n buenas estas instancias y agradecido del tiempo de cada uno de los expositores\u201d.<\/p>\n<p style=\"text-align: justify;\">Desde Edelaysen destacaron la participaci\u00f3n activa de los instaladores asistentes, destacando que la resoluci\u00f3n de dudas y el fortalecimiento conjunto son fundamentales para avanzar hacia un servicio el\u00e9ctrico m\u00e1s \u00e1gil, seguro y cercano en la regi\u00f3n.<\/p>\n<p style=\"text-align: justify;\"><strong>\u00a0<\/strong><\/p>\n<p style=\"text-align: justify;\"><strong>\u00a0<\/strong><\/p>\n<p style=\"text-align: justify;\"><strong>\u00a0<\/strong><\/p>\n<p style=\"text-align: justify;\"><strong>\u00a0<\/strong><\/p>\n<\/div><\/section><\/div><div  style='height:50px' class='hr hr-invisible   avia-builder-el-6  el_after_av_one_full  el_before_av_social_share '><span class='hr-inner ' ><span class='hr-inner-style'><\/span><\/span><\/div><\/p>\n<div  class='av-social-sharing-box  avia-builder-el-7  el_after_av_hr  el_before_av_hr  '><div class='av-share-box'><h5 class='av-share-link-description av-no-toc '>Compartir esta noticia<\/h5><ul class='av-share-box-list noLightbox'><li class='av-share-link av-social-link-facebook' ><a target=\"_blank\" aria-label=\"Compartir en Facebook\" href='https:\/\/www.facebook.com\/sharer.php?u=https:\/\/radiorevelacionfm.cl\/?p=54306&#038;t=Edelaysen%20capacita%20a%20instaladores%20el%C3%A9ctricos%20de%20la%20Regi%C3%B3n%20de%20Ays%C3%A9n%20para%20fortalecer%20su%20labor%20en%20terreno' aria-hidden='false' data-av_icon='\ue8f3' data-av_iconfont='entypo-fontello' title='' data-avia-related-tooltip='Compartir en Facebook' rel=\"noopener\"><span class='avia_hidden_link_text'>Compartir en Facebook<\/span><\/a><\/li><li class='av-share-link av-social-link-twitter' ><a target=\"_blank\" aria-label=\"Compartir en Twitter\" href='https:\/\/twitter.com\/share?text=Edelaysen%20capacita%20a%20instaladores%20el%C3%A9ctricos%20de%20la%20Regi%C3%B3n%20de%20Ays%C3%A9n%20para%20fortalecer%20su%20labor%20en%20terreno&#038;url=https:\/\/radiorevelacionfm.cl\/?p=54306' aria-hidden='false' data-av_icon='\ue8f1' data-av_iconfont='entypo-fontello' title='' data-avia-related-tooltip='Compartir en Twitter' rel=\"noopener\"><span class='avia_hidden_link_text'>Compartir en Twitter<\/span><\/a><\/li><li class='av-share-link av-social-link-whatsapp' ><a target=\"_blank\" aria-label=\"Compartir en Whatsapp\" href='https:\/\/api.whatsapp.com\/send?text=https:\/\/radiorevelacionfm.cl\/?p=54306' aria-hidden='false' data-av_icon='\uf232' data-av_iconfont='entypo-fontello' title='' data-avia-related-tooltip='Compartir en Whatsapp' rel=\"noopener\"><span class='avia_hidden_link_text'>Compartir en Whatsapp<\/span><\/a><\/li><li class='av-share-link av-social-link-linkedin' ><a target=\"_blank\" aria-label=\"Compartir en LinkedIn\" href='https:\/\/linkedin.com\/shareArticle?mini=true&#038;title=Edelaysen%20capacita%20a%20instaladores%20el%C3%A9ctricos%20de%20la%20Regi%C3%B3n%20de%20Ays%C3%A9n%20para%20fortalecer%20su%20labor%20en%20terreno&#038;url=https:\/\/radiorevelacionfm.cl\/?p=54306' aria-hidden='false' data-av_icon='\ue8fc' data-av_iconfont='entypo-fontello' title='' data-avia-related-tooltip='Compartir en LinkedIn' rel=\"noopener\"><span class='avia_hidden_link_text'>Compartir en LinkedIn<\/span><\/a><\/li><li class='av-share-link av-social-link-mail' ><a  aria-label=\"Compartir por correo\" href='mailto:?subject=Edelaysen%20capacita%20a%20instaladores%20el%C3%A9ctricos%20de%20la%20Regi%C3%B3n%20de%20Ays%C3%A9n%20para%20fortalecer%20su%20labor%20en%20terreno&#038;body=https:\/\/radiorevelacionfm.cl\/?p=54306' aria-hidden='false' data-av_icon='\ue805' data-av_iconfont='entypo-fontello' title='' data-avia-related-tooltip='Compartir por correo'><span class='avia_hidden_link_text'>Compartir por correo<\/span><\/a><\/li><\/ul><\/div><\/div>\n<div  style='height:50px' class='hr hr-invisible   avia-builder-el-8  el_after_av_social_share  el_before_av_comments_list '><span class='hr-inner ' ><span class='hr-inner-style'><\/span><\/span><\/div>\n<div  class='av-buildercomment  av-blog-meta-html-info-disabled av-blog-meta-tag-disabled  '><\/div>\n","protected":false},"excerpt":{"rendered":"","protected":false},"author":1,"featured_media":54307,"comment_status":"closed","ping_status":"closed","sticky":false,"template":"","format":"standard","meta":{"footnotes":""},"categories":[38],"tags":[],"class_list":["post-54306","post","type-post","status-publish","format-standard","has-post-thumbnail","hentry","category-regional"],"jetpack_featured_media_url":"https:\/\/radiorevelacionfm.cl\/wp-content\/uploads\/2025\/05\/Instaladores-electricos1-1-1.jpeg","_links":{"self":[{"href":"https:\/\/radiorevelacionfm.cl\/index.php?rest_route=\/wp\/v2\/posts\/54306","targetHints":{"allow":["GET"]}}],"collection":[{"href":"https:\/\/radiorevelacionfm.cl\/index.php?rest_route=\/wp\/v2\/posts"}],"about":[{"href":"https:\/\/radiorevelacionfm.cl\/index.php?rest_route=\/wp\/v2\/types\/post"}],"author":[{"embeddable":true,"href":"https:\/\/radiorevelacionfm.cl\/index.php?rest_route=\/wp\/v2\/users\/1"}],"replies":[{"embeddable":true,"href":"https:\/\/radiorevelacionfm.cl\/index.php?rest_route=%2Fwp%2Fv2%2Fcomments&post=54306"}],"version-history":[{"count":2,"href":"https:\/\/radiorevelacionfm.cl\/index.php?rest_route=\/wp\/v2\/posts\/54306\/revisions"}],"predecessor-version":[{"id":54309,"href":"https:\/\/radiorevelacionfm.cl\/index.php?rest_route=\/wp\/v2\/posts\/54306\/revisions\/54309"}],"wp:featuredmedia":[{"embeddable":true,"href":"https:\/\/radiorevelacionfm.cl\/index.php?rest_route=\/wp\/v2\/media\/54307"}],"wp:attachment":[{"href":"https:\/\/radiorevelacionfm.cl\/index.php?rest_route=%2Fwp%2Fv2%2Fmedia&parent=54306"}],"wp:term":[{"taxonomy":"category","embeddable":true,"href":"https:\/\/radiorevelacionfm.cl\/index.php?rest_route=%2Fwp%2Fv2%2Fcategories&post=54306"},{"taxonomy":"post_tag","embeddable":true,"href":"https:\/\/radiorevelacionfm.cl\/index.php?rest_route=%2Fwp%2Fv2%2Ftags&post=54306"}],"curies":[{"name":"wp","href":"https:\/\/api.w.org\/{rel}","templated":true}]}}