{"id":54301,"date":"2025-05-23T09:55:50","date_gmt":"2025-05-23T12:55:50","guid":{"rendered":"https:\/\/radiorevelacionfm.cl\/?p=54301"},"modified":"2025-05-23T09:55:50","modified_gmt":"2025-05-23T12:55:50","slug":"concejal-vera-solicita-consulta-ciudadana-vinculante-ante-proyecto-de-peatonalizacion-de-calle-condell","status":"publish","type":"post","link":"https:\/\/radiorevelacionfm.cl\/?p=54301","title":{"rendered":"Concejal Vera solicita Consulta Ciudadana Vinculante ante proyecto de peatonalizaci\u00f3n de calle Condell"},"content":{"rendered":"<div class=\"flex_column av_one_full  flex_column_div av-zero-column-padding first  avia-builder-el-0  el_before_av_one_full  avia-builder-el-first  \" style='border-radius:0px; '><div  class='avia-image-container  av-styling-    avia-builder-el-1  avia-builder-el-no-sibling  avia-align-center '  itemprop=\"image\" itemscope=\"itemscope\" itemtype=\"https:\/\/schema.org\/ImageObject\"  ><div class='avia-image-container-inner'><div class='avia-image-overlay-wrap'><img decoding=\"async\" class='wp-image-54302 avia-img-lazy-loading-not-54302 avia_image' src=\"https:\/\/radiorevelacionfm.cl\/wp-content\/uploads\/2025\/05\/calle-condell-1_optimized.jpg\" alt='' title='calle-condell-(1)_optimized' height=\"600\" width=\"1003\"  itemprop=\"thumbnailUrl\" srcset=\"https:\/\/radiorevelacionfm.cl\/wp-content\/uploads\/2025\/05\/calle-condell-1_optimized.jpg 1003w, https:\/\/radiorevelacionfm.cl\/wp-content\/uploads\/2025\/05\/calle-condell-1_optimized-300x179.jpg 300w, https:\/\/radiorevelacionfm.cl\/wp-content\/uploads\/2025\/05\/calle-condell-1_optimized-768x459.jpg 768w, https:\/\/radiorevelacionfm.cl\/wp-content\/uploads\/2025\/05\/calle-condell-1_optimized-705x422.jpg 705w, https:\/\/radiorevelacionfm.cl\/wp-content\/uploads\/2025\/05\/calle-condell-1_optimized-450x269.jpg 450w, https:\/\/radiorevelacionfm.cl\/wp-content\/uploads\/2025\/05\/calle-condell-1_optimized-600x359.jpg 600w\" sizes=\"(max-width: 1003px) 100vw, 1003px\" \/><\/div><\/div><\/div><\/div><div class=\"flex_column av_one_full  flex_column_div av-zero-column-padding first  avia-builder-el-2  el_after_av_one_full  el_before_av_one_full  column-top-margin\" style='border-radius:0px; '><section class=\"av_textblock_section \"  itemscope=\"itemscope\" itemtype=\"https:\/\/schema.org\/BlogPosting\" itemprop=\"blogPost\" ><div class='avia_textblock  '   itemprop=\"text\" ><p style=\"text-align: center;\"><strong><span style=\"font-size: 18pt;\">Concejal Vera solicita Consulta Ciudadana Vinculante ante proyecto de peatonalizaci\u00f3n de calle Condell<\/span><\/strong><\/p>\n<div id=\"gtx-trans\" style=\"position: absolute; left: -50px; top: 4.31534px;\">\n<div class=\"gtx-trans-icon\"><\/div>\n<\/div>\n<\/div><\/section><\/div><div class=\"flex_column av_one_full  flex_column_div av-zero-column-padding first  avia-builder-el-4  el_after_av_one_full  el_before_av_hr  column-top-margin\" style='border-radius:0px; '><section class=\"av_textblock_section \"  itemscope=\"itemscope\" itemtype=\"https:\/\/schema.org\/BlogPosting\" itemprop=\"blogPost\" ><div class='avia_textblock  '   itemprop=\"text\" ><p style=\"text-align: justify;\"><em>Durante la Sesi\u00f3n de Concejo N\u00b0 18 del 22 de mayo de 2025, el edil expuso las preocupaciones de comerciantes y pidi\u00f3 una participaci\u00f3n ciudadana real antes de avanzar en decisiones que impactan directamente al barrio.<\/em><\/p>\n<p style=\"text-align: justify;\">En el marco de la Sesi\u00f3n de Concejo Municipal N\u00b0 18, realizada el mi\u00e9rcoles 22 de mayo, el concejal Sebasti\u00e1n Vera present\u00f3 una solicitud formal al Alcalde para que se convoque a una consulta ciudadana actualizada, representativa y vinculante sobre la eventual peatonalizaci\u00f3n de calle Condell.<\/p>\n<p style=\"text-align: justify;\">La petici\u00f3n surge a partir de las aprehensiones planteadas por comerciantes del sector, quienes participaron en una reciente reuni\u00f3n con el Alcalde y expresaron preocupaci\u00f3n por el impacto que podr\u00eda tener el proyecto en su actividad econ\u00f3mica. Uno de los puntos cr\u00edticos es la posibilidad de que se instalen ferias de artesanos de forma temporal en la calle, lo que \u2014seg\u00fan experiencias anteriores\u2014 podr\u00eda transformarse en una ocupaci\u00f3n permanente del espacio p\u00fablico.<\/p>\n<p style=\"text-align: justify;\">Si bien estas situaciones a\u00fan no se han materializado, existe desconfianza en el cumplimiento del plan de contingencia de dos a\u00f1os propuesto. Adem\u00e1s, se plante\u00f3 que los artesanos no estar\u00edan dispuestos a trasladarse al nuevo edificio contemplado por el proyecto, lo que aumenta la incertidumbre entre los locatarios.<\/p>\n<p style=\"text-align: justify;\">Como alternativa, los comerciantes sugieren que, si es necesaria una reubicaci\u00f3n temporal, esta se realice en la plaza del sector, lo que permitir\u00eda una implementaci\u00f3n m\u00e1s ordenada y limitada en el tiempo.<\/p>\n<p style=\"text-align: justify;\">\u00abQueremos dejar en claro que nadie est\u00e1 en contra del desarrollo ni de mejorar los espacios p\u00fablicos. Todo lo contrario: valoramos el trabajo de planificaci\u00f3n urbana y el esfuerzo por construir una ciudad con visi\u00f3n de futuro\u00bb, afirm\u00f3 el concejal Sebasti\u00e1n Vera.<br \/>\n\u00abPero ese crecimiento debe hacerse con los pies en la tierra, escuchando a quienes viven y trabajan aqu\u00ed, y cuidando que las decisiones no terminen afectando a\u00fan m\u00e1s a quienes hoy ya enfrentan una realidad econ\u00f3mica compleja\u00bb, agreg\u00f3.<\/p>\n<p style=\"text-align: justify;\">Vera tambi\u00e9n cuestion\u00f3 la base participativa del proyecto, recordando que las consultas ciudadanas que lo respaldan datan de 2006 y 2012, lo que a su juicio no refleja el contexto actual. En este sentido, cit\u00f3 un reciente estudio de la C\u00e1mara Chilena de la Construcci\u00f3n, donde solo un 10,8% de los encuestados (222 personas) declar\u00f3 priorizar la creaci\u00f3n de un paseo peatonal en esa zona.<\/p>\n<p style=\"text-align: justify;\">\u00abUna intervenci\u00f3n de esta magnitud no puede ejecutarse sin el respaldo directo de la comunidad. Por eso pedimos una consulta ciudadana vinculante, transparente y actual. La participaci\u00f3n no debe ser un tr\u00e1mite, sino un eje central en la toma de decisiones\u00bb, concluy\u00f3 el concejal.<\/p>\n<p style=\"text-align: justify;\">Con esta propuesta, el edil busca garantizar que el proceso avance con legitimidad, asegurando que las transformaciones urbanas respondan a una visi\u00f3n compartida entre autoridades, vecinos y comerciantes del territorio.<\/p>\n<\/div><\/section><\/div><div  style='height:50px' class='hr hr-invisible   avia-builder-el-6  el_after_av_one_full  el_before_av_social_share '><span class='hr-inner ' ><span class='hr-inner-style'><\/span><\/span><\/div><\/p>\n<div  class='av-social-sharing-box  avia-builder-el-7  el_after_av_hr  el_before_av_hr  '><div class='av-share-box'><h5 class='av-share-link-description av-no-toc '>Compartir esta noticia<\/h5><ul class='av-share-box-list noLightbox'><li class='av-share-link av-social-link-facebook' ><a target=\"_blank\" aria-label=\"Compartir en Facebook\" href='https:\/\/www.facebook.com\/sharer.php?u=https:\/\/radiorevelacionfm.cl\/?p=54301&#038;t=Concejal%20Vera%20solicita%20Consulta%20Ciudadana%20Vinculante%20ante%20proyecto%20de%20peatonalizaci%C3%B3n%20de%20calle%20Condell' aria-hidden='false' data-av_icon='\ue8f3' data-av_iconfont='entypo-fontello' title='' data-avia-related-tooltip='Compartir en Facebook' rel=\"noopener\"><span class='avia_hidden_link_text'>Compartir en Facebook<\/span><\/a><\/li><li class='av-share-link av-social-link-twitter' ><a target=\"_blank\" aria-label=\"Compartir en Twitter\" href='https:\/\/twitter.com\/share?text=Concejal%20Vera%20solicita%20Consulta%20Ciudadana%20Vinculante%20ante%20proyecto%20de%20peatonalizaci%C3%B3n%20de%20calle%20Condell&#038;url=https:\/\/radiorevelacionfm.cl\/?p=54301' aria-hidden='false' data-av_icon='\ue8f1' data-av_iconfont='entypo-fontello' title='' data-avia-related-tooltip='Compartir en Twitter' rel=\"noopener\"><span class='avia_hidden_link_text'>Compartir en Twitter<\/span><\/a><\/li><li class='av-share-link av-social-link-whatsapp' ><a target=\"_blank\" aria-label=\"Compartir en Whatsapp\" href='https:\/\/api.whatsapp.com\/send?text=https:\/\/radiorevelacionfm.cl\/?p=54301' aria-hidden='false' data-av_icon='\uf232' data-av_iconfont='entypo-fontello' title='' data-avia-related-tooltip='Compartir en Whatsapp' rel=\"noopener\"><span class='avia_hidden_link_text'>Compartir en Whatsapp<\/span><\/a><\/li><li class='av-share-link av-social-link-linkedin' ><a target=\"_blank\" aria-label=\"Compartir en LinkedIn\" href='https:\/\/linkedin.com\/shareArticle?mini=true&#038;title=Concejal%20Vera%20solicita%20Consulta%20Ciudadana%20Vinculante%20ante%20proyecto%20de%20peatonalizaci%C3%B3n%20de%20calle%20Condell&#038;url=https:\/\/radiorevelacionfm.cl\/?p=54301' aria-hidden='false' data-av_icon='\ue8fc' data-av_iconfont='entypo-fontello' title='' data-avia-related-tooltip='Compartir en LinkedIn' rel=\"noopener\"><span class='avia_hidden_link_text'>Compartir en LinkedIn<\/span><\/a><\/li><li class='av-share-link av-social-link-mail' ><a  aria-label=\"Compartir por correo\" href='mailto:?subject=Concejal%20Vera%20solicita%20Consulta%20Ciudadana%20Vinculante%20ante%20proyecto%20de%20peatonalizaci%C3%B3n%20de%20calle%20Condell&#038;body=https:\/\/radiorevelacionfm.cl\/?p=54301' aria-hidden='false' data-av_icon='\ue805' data-av_iconfont='entypo-fontello' title='' data-avia-related-tooltip='Compartir por correo'><span class='avia_hidden_link_text'>Compartir por correo<\/span><\/a><\/li><\/ul><\/div><\/div>\n<div  style='height:50px' class='hr hr-invisible   avia-builder-el-8  el_after_av_social_share  el_before_av_comments_list '><span class='hr-inner ' ><span class='hr-inner-style'><\/span><\/span><\/div>\n<div  class='av-buildercomment  av-blog-meta-html-info-disabled av-blog-meta-tag-disabled  '><\/div>\n","protected":false},"excerpt":{"rendered":"","protected":false},"author":1,"featured_media":54302,"comment_status":"closed","ping_status":"closed","sticky":false,"template":"","format":"standard","meta":{"footnotes":""},"categories":[38],"tags":[],"class_list":["post-54301","post","type-post","status-publish","format-standard","has-post-thumbnail","hentry","category-regional"],"jetpack_featured_media_url":"https:\/\/radiorevelacionfm.cl\/wp-content\/uploads\/2025\/05\/calle-condell-1_optimized.jpg","_links":{"self":[{"href":"https:\/\/radiorevelacionfm.cl\/index.php?rest_route=\/wp\/v2\/posts\/54301","targetHints":{"allow":["GET"]}}],"collection":[{"href":"https:\/\/radiorevelacionfm.cl\/index.php?rest_route=\/wp\/v2\/posts"}],"about":[{"href":"https:\/\/radiorevelacionfm.cl\/index.php?rest_route=\/wp\/v2\/types\/post"}],"author":[{"embeddable":true,"href":"https:\/\/radiorevelacionfm.cl\/index.php?rest_route=\/wp\/v2\/users\/1"}],"replies":[{"embeddable":true,"href":"https:\/\/radiorevelacionfm.cl\/index.php?rest_route=%2Fwp%2Fv2%2Fcomments&post=54301"}],"version-history":[{"count":2,"href":"https:\/\/radiorevelacionfm.cl\/index.php?rest_route=\/wp\/v2\/posts\/54301\/revisions"}],"predecessor-version":[{"id":54305,"href":"https:\/\/radiorevelacionfm.cl\/index.php?rest_route=\/wp\/v2\/posts\/54301\/revisions\/54305"}],"wp:featuredmedia":[{"embeddable":true,"href":"https:\/\/radiorevelacionfm.cl\/index.php?rest_route=\/wp\/v2\/media\/54302"}],"wp:attachment":[{"href":"https:\/\/radiorevelacionfm.cl\/index.php?rest_route=%2Fwp%2Fv2%2Fmedia&parent=54301"}],"wp:term":[{"taxonomy":"category","embeddable":true,"href":"https:\/\/radiorevelacionfm.cl\/index.php?rest_route=%2Fwp%2Fv2%2Fcategories&post=54301"},{"taxonomy":"post_tag","embeddable":true,"href":"https:\/\/radiorevelacionfm.cl\/index.php?rest_route=%2Fwp%2Fv2%2Ftags&post=54301"}],"curies":[{"name":"wp","href":"https:\/\/api.w.org\/{rel}","templated":true}]}}