{"id":54292,"date":"2025-05-23T12:18:32","date_gmt":"2025-05-23T15:18:32","guid":{"rendered":"https:\/\/radiorevelacionfm.cl\/?p=54292"},"modified":"2025-05-23T12:18:32","modified_gmt":"2025-05-23T15:18:32","slug":"reforma-de-pensiones-ya-comenzo-a-operar-el-seguro-de-lagunas-previsionales","status":"publish","type":"post","link":"https:\/\/radiorevelacionfm.cl\/?p=54292","title":{"rendered":"Reforma de Pensiones: ya comenz\u00f3 a operar el Seguro de Lagunas Previsionales"},"content":{"rendered":"<div class=\"flex_column av_one_full  flex_column_div av-zero-column-padding first  avia-builder-el-0  el_before_av_one_full  avia-builder-el-first  \" style='border-radius:0px; '><div  class='avia-image-container  av-styling-    avia-builder-el-1  avia-builder-el-no-sibling  avia-align-center '  itemprop=\"image\" itemscope=\"itemscope\" itemtype=\"https:\/\/schema.org\/ImageObject\"  ><div class='avia-image-container-inner'><div class='avia-image-overlay-wrap'><img decoding=\"async\" class='wp-image-54293 avia-img-lazy-loading-not-54293 avia_image' src=\"https:\/\/radiorevelacionfm.cl\/wp-content\/uploads\/2025\/05\/reforma_pensiones_segurolagunasprev-6-1_optimized-1.jpeg\" alt='' title='reforma_pensiones_segurolagunasprev-(6)-(1)_optimized (1)' height=\"600\" width=\"1034\"  itemprop=\"thumbnailUrl\" srcset=\"https:\/\/radiorevelacionfm.cl\/wp-content\/uploads\/2025\/05\/reforma_pensiones_segurolagunasprev-6-1_optimized-1.jpeg 1034w, https:\/\/radiorevelacionfm.cl\/wp-content\/uploads\/2025\/05\/reforma_pensiones_segurolagunasprev-6-1_optimized-1-300x174.jpeg 300w, https:\/\/radiorevelacionfm.cl\/wp-content\/uploads\/2025\/05\/reforma_pensiones_segurolagunasprev-6-1_optimized-1-1030x598.jpeg 1030w, https:\/\/radiorevelacionfm.cl\/wp-content\/uploads\/2025\/05\/reforma_pensiones_segurolagunasprev-6-1_optimized-1-768x446.jpeg 768w, https:\/\/radiorevelacionfm.cl\/wp-content\/uploads\/2025\/05\/reforma_pensiones_segurolagunasprev-6-1_optimized-1-705x409.jpeg 705w, https:\/\/radiorevelacionfm.cl\/wp-content\/uploads\/2025\/05\/reforma_pensiones_segurolagunasprev-6-1_optimized-1-450x261.jpeg 450w, https:\/\/radiorevelacionfm.cl\/wp-content\/uploads\/2025\/05\/reforma_pensiones_segurolagunasprev-6-1_optimized-1-600x348.jpeg 600w\" sizes=\"(max-width: 1034px) 100vw, 1034px\" \/><\/div><\/div><\/div><\/div><div class=\"flex_column av_one_full  flex_column_div av-zero-column-padding first  avia-builder-el-2  el_after_av_one_full  el_before_av_one_full  column-top-margin\" style='border-radius:0px; '><section class=\"av_textblock_section \"  itemscope=\"itemscope\" itemtype=\"https:\/\/schema.org\/BlogPosting\" itemprop=\"blogPost\" ><div class='avia_textblock  '   itemprop=\"text\" ><p style=\"text-align: center;\"><span style=\"font-size: 18pt;\"><strong>Reforma de Pensiones: ya comenz\u00f3 a operar el Seguro de Lagunas Previsionales<\/strong><\/span><\/p>\n<div id=\"gtx-trans\" style=\"position: absolute; left: -50px; top: 4.31534px;\">\n<div class=\"gtx-trans-icon\"><\/div>\n<\/div>\n<\/div><\/section><\/div><div class=\"flex_column av_one_full  flex_column_div av-zero-column-padding first  avia-builder-el-4  el_after_av_one_full  el_before_av_hr  column-top-margin\" style='border-radius:0px; '><section class=\"av_textblock_section \"  itemscope=\"itemscope\" itemtype=\"https:\/\/schema.org\/BlogPosting\" itemprop=\"blogPost\" ><div class='avia_textblock  '   itemprop=\"text\" ><ul>\n<li style=\"text-align: justify;\"><em>Las Seremi de Gobierno y de Trabajo y Previsi\u00f3n Social entregaron detalles de la entrada en vigencia de este seguro que tiene como prop\u00f3sito mantener la densidad de cotizaciones previsionales en periodos de cesant\u00eda, lo que permitir\u00e1 garantizar una mejor pensi\u00f3n futura.<\/em><\/li>\n<\/ul>\n<p style=\"text-align: justify;\">En un punto de prensa realizado en dependencias de la Secretar\u00eda Regional General de Gobierno, las Seremi de Trabajo y Previsi\u00f3n Social, Camila Covarrubias y de Gobierno, \u00darsula Mix, dieron a conocer la implementaci\u00f3n de la Ley 21.735 de Reforma de Pensiones, informando de la entrada en vigencia del Seguro de Lagunas Previsionales, primer beneficio de la reforma previsional publicada en el Diario Oficial en marzo de 2025, adem\u00e1s de otros plazos de la norma.<\/p>\n<p style=\"text-align: justify;\">El Seguro de Lagunas Previsionales tiene como prop\u00f3sito mantener la densidad de cotizaciones en periodos de cesant\u00eda y, de esa forma, incrementar el ahorro previsional, mejorando las pensiones futuras de los cotizantes. As\u00ed, los beneficiarios del Seguro de Cesant\u00eda con cargo a la Cuenta Individual de Cesant\u00eda (CIC) tambi\u00e9n podr\u00e1n contar con el pago autom\u00e1tico de su cotizaci\u00f3n para pensi\u00f3n que ser\u00e1 financiada por el Fondo de Cesant\u00eda Solidario (FCS). En ese marco, todos los afiliados desempleados que reciban prestaciones del Seguro de Cesant\u00eda, cualquiera sea su fondo de financiamiento (CIC o FCS), tendr\u00e1n cubiertas sus cotizaciones en la cuenta de capitalizaci\u00f3n individual de pensi\u00f3n.<\/p>\n<p style=\"text-align: justify;\">La Seremi de Gobierno, \u00darsula Mix, destac\u00f3 el avance que significa esta reforma, la m\u00e1s significativa desde la d\u00e9cada del \u00b480 y que beneficiar\u00e1 a m\u00e1s de 13 mil pensionados en la Regi\u00f3n de Ays\u00e9n, \u201cDespu\u00e9s de 10 a\u00f1os de discusi\u00f3n en el Parlamento, fue aprobada la Reforma Previsional que reincorpora el aporte de parte del empleador y est\u00e1 mejorando las condiciones de nuestros futuros y actuales jubilados. Su primera medida se est\u00e1 aplicando ahora, desde el mes de mayo\u201d.<\/p>\n<p style=\"text-align: justify;\">\u201cEfectivamente, ahora en el mes de mayo comienza a regir el Seguro de Lagunas Previsionales. Esto contempla que quienes accedan a su seguro de cesant\u00eda van a poder seguir cotizando en sus cuentas individuales, protegiendo as\u00ed sus pensiones futuras. \u00bfEn qu\u00e9 se traduce esto en la regi\u00f3n? Es que entre febrero del 2024 y enero de 2025, cerca de 7.000 personas accedieron al seguro de cesant\u00eda y solo 2.000 de ellas que acced\u00edan al seguro de solidaridad, pod\u00edan seguir cotizando, hoy en d\u00eda las 7.000 personas van a poder seguir recibiendo su cotizaci\u00f3n. El seguro de lagunas previsionales es autom\u00e1tico y no descuenta fondos de la persona asegurada. Te seguiremos informando de la implementaci\u00f3n en nuestras redes sociales y en nuestro sitio web <a href=\"http:\/\/www.pensionasparachile.cl\">www.pensionasparachile.cl<\/a>\u201d.<\/p>\n<p style=\"text-align: justify;\">El Seguro de Lagunas establece un incremento gradual de su cobertura. Desde mayo hasta julio de 2025, el porcentaje de cotizaci\u00f3n ser\u00e1 equivalente al 10% del pago mensual que reciba el afiliado desde el Seguro de Cesant\u00eda. Y a partir de agosto de 2025, en tanto, este porcentaje subir\u00e1 al 10,10%, mientras que en agosto de 2027 pasar\u00e1 al 10,25%.<\/p>\n<p style=\"text-align: justify;\">As\u00ed, con la ampliaci\u00f3n del pago de cotizaciones a quienes acceden al Seguro de Cesant\u00eda financiado por sus cuentas individuales, se espera que los beneficiarios que ser\u00e1n cubiertos por el Seguro de Lagunas Previsionales se tripliquen, pasando de 395 mil a 1,4 millones de afiliados al a\u00f1o.<\/p>\n<p style=\"text-align: justify;\">Tal como mencion\u00f3 la Seremi Covarrubias, a este beneficio no se debe postular ni realizar ning\u00fan tr\u00e1mite adicional para cubrir el pago de sus cotizaciones para pensi\u00f3n. De forma autom\u00e1tica, la Administradora de Fondos de Cesant\u00eda (AFC) se encargar\u00e1 de traspasar el porcentaje de cotizaci\u00f3n legal desde el Fondo de Cesant\u00eda Solidario hacia la cuenta de capitalizaci\u00f3n individual de las administradoras de pensiones, el mismo d\u00eda de cada pago que se realice por concepto de Seguro de Cesant\u00eda.<\/p>\n<p style=\"text-align: justify;\">El Seguro de Lagunas Previsionales, adem\u00e1s, no utiliza los fondos de las cuentas individuales de los usuarios ni tampoco se descuenta de su beneficio de cesant\u00eda. Cabe recordar que el Fondo Solidario se financia con aportes de los empleadores y del Estado.<\/p>\n<p style=\"text-align: justify;\"><strong><u>Plazos e hitos de la Reforma Previsional<\/u><\/strong><\/p>\n<p style=\"text-align: justify;\">Cabe recordar que a la entrada en vigencia del Seguro de Lagunas Previsionales, se agregan tambi\u00e9n otros hitos de la implementaci\u00f3n de la reforma al sistema de pensiones.<\/p>\n<p style=\"text-align: justify;\">En el mes de agosto comienza la nueva cotizaci\u00f3n de cargo al empleador, con un 1% adicional que se ir\u00e1 incrementando gradualmente hasta alcanzar un 7% con un plazo de 9 a\u00f1os.<\/p>\n<p style=\"text-align: justify;\">En el mes de septiembre, en tanto, se reajustar\u00e1 la Pensi\u00f3n Garantizada Universal (PGU) a $250.000 para pensionados de 82 y m\u00e1s a\u00f1os, incluyendo a los beneficiarios de leyes reparatorias Rettig, Valech y exonerados.<\/p>\n<p style=\"text-align: justify;\">Mientras, en enero del 2026 comienza el pago de los beneficios del nuevo Seguro Social, incluyendo la Compensaci\u00f3n por A\u00f1os Cotizados y el Bono a mujeres por expectativas de vida.<\/p>\n<\/div><\/section><\/div><div  style='height:50px' class='hr hr-invisible   avia-builder-el-6  el_after_av_one_full  el_before_av_social_share '><span class='hr-inner ' ><span class='hr-inner-style'><\/span><\/span><\/div><\/p>\n<div  class='av-social-sharing-box  avia-builder-el-7  el_after_av_hr  el_before_av_hr  '><div class='av-share-box'><h5 class='av-share-link-description av-no-toc '>Compartir esta noticia<\/h5><ul class='av-share-box-list noLightbox'><li class='av-share-link av-social-link-facebook' ><a target=\"_blank\" aria-label=\"Compartir en Facebook\" href='https:\/\/www.facebook.com\/sharer.php?u=https:\/\/radiorevelacionfm.cl\/?p=54292&#038;t=Reforma%20de%20Pensiones%3A%20ya%20comenz%C3%B3%20a%20operar%20el%20Seguro%20de%20Lagunas%20Previsionales' aria-hidden='false' data-av_icon='\ue8f3' data-av_iconfont='entypo-fontello' title='' data-avia-related-tooltip='Compartir en Facebook' rel=\"noopener\"><span class='avia_hidden_link_text'>Compartir en Facebook<\/span><\/a><\/li><li class='av-share-link av-social-link-twitter' ><a target=\"_blank\" aria-label=\"Compartir en Twitter\" href='https:\/\/twitter.com\/share?text=Reforma%20de%20Pensiones%3A%20ya%20comenz%C3%B3%20a%20operar%20el%20Seguro%20de%20Lagunas%20Previsionales&#038;url=https:\/\/radiorevelacionfm.cl\/?p=54292' aria-hidden='false' data-av_icon='\ue8f1' data-av_iconfont='entypo-fontello' title='' data-avia-related-tooltip='Compartir en Twitter' rel=\"noopener\"><span class='avia_hidden_link_text'>Compartir en Twitter<\/span><\/a><\/li><li class='av-share-link av-social-link-whatsapp' ><a target=\"_blank\" aria-label=\"Compartir en Whatsapp\" href='https:\/\/api.whatsapp.com\/send?text=https:\/\/radiorevelacionfm.cl\/?p=54292' aria-hidden='false' data-av_icon='\uf232' data-av_iconfont='entypo-fontello' title='' data-avia-related-tooltip='Compartir en Whatsapp' rel=\"noopener\"><span class='avia_hidden_link_text'>Compartir en Whatsapp<\/span><\/a><\/li><li class='av-share-link av-social-link-linkedin' ><a target=\"_blank\" aria-label=\"Compartir en LinkedIn\" href='https:\/\/linkedin.com\/shareArticle?mini=true&#038;title=Reforma%20de%20Pensiones%3A%20ya%20comenz%C3%B3%20a%20operar%20el%20Seguro%20de%20Lagunas%20Previsionales&#038;url=https:\/\/radiorevelacionfm.cl\/?p=54292' aria-hidden='false' data-av_icon='\ue8fc' data-av_iconfont='entypo-fontello' title='' data-avia-related-tooltip='Compartir en LinkedIn' rel=\"noopener\"><span class='avia_hidden_link_text'>Compartir en LinkedIn<\/span><\/a><\/li><li class='av-share-link av-social-link-mail' ><a  aria-label=\"Compartir por correo\" href='mailto:?subject=Reforma%20de%20Pensiones%3A%20ya%20comenz%C3%B3%20a%20operar%20el%20Seguro%20de%20Lagunas%20Previsionales&#038;body=https:\/\/radiorevelacionfm.cl\/?p=54292' aria-hidden='false' data-av_icon='\ue805' data-av_iconfont='entypo-fontello' title='' data-avia-related-tooltip='Compartir por correo'><span class='avia_hidden_link_text'>Compartir por correo<\/span><\/a><\/li><\/ul><\/div><\/div>\n<div  style='height:50px' class='hr hr-invisible   avia-builder-el-8  el_after_av_social_share  el_before_av_comments_list '><span class='hr-inner ' ><span class='hr-inner-style'><\/span><\/span><\/div>\n<div  class='av-buildercomment  av-blog-meta-html-info-disabled av-blog-meta-tag-disabled  '><\/div>\n","protected":false},"excerpt":{"rendered":"","protected":false},"author":1,"featured_media":54293,"comment_status":"closed","ping_status":"closed","sticky":false,"template":"","format":"standard","meta":{"footnotes":""},"categories":[56],"tags":[],"class_list":["post-54292","post","type-post","status-publish","format-standard","has-post-thumbnail","hentry","category-trabajo"],"jetpack_featured_media_url":"https:\/\/radiorevelacionfm.cl\/wp-content\/uploads\/2025\/05\/reforma_pensiones_segurolagunasprev-6-1_optimized-1.jpeg","_links":{"self":[{"href":"https:\/\/radiorevelacionfm.cl\/index.php?rest_route=\/wp\/v2\/posts\/54292","targetHints":{"allow":["GET"]}}],"collection":[{"href":"https:\/\/radiorevelacionfm.cl\/index.php?rest_route=\/wp\/v2\/posts"}],"about":[{"href":"https:\/\/radiorevelacionfm.cl\/index.php?rest_route=\/wp\/v2\/types\/post"}],"author":[{"embeddable":true,"href":"https:\/\/radiorevelacionfm.cl\/index.php?rest_route=\/wp\/v2\/users\/1"}],"replies":[{"embeddable":true,"href":"https:\/\/radiorevelacionfm.cl\/index.php?rest_route=%2Fwp%2Fv2%2Fcomments&post=54292"}],"version-history":[{"count":2,"href":"https:\/\/radiorevelacionfm.cl\/index.php?rest_route=\/wp\/v2\/posts\/54292\/revisions"}],"predecessor-version":[{"id":54314,"href":"https:\/\/radiorevelacionfm.cl\/index.php?rest_route=\/wp\/v2\/posts\/54292\/revisions\/54314"}],"wp:featuredmedia":[{"embeddable":true,"href":"https:\/\/radiorevelacionfm.cl\/index.php?rest_route=\/wp\/v2\/media\/54293"}],"wp:attachment":[{"href":"https:\/\/radiorevelacionfm.cl\/index.php?rest_route=%2Fwp%2Fv2%2Fmedia&parent=54292"}],"wp:term":[{"taxonomy":"category","embeddable":true,"href":"https:\/\/radiorevelacionfm.cl\/index.php?rest_route=%2Fwp%2Fv2%2Fcategories&post=54292"},{"taxonomy":"post_tag","embeddable":true,"href":"https:\/\/radiorevelacionfm.cl\/index.php?rest_route=%2Fwp%2Fv2%2Ftags&post=54292"}],"curies":[{"name":"wp","href":"https:\/\/api.w.org\/{rel}","templated":true}]}}