{"id":5429,"date":"2021-06-18T11:17:08","date_gmt":"2021-06-18T14:17:08","guid":{"rendered":"https:\/\/radiorevelacionfm.cl\/?p=5429"},"modified":"2021-06-18T11:17:08","modified_gmt":"2021-06-18T14:17:08","slug":"diputado-calisto-por-feriado-de-pueblos-indigenas-estamos-de-a-poco-pagando-la-deuda-historica-de-reconocimiento-a-nuestros-pueblos-originarios","status":"publish","type":"post","link":"https:\/\/radiorevelacionfm.cl\/?p=5429","title":{"rendered":"Diputado Calisto por feriado de pueblos ind\u00edgenas \u201cEstamos de a poco pagando la deuda hist\u00f3rica de reconocimiento a nuestros pueblos originarios\u201d"},"content":{"rendered":"<div class=\"flex_column av_one_full  flex_column_div av-zero-column-padding first  avia-builder-el-0  el_before_av_one_full  avia-builder-el-first  \" style='border-radius:0px; '><div  class='avia-image-container  av-styling-    avia-builder-el-1  avia-builder-el-no-sibling  avia-align-center '  itemprop=\"image\" itemscope=\"itemscope\" itemtype=\"https:\/\/schema.org\/ImageObject\"  ><div class='avia-image-container-inner'><div class='avia-image-overlay-wrap'><img decoding=\"async\" class='wp-image-4602 avia-img-lazy-loading-not-4602 avia_image' src=\"https:\/\/radiorevelacionfm.cl\/wp-content\/uploads\/2021\/05\/CALISTO_ARCHIVO-PUEBLOS-ORIGINARIOS1-1.jpg\" alt='' title='CALISTO_ARCHIVO PUEBLOS ORIGINARIOS1 (1)' height=\"631\" width=\"959\"  itemprop=\"thumbnailUrl\" srcset=\"https:\/\/radiorevelacionfm.cl\/wp-content\/uploads\/2021\/05\/CALISTO_ARCHIVO-PUEBLOS-ORIGINARIOS1-1.jpg 959w, https:\/\/radiorevelacionfm.cl\/wp-content\/uploads\/2021\/05\/CALISTO_ARCHIVO-PUEBLOS-ORIGINARIOS1-1-300x197.jpg 300w, https:\/\/radiorevelacionfm.cl\/wp-content\/uploads\/2021\/05\/CALISTO_ARCHIVO-PUEBLOS-ORIGINARIOS1-1-768x505.jpg 768w, https:\/\/radiorevelacionfm.cl\/wp-content\/uploads\/2021\/05\/CALISTO_ARCHIVO-PUEBLOS-ORIGINARIOS1-1-705x464.jpg 705w, https:\/\/radiorevelacionfm.cl\/wp-content\/uploads\/2021\/05\/CALISTO_ARCHIVO-PUEBLOS-ORIGINARIOS1-1-600x395.jpg 600w\" sizes=\"(max-width: 959px) 100vw, 959px\" \/><\/div><\/div><\/div><\/div><div class=\"flex_column av_one_full  flex_column_div av-zero-column-padding first  avia-builder-el-2  el_after_av_one_full  el_before_av_one_full  column-top-margin\" style='border-radius:0px; '><section class=\"av_textblock_section \"  itemscope=\"itemscope\" itemtype=\"https:\/\/schema.org\/BlogPosting\" itemprop=\"blogPost\" ><div class='avia_textblock  '   itemprop=\"text\" ><p style=\"text-align: center;\"><strong><span style=\"font-size: 18pt;\">Diputado Calisto por feriado de pueblos ind\u00edgenas \u201cEstamos de a poco pagando la deuda hist\u00f3rica de reconocimiento a nuestros pueblos originarios\u201d<\/span><\/strong><\/p>\n<div id=\"gtx-trans\" style=\"position: absolute; left: -50px; top: 4.31534px;\">\n<div class=\"gtx-trans-icon\"><\/div>\n<\/div>\n<\/div><\/section><\/div><div class=\"flex_column av_one_full  flex_column_div av-zero-column-padding first  avia-builder-el-4  el_after_av_one_full  el_before_av_hr  column-top-margin\" style='border-radius:0px; '><section class=\"av_textblock_section \"  itemscope=\"itemscope\" itemtype=\"https:\/\/schema.org\/BlogPosting\" itemprop=\"blogPost\" ><div class='avia_textblock  '   itemprop=\"text\" ><p style=\"font-weight: 400; text-align: justify;\">Luego que la C\u00e1mara aprobara el proyecto que establece este lunes 21 como feriado para conmemorar el d\u00eda nacional de los pueblos ind\u00edgenas, el diputado Miguel \u00c1ngel Calisto resalt\u00f3 los alcances de este proyecto, asegurando que se trata del inicio del pago de una deuda hist\u00f3rica que exist\u00eda con nuestros pueblos originarios.<\/p>\n<p style=\"font-weight: 400; text-align: justify;\">Seg\u00fan el legislador, \u201caprobamos un proyecto muy importante, que declara un d\u00eda feriado para conmemorar a los pueblos originarios, claramente una deuda que ten\u00edamos como sociedad. Tomando en cuenta la situaci\u00f3n de este a\u00f1o, entendiendo que este domingo se genera el solsticio de invierno, la festividad se celebrar\u00e1 este lunes 21\u201d.<\/p>\n<p style=\"font-weight: 400; text-align: justify;\">\u201cEsto no solamente es en honor del pueblo Mapuche, que tiene una fuerte presencia en nuestra regi\u00f3n, sino de todas las comunidades ind\u00edgenas de nuestro pa\u00eds, Diaguita, Aymara, Rapa Nui, entre otras, que van a poder celebrar y conmemorar su festividad este 21 de junio\u201d, indic\u00f3.<\/p>\n<p style=\"font-weight: 400; text-align: justify;\">Calisto agreg\u00f3 que \u201cen el proyecto se mantiene el feriado del 12 de octubre, que en alg\u00fan minuto se cuestion\u00f3 si se manten\u00eda o no, como tambi\u00e9n la festividad de San Pedro y San Pablo como festividad religiosa, especialmente para los pescadores artesanales\u201d.<\/p>\n<p style=\"font-weight: 400; text-align: justify;\">Finalmente, el legislador asegur\u00f3 que \u201cestamos contentos con esta aprobaci\u00f3n y se est\u00e1 haciendo justicia. Estamos de a poco pagando la deuda hist\u00f3rica de reconocimiento de nuestros pueblos originarios, de nuestros propios or\u00edgenes como chilenos. Tenemos un pueblo plurinacional, por lo que tenemos que reconocer toda la diversidad que tenemos en nuestro territorio\u201d.<\/p>\n<\/div><\/section><\/div><div  style='height:50px' class='hr hr-invisible   avia-builder-el-6  el_after_av_one_full  el_before_av_social_share '><span class='hr-inner ' ><span class='hr-inner-style'><\/span><\/span><\/div><\/p>\n<div  class='av-social-sharing-box  avia-builder-el-7  el_after_av_hr  el_before_av_hr  '><div class='av-share-box'><h5 class='av-share-link-description av-no-toc '>Compartir esta noticia<\/h5><ul class='av-share-box-list noLightbox'><li class='av-share-link av-social-link-facebook' ><a target=\"_blank\" aria-label=\"Compartir en Facebook\" href='https:\/\/www.facebook.com\/sharer.php?u=https:\/\/radiorevelacionfm.cl\/?p=5429&#038;t=Diputado%20Calisto%20por%20feriado%20de%20pueblos%20ind%C3%ADgenas%20%E2%80%9CEstamos%20de%20a%20poco%20pagando%20la%20deuda%20hist%C3%B3rica%20de%20reconocimiento%20a%20nuestros%20pueblos%20originarios%E2%80%9D' aria-hidden='false' data-av_icon='\ue8f3' data-av_iconfont='entypo-fontello' title='' data-avia-related-tooltip='Compartir en Facebook' rel=\"noopener\"><span class='avia_hidden_link_text'>Compartir en Facebook<\/span><\/a><\/li><li class='av-share-link av-social-link-twitter' ><a target=\"_blank\" aria-label=\"Compartir en Twitter\" href='https:\/\/twitter.com\/share?text=Diputado%20Calisto%20por%20feriado%20de%20pueblos%20ind%C3%ADgenas%20%E2%80%9CEstamos%20de%20a%20poco%20pagando%20la%20deuda%20hist%C3%B3rica%20de%20reconocimiento%20a%20nuestros%20pueblos%20originarios%E2%80%9D&#038;url=https:\/\/radiorevelacionfm.cl\/?p=5429' aria-hidden='false' data-av_icon='\ue8f1' data-av_iconfont='entypo-fontello' title='' data-avia-related-tooltip='Compartir en Twitter' rel=\"noopener\"><span class='avia_hidden_link_text'>Compartir en Twitter<\/span><\/a><\/li><li class='av-share-link av-social-link-whatsapp' ><a target=\"_blank\" aria-label=\"Compartir en Whatsapp\" href='https:\/\/api.whatsapp.com\/send?text=https:\/\/radiorevelacionfm.cl\/?p=5429' aria-hidden='false' data-av_icon='\uf232' data-av_iconfont='entypo-fontello' title='' data-avia-related-tooltip='Compartir en Whatsapp' rel=\"noopener\"><span class='avia_hidden_link_text'>Compartir en Whatsapp<\/span><\/a><\/li><li class='av-share-link av-social-link-linkedin' ><a target=\"_blank\" aria-label=\"Compartir en LinkedIn\" href='https:\/\/linkedin.com\/shareArticle?mini=true&#038;title=Diputado%20Calisto%20por%20feriado%20de%20pueblos%20ind%C3%ADgenas%20%E2%80%9CEstamos%20de%20a%20poco%20pagando%20la%20deuda%20hist%C3%B3rica%20de%20reconocimiento%20a%20nuestros%20pueblos%20originarios%E2%80%9D&#038;url=https:\/\/radiorevelacionfm.cl\/?p=5429' aria-hidden='false' data-av_icon='\ue8fc' data-av_iconfont='entypo-fontello' title='' data-avia-related-tooltip='Compartir en LinkedIn' rel=\"noopener\"><span class='avia_hidden_link_text'>Compartir en LinkedIn<\/span><\/a><\/li><li class='av-share-link av-social-link-mail' ><a  aria-label=\"Compartir por correo\" href='mailto:?subject=Diputado%20Calisto%20por%20feriado%20de%20pueblos%20ind%C3%ADgenas%20%E2%80%9CEstamos%20de%20a%20poco%20pagando%20la%20deuda%20hist%C3%B3rica%20de%20reconocimiento%20a%20nuestros%20pueblos%20originarios%E2%80%9D&#038;body=https:\/\/radiorevelacionfm.cl\/?p=5429' aria-hidden='false' data-av_icon='\ue805' data-av_iconfont='entypo-fontello' title='' data-avia-related-tooltip='Compartir por correo'><span class='avia_hidden_link_text'>Compartir por correo<\/span><\/a><\/li><\/ul><\/div><\/div>\n<div  style='height:50px' class='hr hr-invisible   avia-builder-el-8  el_after_av_social_share  el_before_av_comments_list '><span class='hr-inner ' ><span class='hr-inner-style'><\/span><\/span><\/div>\n<div  class='av-buildercomment  av-blog-meta-html-info-disabled av-blog-meta-tag-disabled  '><\/div>\n","protected":false},"excerpt":{"rendered":"","protected":false},"author":1,"featured_media":4602,"comment_status":"open","ping_status":"open","sticky":false,"template":"","format":"standard","meta":{"footnotes":""},"categories":[35],"tags":[],"class_list":["post-5429","post","type-post","status-publish","format-standard","has-post-thumbnail","hentry","category-politica"],"jetpack_featured_media_url":"https:\/\/radiorevelacionfm.cl\/wp-content\/uploads\/2021\/05\/CALISTO_ARCHIVO-PUEBLOS-ORIGINARIOS1-1.jpg","_links":{"self":[{"href":"https:\/\/radiorevelacionfm.cl\/index.php?rest_route=\/wp\/v2\/posts\/5429","targetHints":{"allow":["GET"]}}],"collection":[{"href":"https:\/\/radiorevelacionfm.cl\/index.php?rest_route=\/wp\/v2\/posts"}],"about":[{"href":"https:\/\/radiorevelacionfm.cl\/index.php?rest_route=\/wp\/v2\/types\/post"}],"author":[{"embeddable":true,"href":"https:\/\/radiorevelacionfm.cl\/index.php?rest_route=\/wp\/v2\/users\/1"}],"replies":[{"embeddable":true,"href":"https:\/\/radiorevelacionfm.cl\/index.php?rest_route=%2Fwp%2Fv2%2Fcomments&post=5429"}],"version-history":[{"count":1,"href":"https:\/\/radiorevelacionfm.cl\/index.php?rest_route=\/wp\/v2\/posts\/5429\/revisions"}],"predecessor-version":[{"id":5430,"href":"https:\/\/radiorevelacionfm.cl\/index.php?rest_route=\/wp\/v2\/posts\/5429\/revisions\/5430"}],"wp:featuredmedia":[{"embeddable":true,"href":"https:\/\/radiorevelacionfm.cl\/index.php?rest_route=\/wp\/v2\/media\/4602"}],"wp:attachment":[{"href":"https:\/\/radiorevelacionfm.cl\/index.php?rest_route=%2Fwp%2Fv2%2Fmedia&parent=5429"}],"wp:term":[{"taxonomy":"category","embeddable":true,"href":"https:\/\/radiorevelacionfm.cl\/index.php?rest_route=%2Fwp%2Fv2%2Fcategories&post=5429"},{"taxonomy":"post_tag","embeddable":true,"href":"https:\/\/radiorevelacionfm.cl\/index.php?rest_route=%2Fwp%2Fv2%2Ftags&post=5429"}],"curies":[{"name":"wp","href":"https:\/\/api.w.org\/{rel}","templated":true}]}}