{"id":54288,"date":"2025-05-23T09:48:17","date_gmt":"2025-05-23T12:48:17","guid":{"rendered":"https:\/\/radiorevelacionfm.cl\/?p=54288"},"modified":"2025-05-23T09:48:17","modified_gmt":"2025-05-23T12:48:17","slug":"gobierno-presenta-plataforma-digital-ventanilla-unica-social-con-agrupacion-de-cuidadores-de-aysen","status":"publish","type":"post","link":"https:\/\/radiorevelacionfm.cl\/?p=54288","title":{"rendered":"Gobierno presenta plataforma digital \u00abVentanilla \u00danica Social\u00bb con agrupaci\u00f3n de cuidadores de Ays\u00e9n"},"content":{"rendered":"<div class=\"flex_column av_one_full  flex_column_div av-zero-column-padding first  avia-builder-el-0  el_before_av_one_full  avia-builder-el-first  \" style='border-radius:0px; '><div  class='avia-image-container  av-styling-    avia-builder-el-1  avia-builder-el-no-sibling  avia-align-center '  itemprop=\"image\" itemscope=\"itemscope\" itemtype=\"https:\/\/schema.org\/ImageObject\"  ><div class='avia-image-container-inner'><div class='avia-image-overlay-wrap'><img decoding=\"async\" class='wp-image-54289 avia-img-lazy-loading-not-54289 avia_image' src=\"https:\/\/radiorevelacionfm.cl\/wp-content\/uploads\/2025\/05\/ventanilla-unica-social-1-1_optimized.jpeg\" alt='' title='ventanilla-unica-social-1-(1)_optimized' height=\"600\" width=\"800\"  itemprop=\"thumbnailUrl\" srcset=\"https:\/\/radiorevelacionfm.cl\/wp-content\/uploads\/2025\/05\/ventanilla-unica-social-1-1_optimized.jpeg 800w, https:\/\/radiorevelacionfm.cl\/wp-content\/uploads\/2025\/05\/ventanilla-unica-social-1-1_optimized-300x225.jpeg 300w, https:\/\/radiorevelacionfm.cl\/wp-content\/uploads\/2025\/05\/ventanilla-unica-social-1-1_optimized-768x576.jpeg 768w, https:\/\/radiorevelacionfm.cl\/wp-content\/uploads\/2025\/05\/ventanilla-unica-social-1-1_optimized-705x529.jpeg 705w, https:\/\/radiorevelacionfm.cl\/wp-content\/uploads\/2025\/05\/ventanilla-unica-social-1-1_optimized-450x338.jpeg 450w, https:\/\/radiorevelacionfm.cl\/wp-content\/uploads\/2025\/05\/ventanilla-unica-social-1-1_optimized-600x450.jpeg 600w\" sizes=\"(max-width: 800px) 100vw, 800px\" \/><\/div><\/div><\/div><\/div><div class=\"flex_column av_one_full  flex_column_div av-zero-column-padding first  avia-builder-el-2  el_after_av_one_full  el_before_av_one_full  column-top-margin\" style='border-radius:0px; '><section class=\"av_textblock_section \"  itemscope=\"itemscope\" itemtype=\"https:\/\/schema.org\/BlogPosting\" itemprop=\"blogPost\" ><div class='avia_textblock  '   itemprop=\"text\" ><p style=\"text-align: center;\"><strong><span style=\"font-size: 18pt;\">Gobierno presenta plataforma digital \u00abVentanilla \u00danica Social\u00bb con agrupaci\u00f3n de cuidadores de Ays\u00e9n<\/span><\/strong><\/p>\n<div id=\"gtx-trans\" style=\"position: absolute; left: -50px; top: 4.31534px;\">\n<div class=\"gtx-trans-icon\"><\/div>\n<\/div>\n<\/div><\/section><\/div><div class=\"flex_column av_one_full  flex_column_div av-zero-column-padding first  avia-builder-el-4  el_after_av_one_full  el_before_av_hr  column-top-margin\" style='border-radius:0px; '><section class=\"av_textblock_section \"  itemscope=\"itemscope\" itemtype=\"https:\/\/schema.org\/BlogPosting\" itemprop=\"blogPost\" ><div class='avia_textblock  '   itemprop=\"text\" ><p style=\"text-align: justify;\"><em>La herramienta simplifica el acceso a beneficios del Estado y permite revisar en un solo lugar 130 tr\u00e1mites, prestaciones y ayudas del Estado ingresando con Rut y Clave\u00danica.<\/em><\/p>\n<p style=\"text-align: justify;\">En dependencias de la Delegaci\u00f3n Presidencial Regional y con la presencia de la Agrupaci\u00f3n de Cuidadores Principales USHE, el Delegado Presidencial Regional (S) Samuel Navarro y la Seremi de Desarrollo Social y Familia Karina Acevedo Auad, presentaron este jueves en Coyhaique la plataforma virtual Ventanilla \u00danica Social (VUS).<\/p>\n<p style=\"text-align: justify;\">La iniciativa perteneciente al Ministerio de Desarrollo Social y Familia tiene como objetivo el modernizar la relaci\u00f3n entre el Estado y la ciudadan\u00eda con una nueva plataforma digital que centraliza m\u00e1s de 130 beneficios, prestaciones y tr\u00e1mites sociales, facilitando a la ciudadan\u00eda el acceso a la red de protecci\u00f3n social, de una manera simple, r\u00e1pida y segura, en un solo lugar.<\/p>\n<p style=\"text-align: justify;\">Para ingresar a\u00a0<u><a href=\"http:\/\/www.ventanillaunicasocial.gob.cl\/\">www.ventanillaunicasocial.gob.cl<\/a><\/u>\u00a0 se utiliza la Clave\u00danica, sin necesidad de desplazarse f\u00edsicamente por diversas oficinas p\u00fablicas o navegar por m\u00faltiples sitios web. Su implementaci\u00f3n en la Ventanilla \u00danica Social incorpora tr\u00e1mites vinculados a las \u00e1reas de la salud, vivienda, pensiones, cuidados y emprendimiento. As\u00ed lo destac\u00f3 la Seremi de Desarrollo Social y Familia Karina Acevedo \u00abEstos han sido casi tres a\u00f1os de trabajo para poder unificar servicios y habilitar un espacio para que la comunidad pueda ingresar de una forma mucho m\u00e1s f\u00e1cil y ordenada a un solo portal. Lo importante es que ahora se puede ingresar con Rut y clave \u00fanica y se le va a desplegar toda la informaci\u00f3n partiendo por su Registro Social de Hogares y desde ah\u00ed a todos los beneficios que puede postular y otra informaci\u00f3n como sus vacunas o si es beneficiario PGU, entre otros\u00bb.<\/p>\n<p style=\"text-align: justify;\">Todos los ministerios involucrados se coordinaron para ofrecer un acceso \u00fanico y brindar una atenci\u00f3n integral, con el centro a las personas. As\u00ed lo reforz\u00f3 el Delegado Presidencial Regional (S) Samuel Navarro \u00abesta Ventanilla \u00danica Social nos permite agrupar a diferentes instituciones del Estado, por ahora hay 130 tr\u00e1mites que puede realizar en esta p\u00e1gina y estamos trabajando por ampliarnos, por lo que es una gran herramienta para vecinos y comunidad ya que no solo puede acceder a tr\u00e1mites del Ministerio de Desarrollo Social sino tambi\u00e9n de Vivienda, de Salud, de Previsi\u00f3n Social\u00bb.<\/p>\n<p style=\"text-align: justify;\">PLATAFORMA PENSADA EN QUIENES EJERCEN CUIDADOS<\/p>\n<p style=\"text-align: justify;\">Para Patricia Aguilar, integrante de la Agrupaci\u00f3n Cuidadores Principales USHE de Coyhaique, la web\u00a0<u><a href=\"http:\/\/www.ventanillaunicasocial.gob.cl\/\">www.ventanillaunicasocial.gob.cl<\/a><\/u>\u00a0ser\u00e1 de gran ayuda para reducir tiempo en hacer tr\u00e1mites y tambi\u00e9n para disminuir el gasto econ\u00f3mico que significa salir del hogar y dejar a quien cuida a cargo de otra persona \u00abEs una buena iniciativa, muchas veces nos cuesta salir para hacer tr\u00e1mites, gastamos tiempo y dinero, as\u00ed que muy agradecida del sistema de todo lo que ha ayudado el gobierno y de la red de apoyos y cuidados porque gracias a eso a veces podemos salir y tener un respiro como cuidadora o si no, debemos pagar. Yo el tr\u00e1mite que m\u00e1s ocupo es el Registro Social y sobre todo ahora para postular a los subsidios y tambi\u00e9n salud\u00bb.<\/p>\n<p style=\"text-align: justify;\">A la vez Patricia aprovech\u00f3 la instancia para reiterar el llamado a respetar la atenci\u00f3n preferente a quienes portan la credencial de cuidadores, lo que fue ratificado por Violeta Mu\u00f1oz quien adem\u00e1s mencion\u00f3 \u00abyo estoy de cuidadora las 24 horas y definitivamente no tengo tiempo para nada, as\u00ed que estoy viendo que la Ventanilla \u00danica Social ser\u00e1 de gran ayuda\u00bb.<\/p>\n<p style=\"text-align: justify;\">\u00bfQU\u00c9 SE PODR\u00c1 HACER EN LA VENTANILLA \u00daNICA SOCIAL?<\/p>\n<p style=\"text-align: justify;\">En la Ventanilla \u00danica Social se podr\u00e1 realizar tr\u00e1mites clave de diferentes instituciones del Estado, como:<\/p>\n<p style=\"text-align: justify;\"><strong>Ministerio de Desarrollo Social y Familia<\/strong><\/p>\n<ul style=\"text-align: justify;\">\n<li>Acceder a todos los tr\u00e1mites del Registro Social de Hogares.<\/li>\n<li>Postular a todos los beneficios del Ministerio de Desarrollo Social y Familia y sus seis servicios asociados: Senadis, Senama, SPE, INJUV, Fosis y Conadi.<\/li>\n<li>Acceder a la informaci\u00f3n de 370 prestaciones del Estado y ver el cumplimiento de requisitos para m\u00e1s de 130 prestaciones, con base en los registros administrativos y del RSH.<\/li>\n<li>Ver la cartola de ayudas por emergencia (FIBE y ayudas recibidas).<\/li>\n<li>Incorporar archivos claves para los tr\u00e1mites a Mis Documentos.<\/li>\n<li>Ver el registro de los pagos y ayudas recibidas del Estado en los \u00faltimos 5 a\u00f1os.<\/li>\n<li>Hacer seguimiento del estado de los tr\u00e1mites y saber si est\u00e1n aprobados, rechazados o en proceso.<\/li>\n<\/ul>\n<p style=\"text-align: justify;\"><strong>Ministerio del Trabajo y Previsi\u00f3n Social<\/strong><\/p>\n<ul style=\"text-align: justify;\">\n<li>Solicitar la Pensi\u00f3n Garantizada Universal.<\/li>\n<li>Consultar el n\u00famero de cotizaciones previsionales en los \u00faltimos 22 meses y de cesant\u00eda en los \u00faltimos 12 meses, adem\u00e1s de la pertenencia a una caja de compensaci\u00f3n y\/o a una mutualidad de empleadores.<\/li>\n<li>Solicitar cobros de transferencias monetarias pendientes a trav\u00e9s de ChileAtiende.<\/li>\n<\/ul>\n<p style=\"text-align: justify;\">\u00a0<strong>Ministerio de Salud<\/strong><\/p>\n<ul style=\"text-align: justify;\">\n<li>Recibir alertas de inmunizaci\u00f3n (vacunas) y alertas sanitarias seg\u00fan ficha cl\u00ednica, tales como, examen preventivo del adulto\/a, control de salud cardiovascular, retiro de f\u00e1rmacos, control de salud integral infantil, GES Salud oral integral de personas de 60 a\u00f1os, toma de PAP\/VPH, mamograf\u00eda, entre otras.<\/li>\n<li>Revisar las horas tomadas para atenci\u00f3n en el CESFAM realizadas en la plataforma Telesalud.<\/li>\n<li>Conocer si la persona est\u00e1 en alguna lista de espera, en qu\u00e9 especialidad, desde cu\u00e1ndo y la mediana de tiempo de espera.<\/li>\n<li>Acceder a informaci\u00f3n de salud en el Portal Paciente. \u2022 Comprar bonos de FONASA.<\/li>\n<li>Obtener certificados de afiliaci\u00f3n y cotizaciones de FONASA.<\/li>\n<li>Solicitar afiliaci\u00f3n a FONASA.<\/li>\n<li>Visualizar informaci\u00f3n hist\u00f3rica de licencias m\u00e9dicas seg\u00fan registro de la Superintendencia de Seguridad Social. \u2022 Inscribirse en centros de salud.<\/li>\n<\/ul>\n<p style=\"text-align: justify;\">\u00a0<strong>Ministerio de Vivienda y Urbanismo<\/strong><\/p>\n<ul style=\"text-align: justify;\">\n<li>Postular a subsidios habitacionales de MINVU, DS1, dirigido a sectores medios, y DS49, dirigido a grupos en situaci\u00f3n de vulnerabilidad.<\/li>\n<\/ul>\n<\/div><\/section><\/div><div  style='height:50px' class='hr hr-invisible   avia-builder-el-6  el_after_av_one_full  el_before_av_social_share '><span class='hr-inner ' ><span class='hr-inner-style'><\/span><\/span><\/div><\/p>\n<div  class='av-social-sharing-box  avia-builder-el-7  el_after_av_hr  el_before_av_hr  '><div class='av-share-box'><h5 class='av-share-link-description av-no-toc '>Compartir esta noticia<\/h5><ul class='av-share-box-list noLightbox'><li class='av-share-link av-social-link-facebook' ><a target=\"_blank\" aria-label=\"Compartir en Facebook\" href='https:\/\/www.facebook.com\/sharer.php?u=https:\/\/radiorevelacionfm.cl\/?p=54288&#038;t=Gobierno%20presenta%20plataforma%20digital%20%C2%ABVentanilla%20%C3%9Anica%20Social%C2%BB%20con%20agrupaci%C3%B3n%20de%20cuidadores%20de%20Ays%C3%A9n' aria-hidden='false' data-av_icon='\ue8f3' data-av_iconfont='entypo-fontello' title='' data-avia-related-tooltip='Compartir en Facebook' rel=\"noopener\"><span class='avia_hidden_link_text'>Compartir en Facebook<\/span><\/a><\/li><li class='av-share-link av-social-link-twitter' ><a target=\"_blank\" aria-label=\"Compartir en Twitter\" href='https:\/\/twitter.com\/share?text=Gobierno%20presenta%20plataforma%20digital%20%C2%ABVentanilla%20%C3%9Anica%20Social%C2%BB%20con%20agrupaci%C3%B3n%20de%20cuidadores%20de%20Ays%C3%A9n&#038;url=https:\/\/radiorevelacionfm.cl\/?p=54288' aria-hidden='false' data-av_icon='\ue8f1' data-av_iconfont='entypo-fontello' title='' data-avia-related-tooltip='Compartir en Twitter' rel=\"noopener\"><span class='avia_hidden_link_text'>Compartir en Twitter<\/span><\/a><\/li><li class='av-share-link av-social-link-whatsapp' ><a target=\"_blank\" aria-label=\"Compartir en Whatsapp\" href='https:\/\/api.whatsapp.com\/send?text=https:\/\/radiorevelacionfm.cl\/?p=54288' aria-hidden='false' data-av_icon='\uf232' data-av_iconfont='entypo-fontello' title='' data-avia-related-tooltip='Compartir en Whatsapp' rel=\"noopener\"><span class='avia_hidden_link_text'>Compartir en Whatsapp<\/span><\/a><\/li><li class='av-share-link av-social-link-linkedin' ><a target=\"_blank\" aria-label=\"Compartir en LinkedIn\" href='https:\/\/linkedin.com\/shareArticle?mini=true&#038;title=Gobierno%20presenta%20plataforma%20digital%20%C2%ABVentanilla%20%C3%9Anica%20Social%C2%BB%20con%20agrupaci%C3%B3n%20de%20cuidadores%20de%20Ays%C3%A9n&#038;url=https:\/\/radiorevelacionfm.cl\/?p=54288' aria-hidden='false' data-av_icon='\ue8fc' data-av_iconfont='entypo-fontello' title='' data-avia-related-tooltip='Compartir en LinkedIn' rel=\"noopener\"><span class='avia_hidden_link_text'>Compartir en LinkedIn<\/span><\/a><\/li><li class='av-share-link av-social-link-mail' ><a  aria-label=\"Compartir por correo\" href='mailto:?subject=Gobierno%20presenta%20plataforma%20digital%20%C2%ABVentanilla%20%C3%9Anica%20Social%C2%BB%20con%20agrupaci%C3%B3n%20de%20cuidadores%20de%20Ays%C3%A9n&#038;body=https:\/\/radiorevelacionfm.cl\/?p=54288' aria-hidden='false' data-av_icon='\ue805' data-av_iconfont='entypo-fontello' title='' data-avia-related-tooltip='Compartir por correo'><span class='avia_hidden_link_text'>Compartir por correo<\/span><\/a><\/li><\/ul><\/div><\/div>\n<div  style='height:50px' class='hr hr-invisible   avia-builder-el-8  el_after_av_social_share  el_before_av_comments_list '><span class='hr-inner ' ><span class='hr-inner-style'><\/span><\/span><\/div>\n<div  class='av-buildercomment  av-blog-meta-html-info-disabled av-blog-meta-tag-disabled  '><\/div>\n","protected":false},"excerpt":{"rendered":"","protected":false},"author":1,"featured_media":54289,"comment_status":"closed","ping_status":"closed","sticky":false,"template":"","format":"standard","meta":{"footnotes":""},"categories":[38],"tags":[],"class_list":["post-54288","post","type-post","status-publish","format-standard","has-post-thumbnail","hentry","category-regional"],"jetpack_featured_media_url":"https:\/\/radiorevelacionfm.cl\/wp-content\/uploads\/2025\/05\/ventanilla-unica-social-1-1_optimized.jpeg","_links":{"self":[{"href":"https:\/\/radiorevelacionfm.cl\/index.php?rest_route=\/wp\/v2\/posts\/54288","targetHints":{"allow":["GET"]}}],"collection":[{"href":"https:\/\/radiorevelacionfm.cl\/index.php?rest_route=\/wp\/v2\/posts"}],"about":[{"href":"https:\/\/radiorevelacionfm.cl\/index.php?rest_route=\/wp\/v2\/types\/post"}],"author":[{"embeddable":true,"href":"https:\/\/radiorevelacionfm.cl\/index.php?rest_route=\/wp\/v2\/users\/1"}],"replies":[{"embeddable":true,"href":"https:\/\/radiorevelacionfm.cl\/index.php?rest_route=%2Fwp%2Fv2%2Fcomments&post=54288"}],"version-history":[{"count":2,"href":"https:\/\/radiorevelacionfm.cl\/index.php?rest_route=\/wp\/v2\/posts\/54288\/revisions"}],"predecessor-version":[{"id":54304,"href":"https:\/\/radiorevelacionfm.cl\/index.php?rest_route=\/wp\/v2\/posts\/54288\/revisions\/54304"}],"wp:featuredmedia":[{"embeddable":true,"href":"https:\/\/radiorevelacionfm.cl\/index.php?rest_route=\/wp\/v2\/media\/54289"}],"wp:attachment":[{"href":"https:\/\/radiorevelacionfm.cl\/index.php?rest_route=%2Fwp%2Fv2%2Fmedia&parent=54288"}],"wp:term":[{"taxonomy":"category","embeddable":true,"href":"https:\/\/radiorevelacionfm.cl\/index.php?rest_route=%2Fwp%2Fv2%2Fcategories&post=54288"},{"taxonomy":"post_tag","embeddable":true,"href":"https:\/\/radiorevelacionfm.cl\/index.php?rest_route=%2Fwp%2Fv2%2Ftags&post=54288"}],"curies":[{"name":"wp","href":"https:\/\/api.w.org\/{rel}","templated":true}]}}