{"id":54285,"date":"2025-05-22T21:15:39","date_gmt":"2025-05-23T00:15:39","guid":{"rendered":"https:\/\/radiorevelacionfm.cl\/?p=54285"},"modified":"2025-05-22T21:15:39","modified_gmt":"2025-05-23T00:15:39","slug":"corfo-aysen-y-cchc-desarrollaron-jornada-de-asistencia-tecnica-para-emprendedores-regionales","status":"publish","type":"post","link":"https:\/\/radiorevelacionfm.cl\/?p=54285","title":{"rendered":"Corfo Ays\u00e9n y CChC desarrollaron jornada de asistencia t\u00e9cnica para emprendedores regionales"},"content":{"rendered":"<div class=\"flex_column av_one_full  flex_column_div av-zero-column-padding first  avia-builder-el-0  el_before_av_one_full  avia-builder-el-first  \" style='border-radius:0px; '><div  class='avia-image-container  av-styling-    avia-builder-el-1  avia-builder-el-no-sibling  avia-align-center '  itemprop=\"image\" itemscope=\"itemscope\" itemtype=\"https:\/\/schema.org\/ImageObject\"  ><div class='avia-image-container-inner'><div class='avia-image-overlay-wrap'><img decoding=\"async\" class='wp-image-54286 avia-img-lazy-loading-not-54286 avia_image' src=\"https:\/\/radiorevelacionfm.cl\/wp-content\/uploads\/2025\/05\/1-2025-05-22t162555_optimized.439-1.jpg\" alt='' title='1---2025-05-22t162555_optimized.439-(1)' height=\"600\" width=\"1066\"  itemprop=\"thumbnailUrl\" srcset=\"https:\/\/radiorevelacionfm.cl\/wp-content\/uploads\/2025\/05\/1-2025-05-22t162555_optimized.439-1.jpg 1066w, https:\/\/radiorevelacionfm.cl\/wp-content\/uploads\/2025\/05\/1-2025-05-22t162555_optimized.439-1-300x169.jpg 300w, https:\/\/radiorevelacionfm.cl\/wp-content\/uploads\/2025\/05\/1-2025-05-22t162555_optimized.439-1-1030x580.jpg 1030w, https:\/\/radiorevelacionfm.cl\/wp-content\/uploads\/2025\/05\/1-2025-05-22t162555_optimized.439-1-768x432.jpg 768w, https:\/\/radiorevelacionfm.cl\/wp-content\/uploads\/2025\/05\/1-2025-05-22t162555_optimized.439-1-705x397.jpg 705w, https:\/\/radiorevelacionfm.cl\/wp-content\/uploads\/2025\/05\/1-2025-05-22t162555_optimized.439-1-450x253.jpg 450w, https:\/\/radiorevelacionfm.cl\/wp-content\/uploads\/2025\/05\/1-2025-05-22t162555_optimized.439-1-600x338.jpg 600w\" sizes=\"(max-width: 1066px) 100vw, 1066px\" \/><\/div><\/div><\/div><\/div><div class=\"flex_column av_one_full  flex_column_div av-zero-column-padding first  avia-builder-el-2  el_after_av_one_full  el_before_av_one_full  column-top-margin\" style='border-radius:0px; '><section class=\"av_textblock_section \"  itemscope=\"itemscope\" itemtype=\"https:\/\/schema.org\/BlogPosting\" itemprop=\"blogPost\" ><div class='avia_textblock  '   itemprop=\"text\" ><p style=\"text-align: center;\"><span style=\"font-size: 18pt;\"><strong>Corfo Ays\u00e9n y CChC desarrollaron jornada de asistencia t\u00e9cnica para emprendedores regionales<\/strong><\/span><\/p>\n<div id=\"gtx-trans\" style=\"position: absolute; left: -50px; top: 4.31534px;\">\n<div class=\"gtx-trans-icon\"><\/div>\n<\/div>\n<\/div><\/section><\/div><div class=\"flex_column av_one_full  flex_column_div av-zero-column-padding first  avia-builder-el-4  el_after_av_one_full  el_before_av_hr  column-top-margin\" style='border-radius:0px; '><section class=\"av_textblock_section \"  itemscope=\"itemscope\" itemtype=\"https:\/\/schema.org\/BlogPosting\" itemprop=\"blogPost\" ><div class='avia_textblock  '   itemprop=\"text\" ><p style=\"text-align: justify;\"><em>Se resolvieron dudas y se difundieron mecanismos de financiamiento disponibles para pymes locales.<\/em><\/p>\n<p style=\"text-align: justify;\">\u201cTengo una idea y no s\u00e9 a qu\u00e9 recursos del Estado acceder para poder financiar mi proyecto\u201d. Esta fue la inquietud que motiv\u00f3 la realizaci\u00f3n de una jornada informativa organizada por Corfo y la C\u00e1mara Chilena de la Construcci\u00f3n (CChC) para emprendedores de la regi\u00f3n.<\/p>\n<p style=\"text-align: justify;\">La actividad forma parte del trabajo colaborativo entre ambas entidades, que buscan fortalecer las alianzas p\u00fablico-privadas, promover la innovaci\u00f3n y facilitar el acceso a herramientas que movilicen la inversi\u00f3n regional.<\/p>\n<p style=\"text-align: justify;\">A trav\u00e9s de su presidente, la CChC sede Coyhaique destac\u00f3 que la iniciativa no estuvo dirigida exclusivamente al sector construcci\u00f3n, sino que se abri\u00f3 a todas las personas interesadas en desarrollar proyectos de inversi\u00f3n. \u201cNuestro compromiso est\u00e1 con la alianza p\u00fablico-privada, a que trabajemos en conjunto para que las instituciones del Estado puedan acudir y apoyar, y nosotros como gremio tambi\u00e9n\u201d, se\u00f1al\u00f3 Pablo Carrasco.<\/p>\n<p style=\"text-align: justify;\">Desde la CChC valoraron el impacto de los instrumentos de Corfo en un contexto de indicadores econ\u00f3micos desfavorables. En ese sentido, Carrasco subray\u00f3 la importancia de actuar colectivamente \u201cDebe ser una responsabilidad compartida avanzar en c\u00f3mo crecemos y en c\u00f3mo empezamos a generar m\u00e1s recursos, ideas y alternativas que nos permitan ir saliendo de esto\u201d.<\/p>\n<p style=\"text-align: justify;\">Durante la jornada, profesionales de Corfo presentaron las principales l\u00edneas de apoyo disponibles, como los programas Semilla Inicia y Semilla Expande, orientados a emprendimientos en etapa temprana; y otras herramientas como el DFL15 y Desarrolla Inversi\u00f3n, enfocadas en potenciar la productividad. Tambi\u00e9n se destacaron instrumentos como Innova Regi\u00f3n, S\u00famate a Innovar y el Programa de Difusi\u00f3n Tecnol\u00f3gica, pensados para proyectos que incorporan innovaci\u00f3n y sostenibilidad como ejes centrales.<\/p>\n<p style=\"text-align: justify;\">Estos conceptos \u2014innovaci\u00f3n y sostenibilidad\u2014 son pilares estrat\u00e9gicos en la labor de Corfo en la regi\u00f3n de Ays\u00e9n. As\u00ed lo afirm\u00f3 el director de la instituci\u00f3n, Humberto Mar\u00edn Leiva. \u201cDesde Corfo, cuando hablamos de innovaci\u00f3n y tecnolog\u00eda, no nos referimos solamente a maquinaria o infraestructura, sino tambi\u00e9n a la llamada tecnolog\u00eda blanda, es decir, a los espacios de creatividad y modelos de gesti\u00f3n que permiten mejorar significativamente los procesos\u201d.<\/p>\n<p style=\"text-align: justify;\">El director enfatiz\u00f3 que regiones como Ays\u00e9n requieren con urgencia aplicar modelos sostenibles de desarrollo econ\u00f3mico, dado que se trata de un territorio \u201ctremendamente sensible a los efectos medioambientales\u201d. Por ello, a\u00f1adi\u00f3, \u201cse requiere un modelo de intervenci\u00f3n de triple impacto, que integre lo econ\u00f3mico, lo medioambiental y lo social\u201d.<\/p>\n<p style=\"text-align: justify;\"><strong>WOODEN LOOP: CREATIVIDAD LOCAL <\/strong><\/p>\n<p style=\"text-align: justify;\">En la jornada tambi\u00e9n se present\u00f3 el proyecto \u201cWooden Loop: The touch of nature\u201d, desarrollado por la empresa regional <a href=\"https:\/\/www.instagram.com\/trazosur\/\">Trazosur<\/a> con financiamiento de Corfo. Se trata de una madera texturizada, de m\u00faltiples usos y f\u00e1cil instalaci\u00f3n, cuyo lanzamiento al mercado est\u00e1 previsto para fines de 2025.<\/p>\n<p style=\"text-align: justify;\">Nicole Vernal, arquitecta de Trazosur, explic\u00f3 c\u00f3mo el apoyo de Corfo fue clave para avanzar en el desarrollo del producto. \u201cCorfo ha sido una instituci\u00f3n muy importante para nosotros y para el ecosistema regional. Gracias al financiamiento, mejoramos el equipamiento del taller con nuevas maquinarias, lo que nos permiti\u00f3 perfeccionar tanto el producto como los procesos asociados. Adem\u00e1s, contamos con personas capacitadas que nos orientaron en la definici\u00f3n de l\u00edneas estrat\u00e9gicas y en la generaci\u00f3n de alianzas productivas, elementos vitales para consolidar un proyecto de este tipo\u201d.<\/p>\n<p style=\"text-align: justify;\">Actualmente, Corfo Ays\u00e9n tiene tres convocatorias abiertas: <a href=\"https:\/\/www.corfo.cl\/sites\/cpp\/convocatorias\/movil\/innova-region-aysen-2025\">Innova Regi\u00f3n<\/a> (hasta el 23 de junio) y <a href=\"http:\/\/ddswcsprod03.corfo.cl:5203\/sites\/cpp\/convocatorias\/sumate-innovar-aysen-2025\">S\u00famate a Innovar<\/a> y <a href=\"ttps:\/\/www.corfo.cl\/sites\/cpp\/convocatorias\/movil\/desarrolla-inversion-productiva-aysen-1ra-convocatoria-2025\">Desarrolla Inversi\u00f3n<\/a> (hasta el 30 de mayo). Para m\u00e1s detalles, acercarse a las oficinas de Corfo ubicadas en Sim\u00f3n Bol\u00edvar n\u00b0 262, Coyhaique.<\/p>\n<\/div><\/section><\/div><div  style='height:50px' class='hr hr-invisible   avia-builder-el-6  el_after_av_one_full  el_before_av_social_share '><span class='hr-inner ' ><span class='hr-inner-style'><\/span><\/span><\/div><\/p>\n<div  class='av-social-sharing-box  avia-builder-el-7  el_after_av_hr  el_before_av_hr  '><div class='av-share-box'><h5 class='av-share-link-description av-no-toc '>Compartir esta noticia<\/h5><ul class='av-share-box-list noLightbox'><li class='av-share-link av-social-link-facebook' ><a target=\"_blank\" aria-label=\"Compartir en Facebook\" href='https:\/\/www.facebook.com\/sharer.php?u=https:\/\/radiorevelacionfm.cl\/?p=54285&#038;t=Corfo%20Ays%C3%A9n%20y%20CChC%20desarrollaron%20jornada%20de%20asistencia%20t%C3%A9cnica%20para%20emprendedores%20regionales' aria-hidden='false' data-av_icon='\ue8f3' data-av_iconfont='entypo-fontello' title='' data-avia-related-tooltip='Compartir en Facebook' rel=\"noopener\"><span class='avia_hidden_link_text'>Compartir en Facebook<\/span><\/a><\/li><li class='av-share-link av-social-link-twitter' ><a target=\"_blank\" aria-label=\"Compartir en Twitter\" href='https:\/\/twitter.com\/share?text=Corfo%20Ays%C3%A9n%20y%20CChC%20desarrollaron%20jornada%20de%20asistencia%20t%C3%A9cnica%20para%20emprendedores%20regionales&#038;url=https:\/\/radiorevelacionfm.cl\/?p=54285' aria-hidden='false' data-av_icon='\ue8f1' data-av_iconfont='entypo-fontello' title='' data-avia-related-tooltip='Compartir en Twitter' rel=\"noopener\"><span class='avia_hidden_link_text'>Compartir en Twitter<\/span><\/a><\/li><li class='av-share-link av-social-link-whatsapp' ><a target=\"_blank\" aria-label=\"Compartir en Whatsapp\" href='https:\/\/api.whatsapp.com\/send?text=https:\/\/radiorevelacionfm.cl\/?p=54285' aria-hidden='false' data-av_icon='\uf232' data-av_iconfont='entypo-fontello' title='' data-avia-related-tooltip='Compartir en Whatsapp' rel=\"noopener\"><span class='avia_hidden_link_text'>Compartir en Whatsapp<\/span><\/a><\/li><li class='av-share-link av-social-link-linkedin' ><a target=\"_blank\" aria-label=\"Compartir en LinkedIn\" href='https:\/\/linkedin.com\/shareArticle?mini=true&#038;title=Corfo%20Ays%C3%A9n%20y%20CChC%20desarrollaron%20jornada%20de%20asistencia%20t%C3%A9cnica%20para%20emprendedores%20regionales&#038;url=https:\/\/radiorevelacionfm.cl\/?p=54285' aria-hidden='false' data-av_icon='\ue8fc' data-av_iconfont='entypo-fontello' title='' data-avia-related-tooltip='Compartir en LinkedIn' rel=\"noopener\"><span class='avia_hidden_link_text'>Compartir en LinkedIn<\/span><\/a><\/li><li class='av-share-link av-social-link-mail' ><a  aria-label=\"Compartir por correo\" href='mailto:?subject=Corfo%20Ays%C3%A9n%20y%20CChC%20desarrollaron%20jornada%20de%20asistencia%20t%C3%A9cnica%20para%20emprendedores%20regionales&#038;body=https:\/\/radiorevelacionfm.cl\/?p=54285' aria-hidden='false' data-av_icon='\ue805' data-av_iconfont='entypo-fontello' title='' data-avia-related-tooltip='Compartir por correo'><span class='avia_hidden_link_text'>Compartir por correo<\/span><\/a><\/li><\/ul><\/div><\/div>\n<div  style='height:50px' class='hr hr-invisible   avia-builder-el-8  el_after_av_social_share  el_before_av_comments_list '><span class='hr-inner ' ><span class='hr-inner-style'><\/span><\/span><\/div>\n<div  class='av-buildercomment  av-blog-meta-html-info-disabled av-blog-meta-tag-disabled  '><\/div>\n","protected":false},"excerpt":{"rendered":"","protected":false},"author":1,"featured_media":54286,"comment_status":"closed","ping_status":"closed","sticky":false,"template":"","format":"standard","meta":{"footnotes":""},"categories":[38],"tags":[],"class_list":["post-54285","post","type-post","status-publish","format-standard","has-post-thumbnail","hentry","category-regional"],"jetpack_featured_media_url":"https:\/\/radiorevelacionfm.cl\/wp-content\/uploads\/2025\/05\/1-2025-05-22t162555_optimized.439-1.jpg","_links":{"self":[{"href":"https:\/\/radiorevelacionfm.cl\/index.php?rest_route=\/wp\/v2\/posts\/54285","targetHints":{"allow":["GET"]}}],"collection":[{"href":"https:\/\/radiorevelacionfm.cl\/index.php?rest_route=\/wp\/v2\/posts"}],"about":[{"href":"https:\/\/radiorevelacionfm.cl\/index.php?rest_route=\/wp\/v2\/types\/post"}],"author":[{"embeddable":true,"href":"https:\/\/radiorevelacionfm.cl\/index.php?rest_route=\/wp\/v2\/users\/1"}],"replies":[{"embeddable":true,"href":"https:\/\/radiorevelacionfm.cl\/index.php?rest_route=%2Fwp%2Fv2%2Fcomments&post=54285"}],"version-history":[{"count":2,"href":"https:\/\/radiorevelacionfm.cl\/index.php?rest_route=\/wp\/v2\/posts\/54285\/revisions"}],"predecessor-version":[{"id":54300,"href":"https:\/\/radiorevelacionfm.cl\/index.php?rest_route=\/wp\/v2\/posts\/54285\/revisions\/54300"}],"wp:featuredmedia":[{"embeddable":true,"href":"https:\/\/radiorevelacionfm.cl\/index.php?rest_route=\/wp\/v2\/media\/54286"}],"wp:attachment":[{"href":"https:\/\/radiorevelacionfm.cl\/index.php?rest_route=%2Fwp%2Fv2%2Fmedia&parent=54285"}],"wp:term":[{"taxonomy":"category","embeddable":true,"href":"https:\/\/radiorevelacionfm.cl\/index.php?rest_route=%2Fwp%2Fv2%2Fcategories&post=54285"},{"taxonomy":"post_tag","embeddable":true,"href":"https:\/\/radiorevelacionfm.cl\/index.php?rest_route=%2Fwp%2Fv2%2Ftags&post=54285"}],"curies":[{"name":"wp","href":"https:\/\/api.w.org\/{rel}","templated":true}]}}