{"id":54282,"date":"2025-05-22T17:57:10","date_gmt":"2025-05-22T20:57:10","guid":{"rendered":"https:\/\/radiorevelacionfm.cl\/?p=54282"},"modified":"2025-05-22T17:57:10","modified_gmt":"2025-05-22T20:57:10","slug":"vecinos-convocan-a-autoridades-a-mesa-de-trabajo-por-contaminacion-minera-en-alto-manihuales","status":"publish","type":"post","link":"https:\/\/radiorevelacionfm.cl\/?p=54282","title":{"rendered":"Vecinos convocan a autoridades a mesa de trabajo por contaminaci\u00f3n minera en Alto Ma\u00f1ihuales"},"content":{"rendered":"<div class=\"flex_column av_one_full  flex_column_div av-zero-column-padding first  avia-builder-el-0  el_before_av_one_full  avia-builder-el-first  \" style='border-radius:0px; '><div  class='avia-image-container  av-styling-    avia-builder-el-1  avia-builder-el-no-sibling  avia-align-center '  itemprop=\"image\" itemscope=\"itemscope\" itemtype=\"https:\/\/schema.org\/ImageObject\"  ><div class='avia-image-container-inner'><div class='avia-image-overlay-wrap'><img decoding=\"async\" class='wp-image-54283 avia-img-lazy-loading-not-54283 avia_image' src=\"https:\/\/radiorevelacionfm.cl\/wp-content\/uploads\/2025\/05\/vecinos-am-transitan-al-costado-de-tr_optimized.confluencia-1.jpg\" alt='' title='vecinos-am-transitan-al-costado-de-tr_optimized.confluencia-(1)' height=\"600\" width=\"800\"  itemprop=\"thumbnailUrl\" srcset=\"https:\/\/radiorevelacionfm.cl\/wp-content\/uploads\/2025\/05\/vecinos-am-transitan-al-costado-de-tr_optimized.confluencia-1.jpg 800w, https:\/\/radiorevelacionfm.cl\/wp-content\/uploads\/2025\/05\/vecinos-am-transitan-al-costado-de-tr_optimized.confluencia-1-300x225.jpg 300w, https:\/\/radiorevelacionfm.cl\/wp-content\/uploads\/2025\/05\/vecinos-am-transitan-al-costado-de-tr_optimized.confluencia-1-768x576.jpg 768w, https:\/\/radiorevelacionfm.cl\/wp-content\/uploads\/2025\/05\/vecinos-am-transitan-al-costado-de-tr_optimized.confluencia-1-705x529.jpg 705w, https:\/\/radiorevelacionfm.cl\/wp-content\/uploads\/2025\/05\/vecinos-am-transitan-al-costado-de-tr_optimized.confluencia-1-450x338.jpg 450w, https:\/\/radiorevelacionfm.cl\/wp-content\/uploads\/2025\/05\/vecinos-am-transitan-al-costado-de-tr_optimized.confluencia-1-600x450.jpg 600w\" sizes=\"(max-width: 800px) 100vw, 800px\" \/><\/div><\/div><\/div><\/div><div class=\"flex_column av_one_full  flex_column_div av-zero-column-padding first  avia-builder-el-2  el_after_av_one_full  el_before_av_one_full  column-top-margin\" style='border-radius:0px; '><section class=\"av_textblock_section \"  itemscope=\"itemscope\" itemtype=\"https:\/\/schema.org\/BlogPosting\" itemprop=\"blogPost\" ><div class='avia_textblock  '   itemprop=\"text\" ><p style=\"text-align: center;\"><strong><span style=\"font-size: 18pt;\">Vecinos convocan a autoridades a mesa de trabajo por contaminaci\u00f3n minera en Alto Ma\u00f1ihuales<\/span><\/strong><\/p>\n<div id=\"gtx-trans\" style=\"position: absolute; left: -50px; top: 4.31534px;\">\n<div class=\"gtx-trans-icon\"><\/div>\n<\/div>\n<\/div><\/section><\/div><div class=\"flex_column av_one_full  flex_column_div av-zero-column-padding first  avia-builder-el-4  el_after_av_one_full  el_before_av_hr  column-top-margin\" style='border-radius:0px; '><section class=\"av_textblock_section \"  itemscope=\"itemscope\" itemtype=\"https:\/\/schema.org\/BlogPosting\" itemprop=\"blogPost\" ><div class='avia_textblock  '   itemprop=\"text\" ><p dir=\"ltr\" style=\"text-align: justify;\" role=\"presentation\"><em>La reuni\u00f3n se realizar\u00e1 este viernes 23 de mayo a las 14:00 horas en la sede de la Junta de Vecinos del sector para abordar la grave contaminaci\u00f3n causada por la actividad minera en la zona, as\u00ed como la vulneraci\u00f3n de derechos que les afecta.<\/em><\/p>\n<p dir=\"ltr\" style=\"text-align: justify;\">Los vecinos de Alto Ma\u00f1ihuales, en conjunto con representantes de organizaciones socioambientales, se han organizado y convocado a las autoridades con competencia en este caso, y a entidades como el Colegio M\u00e9dico, el Centro de Investigaci\u00f3n de Ecosistemas de la Patagonia (CIEP) y la empresa Minera Pac\u00edfico del Sur SpA, para manifestar sus preocupaciones y demandas respecto de la contaminaci\u00f3n minera con la que conviven desde hace d\u00e9cadas, esperando que esta instancia les permita avanzar hacia soluciones concretas y coordinadas.<\/p>\n<p dir=\"ltr\" style=\"text-align: justify;\">La reuni\u00f3n que se realizar\u00e1 este viernes 23 de mayo a\u00a0 las 14:00 horas en la Junta de Vecinos de Alto Ma\u00f1ihuales, se ve como un hito clave para los vecinos del sector, quienes junto a representantes de organizaciones ambientalistas como CODESA, ONG Ecosistemas,, Codeff Ays\u00e9n, la Red de Protecci\u00f3n y Defensa del Territorio, Ma\u00f1ios y Baguales, entre otras, retomen el di\u00e1logo con las autoridades responsables en este grave caso, y con la propia empresa, en la b\u00fasqueda de\u00a0 soluciones conjuntas.<\/p>\n<p dir=\"ltr\" style=\"text-align: justify;\">Una vecina expres\u00f3 la frustraci\u00f3n de la comunidad: \u201cOjal\u00e1 que las autoridades se preocupen tambi\u00e9n, porque se pasan en puras reuniones, pero entregan pocas soluciones. De nada sirven las multas a la minera due\u00f1a de El Toqui, si los recursos no se invierten en nuestro sector ni en las familias. Estamos disgustados con el Estado, que no ha hecho su trabajo. De nada sirvieron los ex\u00e1menes de sangre del 2014,\u00a0 si no hubo apoyo para la salud.\u201d<\/p>\n<p dir=\"ltr\" style=\"text-align: justify;\">Erwin Sandoval, presidente de la Corporaci\u00f3n Privada para el Desarrollo de Ays\u00e9n (Codesa), manifest\u00f3 \u201ccomo organizaciones involucradas en este conflicto, esperamos que en esta reuni\u00f3n las autoridades concurran con propuestas, soluciones e informaci\u00f3n clara para las vecinas y vecinos, dada la urgencia y relevancia del tema\u201d. Recordando que en una reciente sesi\u00f3n del Consejo Regional de Ays\u00e9n en la que el cient\u00edfico de CIEP, Brian Reid expuso informaci\u00f3n relevante y actualizada sobre la contaminaci\u00f3n de las aguas, a la que fueron citados los SEREMIS de Miner\u00eda y Medio Ambiente, adem\u00e1s de SERNAGEOMIN; quienes no asistieron.<\/p>\n<p dir=\"ltr\" style=\"text-align: justify;\"><strong>Autoridades que a\u00fan no confirman asistencia<\/strong><\/p>\n<p dir=\"ltr\" style=\"text-align: justify;\">Los convocantes ven con cierta preocupaci\u00f3n que, al momento de env\u00edo de este comunicado, algunos SEREMIs y autoridades a\u00fan no han confirmado su asistencia, pese haberles convocado hace m\u00e1s de dos semanas.<\/p>\n<p dir=\"ltr\" style=\"text-align: justify;\">No obstante, han confirmado su presencia el Delegado Presidencial (s), el SEREMI de Medio Ambiente, SEREMI de Agricultura y SEREMI de Salud (s); no ha ocurrido lo mismo con SEREMI de Miner\u00eda (Juan V\u00e1squez), SEREMI de Obras P\u00fablicas (Paloma Jara), SEREMI de Desarrollo Social y Familia (Karina Acevedo), Directora Regional de SERNAGEOMIN (Andrea Aguilar), Servicio Agr\u00edcola y Ganadero (Valeria Carrasco) y Oficina Regional de la Superintendencia del Medio Ambiente (\u00d3scar Leal); los cuales, a la fecha, ni siquiera han respondido a la convocatoria.<\/p>\n<p dir=\"ltr\" style=\"text-align: justify;\">Asimismo, resulta preocupante que ni la primera autoridad electa de nuestra regi\u00f3n, el Gobernador Marcelo Santana, ni el Alcalde de Coyhaique (sr. Carlos Gatica), territorio en que ocurre esta grave situaci\u00f3n de contaminaci\u00f3n y vulneraci\u00f3n de Derechos Humanos, den certeza respecto a su concurrencia a esta convocatoria de los y las habitantes de Alto Ma\u00f1ihuales.<\/p>\n<p dir=\"ltr\" style=\"text-align: justify;\"><strong>Contaminaci\u00f3n<\/strong><\/p>\n<p dir=\"ltr\" style=\"text-align: justify;\">El Centro de Investigaci\u00f3n de Ecosistemas de la Patagonia (CIEP) ha constatado y entregado informaci\u00f3n sobre la contaminaci\u00f3n por metales pesados en los r\u00edos y esteros de la zona de Alto Ma\u00f1ihuales. Estos contaminantes han provocado graves problemas de salud a la poblaci\u00f3n local, contaminaci\u00f3n de suelo, ganado y alimentos de la comunidad expuesta. A pesar de denuncias desde 2014, las autoridades no han implementado respuestas efectivas para la recuperaci\u00f3n ambiental y social.<\/p>\n<p dir=\"ltr\" style=\"text-align: justify;\">Nuevos episodios de contaminaci\u00f3n, como el desborde del tranque de relaves Do\u00f1a Rosa, han agravado la situaci\u00f3n, generando preocupaci\u00f3n y llamados a mayor fiscalizaci\u00f3n.<\/p>\n<\/div><\/section><\/div><div  style='height:50px' class='hr hr-invisible   avia-builder-el-6  el_after_av_one_full  el_before_av_social_share '><span class='hr-inner ' ><span class='hr-inner-style'><\/span><\/span><\/div><\/p>\n<div  class='av-social-sharing-box  avia-builder-el-7  el_after_av_hr  el_before_av_hr  '><div class='av-share-box'><h5 class='av-share-link-description av-no-toc '>Compartir esta noticia<\/h5><ul class='av-share-box-list noLightbox'><li class='av-share-link av-social-link-facebook' ><a target=\"_blank\" aria-label=\"Compartir en Facebook\" href='https:\/\/www.facebook.com\/sharer.php?u=https:\/\/radiorevelacionfm.cl\/?p=54282&#038;t=Vecinos%20convocan%20a%20autoridades%20a%20mesa%20de%20trabajo%20por%20contaminaci%C3%B3n%20minera%20en%20Alto%20Ma%C3%B1ihuales' aria-hidden='false' data-av_icon='\ue8f3' data-av_iconfont='entypo-fontello' title='' data-avia-related-tooltip='Compartir en Facebook' rel=\"noopener\"><span class='avia_hidden_link_text'>Compartir en Facebook<\/span><\/a><\/li><li class='av-share-link av-social-link-twitter' ><a target=\"_blank\" aria-label=\"Compartir en Twitter\" href='https:\/\/twitter.com\/share?text=Vecinos%20convocan%20a%20autoridades%20a%20mesa%20de%20trabajo%20por%20contaminaci%C3%B3n%20minera%20en%20Alto%20Ma%C3%B1ihuales&#038;url=https:\/\/radiorevelacionfm.cl\/?p=54282' aria-hidden='false' data-av_icon='\ue8f1' data-av_iconfont='entypo-fontello' title='' data-avia-related-tooltip='Compartir en Twitter' rel=\"noopener\"><span class='avia_hidden_link_text'>Compartir en Twitter<\/span><\/a><\/li><li class='av-share-link av-social-link-whatsapp' ><a target=\"_blank\" aria-label=\"Compartir en Whatsapp\" href='https:\/\/api.whatsapp.com\/send?text=https:\/\/radiorevelacionfm.cl\/?p=54282' aria-hidden='false' data-av_icon='\uf232' data-av_iconfont='entypo-fontello' title='' data-avia-related-tooltip='Compartir en Whatsapp' rel=\"noopener\"><span class='avia_hidden_link_text'>Compartir en Whatsapp<\/span><\/a><\/li><li class='av-share-link av-social-link-linkedin' ><a target=\"_blank\" aria-label=\"Compartir en LinkedIn\" href='https:\/\/linkedin.com\/shareArticle?mini=true&#038;title=Vecinos%20convocan%20a%20autoridades%20a%20mesa%20de%20trabajo%20por%20contaminaci%C3%B3n%20minera%20en%20Alto%20Ma%C3%B1ihuales&#038;url=https:\/\/radiorevelacionfm.cl\/?p=54282' aria-hidden='false' data-av_icon='\ue8fc' data-av_iconfont='entypo-fontello' title='' data-avia-related-tooltip='Compartir en LinkedIn' rel=\"noopener\"><span class='avia_hidden_link_text'>Compartir en LinkedIn<\/span><\/a><\/li><li class='av-share-link av-social-link-mail' ><a  aria-label=\"Compartir por correo\" href='mailto:?subject=Vecinos%20convocan%20a%20autoridades%20a%20mesa%20de%20trabajo%20por%20contaminaci%C3%B3n%20minera%20en%20Alto%20Ma%C3%B1ihuales&#038;body=https:\/\/radiorevelacionfm.cl\/?p=54282' aria-hidden='false' data-av_icon='\ue805' data-av_iconfont='entypo-fontello' title='' data-avia-related-tooltip='Compartir por correo'><span class='avia_hidden_link_text'>Compartir por correo<\/span><\/a><\/li><\/ul><\/div><\/div>\n<div  style='height:50px' class='hr hr-invisible   avia-builder-el-8  el_after_av_social_share  el_before_av_comments_list '><span class='hr-inner ' ><span class='hr-inner-style'><\/span><\/span><\/div>\n<div  class='av-buildercomment  av-blog-meta-html-info-disabled av-blog-meta-tag-disabled  '><\/div>\n","protected":false},"excerpt":{"rendered":"","protected":false},"author":1,"featured_media":54283,"comment_status":"closed","ping_status":"closed","sticky":false,"template":"","format":"standard","meta":{"footnotes":""},"categories":[38],"tags":[],"class_list":["post-54282","post","type-post","status-publish","format-standard","has-post-thumbnail","hentry","category-regional"],"jetpack_featured_media_url":"https:\/\/radiorevelacionfm.cl\/wp-content\/uploads\/2025\/05\/vecinos-am-transitan-al-costado-de-tr_optimized.confluencia-1.jpg","_links":{"self":[{"href":"https:\/\/radiorevelacionfm.cl\/index.php?rest_route=\/wp\/v2\/posts\/54282","targetHints":{"allow":["GET"]}}],"collection":[{"href":"https:\/\/radiorevelacionfm.cl\/index.php?rest_route=\/wp\/v2\/posts"}],"about":[{"href":"https:\/\/radiorevelacionfm.cl\/index.php?rest_route=\/wp\/v2\/types\/post"}],"author":[{"embeddable":true,"href":"https:\/\/radiorevelacionfm.cl\/index.php?rest_route=\/wp\/v2\/users\/1"}],"replies":[{"embeddable":true,"href":"https:\/\/radiorevelacionfm.cl\/index.php?rest_route=%2Fwp%2Fv2%2Fcomments&post=54282"}],"version-history":[{"count":2,"href":"https:\/\/radiorevelacionfm.cl\/index.php?rest_route=\/wp\/v2\/posts\/54282\/revisions"}],"predecessor-version":[{"id":54295,"href":"https:\/\/radiorevelacionfm.cl\/index.php?rest_route=\/wp\/v2\/posts\/54282\/revisions\/54295"}],"wp:featuredmedia":[{"embeddable":true,"href":"https:\/\/radiorevelacionfm.cl\/index.php?rest_route=\/wp\/v2\/media\/54283"}],"wp:attachment":[{"href":"https:\/\/radiorevelacionfm.cl\/index.php?rest_route=%2Fwp%2Fv2%2Fmedia&parent=54282"}],"wp:term":[{"taxonomy":"category","embeddable":true,"href":"https:\/\/radiorevelacionfm.cl\/index.php?rest_route=%2Fwp%2Fv2%2Fcategories&post=54282"},{"taxonomy":"post_tag","embeddable":true,"href":"https:\/\/radiorevelacionfm.cl\/index.php?rest_route=%2Fwp%2Fv2%2Ftags&post=54282"}],"curies":[{"name":"wp","href":"https:\/\/api.w.org\/{rel}","templated":true}]}}