{"id":54277,"date":"2025-05-22T16:10:19","date_gmt":"2025-05-22T19:10:19","guid":{"rendered":"https:\/\/radiorevelacionfm.cl\/?p=54277"},"modified":"2025-05-22T16:10:19","modified_gmt":"2025-05-22T19:10:19","slug":"parque-glaciar-mosco-se-suma-a-actividades-por-dia-de-los-patrimonios-en-villa-ohiggins","status":"publish","type":"post","link":"https:\/\/radiorevelacionfm.cl\/?p=54277","title":{"rendered":"Parque Glaciar Mosco se suma a actividades por D\u00eda de Los Patrimonios en Villa O\u00b4Higgins"},"content":{"rendered":"<div class=\"flex_column av_one_full  flex_column_div av-zero-column-padding first  avia-builder-el-0  el_before_av_one_full  avia-builder-el-first  \" style='border-radius:0px; '><div  class='avia-image-container  av-styling-    avia-builder-el-1  avia-builder-el-no-sibling  avia-align-center '  itemprop=\"image\" itemscope=\"itemscope\" itemtype=\"https:\/\/schema.org\/ImageObject\"  ><div class='avia-image-container-inner'><div class='avia-image-overlay-wrap'><img decoding=\"async\" class='wp-image-54278 avia-img-lazy-loading-not-54278 avia_image' src=\"https:\/\/radiorevelacionfm.cl\/wp-content\/uploads\/2025\/05\/whatsapp-image-2025-03-05-at-12_optimized_optimized.22.06-pm-1-1-1.jpeg\" alt='' title='whatsapp-image-2025-03-05-at-12_optimized_optimized.22.06-pm-(1)-(1) (1)' height=\"600\" width=\"800\"  itemprop=\"thumbnailUrl\" srcset=\"https:\/\/radiorevelacionfm.cl\/wp-content\/uploads\/2025\/05\/whatsapp-image-2025-03-05-at-12_optimized_optimized.22.06-pm-1-1-1.jpeg 800w, https:\/\/radiorevelacionfm.cl\/wp-content\/uploads\/2025\/05\/whatsapp-image-2025-03-05-at-12_optimized_optimized.22.06-pm-1-1-1-300x225.jpeg 300w, https:\/\/radiorevelacionfm.cl\/wp-content\/uploads\/2025\/05\/whatsapp-image-2025-03-05-at-12_optimized_optimized.22.06-pm-1-1-1-768x576.jpeg 768w, https:\/\/radiorevelacionfm.cl\/wp-content\/uploads\/2025\/05\/whatsapp-image-2025-03-05-at-12_optimized_optimized.22.06-pm-1-1-1-705x529.jpeg 705w, https:\/\/radiorevelacionfm.cl\/wp-content\/uploads\/2025\/05\/whatsapp-image-2025-03-05-at-12_optimized_optimized.22.06-pm-1-1-1-450x338.jpeg 450w, https:\/\/radiorevelacionfm.cl\/wp-content\/uploads\/2025\/05\/whatsapp-image-2025-03-05-at-12_optimized_optimized.22.06-pm-1-1-1-600x450.jpeg 600w\" sizes=\"(max-width: 800px) 100vw, 800px\" \/><\/div><\/div><\/div><\/div><div class=\"flex_column av_one_full  flex_column_div av-zero-column-padding first  avia-builder-el-2  el_after_av_one_full  el_before_av_one_full  column-top-margin\" style='border-radius:0px; '><section class=\"av_textblock_section \"  itemscope=\"itemscope\" itemtype=\"https:\/\/schema.org\/BlogPosting\" itemprop=\"blogPost\" ><div class='avia_textblock  '   itemprop=\"text\" ><p style=\"text-align: center;\"><strong><span style=\"font-size: 18pt;\">Parque Glaciar Mosco se suma a actividades por D\u00eda de Los Patrimonios en Villa O\u00b4Higgins<\/span><\/strong><\/p>\n<div id=\"gtx-trans\" style=\"position: absolute; left: -50px; top: 4.31534px;\">\n<div class=\"gtx-trans-icon\"><\/div>\n<\/div>\n<\/div><\/section><\/div><div class=\"flex_column av_one_full  flex_column_div av-zero-column-padding first  avia-builder-el-4  el_after_av_one_full  el_before_av_hr  column-top-margin\" style='border-radius:0px; '><section class=\"av_textblock_section \"  itemscope=\"itemscope\" itemtype=\"https:\/\/schema.org\/BlogPosting\" itemprop=\"blogPost\" ><div class='avia_textblock  '   itemprop=\"text\" ><p style=\"text-align: justify;\">En el contexto de la celebraci\u00f3n nacional por el D\u00eda de Los Patrimonios que se desarrollar\u00e1 este s\u00e1bado 24 y domingo 25 de mayo\u00a0 a nivel nacional, en Villa O\u00b4Higgins \u2013as\u00ed como en otros puntos de Ays\u00e9n-, municipio y actores locales se preparan para realizar actividades con el fin de promover y reconectar a las comunidades con sus ra\u00edces.<\/p>\n<p style=\"text-align: justify;\">La administraci\u00f3n del Bien Nacional Protegido Parque Glaciar Mosco del Ministerio de Bienes Nacionales, inform\u00f3 que como en anteriores oportunidades, esta reserva fiscal se sumar\u00e1 como punto en el recorrido \u201cVilla Tour\u201d que se desarrollar\u00e1 durante la tarde del s\u00e1bado en Villa O\u00b4Higgins. As\u00ed inform\u00f3 Mat\u00edas Araya, administrador del BNP, \u201clas actividades iniciar\u00e1n en la Plaza de la Pionera a partir de las 14 horas para luego visitar el Museo General Torres, posteriormente el Museo Padre Antonio Ronchi y finalizar en el BNP Parque Glaciar Mosco, donde se desarrollar\u00e1 una actividad de \u201cba\u00f1o de bosque\u201d, instancia en la que los asistentes podr\u00e1n conectarse con la naturaleza que rodea a Villa O\u00b4Higgins\u201d, coment\u00f3, agregando en su relato que en la instancia se desarrollar\u00e1n relatos, habr\u00e1 sorpresas y rincones de historia.<\/p>\n<p style=\"text-align: justify;\">Desde la Seremi de Bienes Nacionales de Ays\u00e9n, la autoridad regional, Irina Morend Valdebenito destac\u00f3 la importancia del BNP en la provincia de Los Glaciares como un atractivo tur\u00edstico emergente y tambi\u00e9n se\u00f1al\u00f3 que, \u201cestamos muy contentos por c\u00f3mo la gesti\u00f3n de este BNP \u00a0a partir de la administraci\u00f3n de la Municipalidad de O\u00b4Higgins, ha permitido potenciar esta importante reserva fiscal vinculando no solo a la comunidad local, sino que tambi\u00e9n, transformando el espacio en un \u00e1rea educativa respecto del medio ambiente y tambi\u00e9n un espacio para contemplar el patrimonio natural que es de todos y todas\u201d.<\/p>\n<p style=\"text-align: justify;\">Es importante mencionar que este BNP ha experimentado un crecimiento exponencial en cuanto a las visitas, as\u00ed, en la temporada 2023 se recibieron aproximadamente 4 mil turistas, cifra que aument\u00f3 en la temporada 2024, periodo en el que se registraron m\u00e1s de 7.300 visitantes de diferentes nacionalidades; efecto positivo de los atractivos de la mundialmente conocida Carretera Austral, lo que se ha transformado en una gran oportunidad para impulsar la oferta tur\u00edstica de O\u00b4Higgins debido a que el BNP Parque Glaciar Mosco se levanta como uno de los principales atractivos tur\u00edsticos de Capit\u00e1n Prat, destino conocido como Provincia de Los Glaciares.<\/p>\n<p style=\"text-align: justify;\"><strong>\u00a0<\/strong><\/p>\n<\/div><\/section><\/div><div  style='height:50px' class='hr hr-invisible   avia-builder-el-6  el_after_av_one_full  el_before_av_social_share '><span class='hr-inner ' ><span class='hr-inner-style'><\/span><\/span><\/div><\/p>\n<div  class='av-social-sharing-box  avia-builder-el-7  el_after_av_hr  el_before_av_hr  '><div class='av-share-box'><h5 class='av-share-link-description av-no-toc '>Compartir esta noticia<\/h5><ul class='av-share-box-list noLightbox'><li class='av-share-link av-social-link-facebook' ><a target=\"_blank\" aria-label=\"Compartir en Facebook\" href='https:\/\/www.facebook.com\/sharer.php?u=https:\/\/radiorevelacionfm.cl\/?p=54277&#038;t=Parque%20Glaciar%20Mosco%20se%20suma%20a%20actividades%20por%20D%C3%ADa%20de%20Los%20Patrimonios%20en%20Villa%20O%C2%B4Higgins' aria-hidden='false' data-av_icon='\ue8f3' data-av_iconfont='entypo-fontello' title='' data-avia-related-tooltip='Compartir en Facebook' rel=\"noopener\"><span class='avia_hidden_link_text'>Compartir en Facebook<\/span><\/a><\/li><li class='av-share-link av-social-link-twitter' ><a target=\"_blank\" aria-label=\"Compartir en Twitter\" href='https:\/\/twitter.com\/share?text=Parque%20Glaciar%20Mosco%20se%20suma%20a%20actividades%20por%20D%C3%ADa%20de%20Los%20Patrimonios%20en%20Villa%20O%C2%B4Higgins&#038;url=https:\/\/radiorevelacionfm.cl\/?p=54277' aria-hidden='false' data-av_icon='\ue8f1' data-av_iconfont='entypo-fontello' title='' data-avia-related-tooltip='Compartir en Twitter' rel=\"noopener\"><span class='avia_hidden_link_text'>Compartir en Twitter<\/span><\/a><\/li><li class='av-share-link av-social-link-whatsapp' ><a target=\"_blank\" aria-label=\"Compartir en Whatsapp\" href='https:\/\/api.whatsapp.com\/send?text=https:\/\/radiorevelacionfm.cl\/?p=54277' aria-hidden='false' data-av_icon='\uf232' data-av_iconfont='entypo-fontello' title='' data-avia-related-tooltip='Compartir en Whatsapp' rel=\"noopener\"><span class='avia_hidden_link_text'>Compartir en Whatsapp<\/span><\/a><\/li><li class='av-share-link av-social-link-linkedin' ><a target=\"_blank\" aria-label=\"Compartir en LinkedIn\" href='https:\/\/linkedin.com\/shareArticle?mini=true&#038;title=Parque%20Glaciar%20Mosco%20se%20suma%20a%20actividades%20por%20D%C3%ADa%20de%20Los%20Patrimonios%20en%20Villa%20O%C2%B4Higgins&#038;url=https:\/\/radiorevelacionfm.cl\/?p=54277' aria-hidden='false' data-av_icon='\ue8fc' data-av_iconfont='entypo-fontello' title='' data-avia-related-tooltip='Compartir en LinkedIn' rel=\"noopener\"><span class='avia_hidden_link_text'>Compartir en LinkedIn<\/span><\/a><\/li><li class='av-share-link av-social-link-mail' ><a  aria-label=\"Compartir por correo\" href='mailto:?subject=Parque%20Glaciar%20Mosco%20se%20suma%20a%20actividades%20por%20D%C3%ADa%20de%20Los%20Patrimonios%20en%20Villa%20O%C2%B4Higgins&#038;body=https:\/\/radiorevelacionfm.cl\/?p=54277' aria-hidden='false' data-av_icon='\ue805' data-av_iconfont='entypo-fontello' title='' data-avia-related-tooltip='Compartir por correo'><span class='avia_hidden_link_text'>Compartir por correo<\/span><\/a><\/li><\/ul><\/div><\/div>\n<div  style='height:50px' class='hr hr-invisible   avia-builder-el-8  el_after_av_social_share  el_before_av_comments_list '><span class='hr-inner ' ><span class='hr-inner-style'><\/span><\/span><\/div>\n<div  class='av-buildercomment  av-blog-meta-html-info-disabled av-blog-meta-tag-disabled  '><\/div>\n","protected":false},"excerpt":{"rendered":"","protected":false},"author":1,"featured_media":54278,"comment_status":"closed","ping_status":"closed","sticky":false,"template":"","format":"standard","meta":{"footnotes":""},"categories":[38],"tags":[],"class_list":["post-54277","post","type-post","status-publish","format-standard","has-post-thumbnail","hentry","category-regional"],"jetpack_featured_media_url":"https:\/\/radiorevelacionfm.cl\/wp-content\/uploads\/2025\/05\/whatsapp-image-2025-03-05-at-12_optimized_optimized.22.06-pm-1-1-1.jpeg","_links":{"self":[{"href":"https:\/\/radiorevelacionfm.cl\/index.php?rest_route=\/wp\/v2\/posts\/54277","targetHints":{"allow":["GET"]}}],"collection":[{"href":"https:\/\/radiorevelacionfm.cl\/index.php?rest_route=\/wp\/v2\/posts"}],"about":[{"href":"https:\/\/radiorevelacionfm.cl\/index.php?rest_route=\/wp\/v2\/types\/post"}],"author":[{"embeddable":true,"href":"https:\/\/radiorevelacionfm.cl\/index.php?rest_route=\/wp\/v2\/users\/1"}],"replies":[{"embeddable":true,"href":"https:\/\/radiorevelacionfm.cl\/index.php?rest_route=%2Fwp%2Fv2%2Fcomments&post=54277"}],"version-history":[{"count":2,"href":"https:\/\/radiorevelacionfm.cl\/index.php?rest_route=\/wp\/v2\/posts\/54277\/revisions"}],"predecessor-version":[{"id":54281,"href":"https:\/\/radiorevelacionfm.cl\/index.php?rest_route=\/wp\/v2\/posts\/54277\/revisions\/54281"}],"wp:featuredmedia":[{"embeddable":true,"href":"https:\/\/radiorevelacionfm.cl\/index.php?rest_route=\/wp\/v2\/media\/54278"}],"wp:attachment":[{"href":"https:\/\/radiorevelacionfm.cl\/index.php?rest_route=%2Fwp%2Fv2%2Fmedia&parent=54277"}],"wp:term":[{"taxonomy":"category","embeddable":true,"href":"https:\/\/radiorevelacionfm.cl\/index.php?rest_route=%2Fwp%2Fv2%2Fcategories&post=54277"},{"taxonomy":"post_tag","embeddable":true,"href":"https:\/\/radiorevelacionfm.cl\/index.php?rest_route=%2Fwp%2Fv2%2Ftags&post=54277"}],"curies":[{"name":"wp","href":"https:\/\/api.w.org\/{rel}","templated":true}]}}