{"id":54269,"date":"2025-05-22T16:47:14","date_gmt":"2025-05-22T19:47:14","guid":{"rendered":"https:\/\/radiorevelacionfm.cl\/?p=54269"},"modified":"2025-05-22T16:47:14","modified_gmt":"2025-05-22T19:47:14","slug":"impulsan-creacion-de-la-mesa-regional-de-fibromialgia-en-aysen","status":"publish","type":"post","link":"https:\/\/radiorevelacionfm.cl\/?p=54269","title":{"rendered":"Impulsan creaci\u00f3n de la Mesa Regional de Fibromialgia en Ays\u00e9n"},"content":{"rendered":"<div class=\"flex_column av_one_full  flex_column_div av-zero-column-padding first  avia-builder-el-0  el_before_av_one_full  avia-builder-el-first  \" style='border-radius:0px; '><div  class='avia-image-container  av-styling-    avia-builder-el-1  avia-builder-el-no-sibling  avia-align-center '  itemprop=\"image\" itemscope=\"itemscope\" itemtype=\"https:\/\/schema.org\/ImageObject\"  ><div class='avia-image-container-inner'><div class='avia-image-overlay-wrap'><img decoding=\"async\" class='wp-image-54270 avia-img-lazy-loading-not-54270 avia_image' src=\"https:\/\/radiorevelacionfm.cl\/wp-content\/uploads\/2025\/05\/foto-fibromialgia-1_optimized-1.jpg\" alt='' title='foto-fibromialgia-(1)_optimized (1)' height=\"600\" width=\"1053\"  itemprop=\"thumbnailUrl\" srcset=\"https:\/\/radiorevelacionfm.cl\/wp-content\/uploads\/2025\/05\/foto-fibromialgia-1_optimized-1.jpg 1053w, https:\/\/radiorevelacionfm.cl\/wp-content\/uploads\/2025\/05\/foto-fibromialgia-1_optimized-1-300x171.jpg 300w, https:\/\/radiorevelacionfm.cl\/wp-content\/uploads\/2025\/05\/foto-fibromialgia-1_optimized-1-1030x587.jpg 1030w, https:\/\/radiorevelacionfm.cl\/wp-content\/uploads\/2025\/05\/foto-fibromialgia-1_optimized-1-768x438.jpg 768w, https:\/\/radiorevelacionfm.cl\/wp-content\/uploads\/2025\/05\/foto-fibromialgia-1_optimized-1-705x402.jpg 705w, https:\/\/radiorevelacionfm.cl\/wp-content\/uploads\/2025\/05\/foto-fibromialgia-1_optimized-1-450x256.jpg 450w, https:\/\/radiorevelacionfm.cl\/wp-content\/uploads\/2025\/05\/foto-fibromialgia-1_optimized-1-600x342.jpg 600w\" sizes=\"(max-width: 1053px) 100vw, 1053px\" \/><\/div><\/div><\/div><\/div><div class=\"flex_column av_one_full  flex_column_div av-zero-column-padding first  avia-builder-el-2  el_after_av_one_full  el_before_av_one_full  column-top-margin\" style='border-radius:0px; '><section class=\"av_textblock_section \"  itemscope=\"itemscope\" itemtype=\"https:\/\/schema.org\/BlogPosting\" itemprop=\"blogPost\" ><div class='avia_textblock  '   itemprop=\"text\" ><p style=\"text-align: center;\"><strong><span style=\"font-size: 18pt;\">Impulsan creaci\u00f3n de la Mesa Regional de Fibromialgia en Ays\u00e9n<\/span><\/strong><\/p>\n<div id=\"gtx-trans\" style=\"position: absolute; left: -50px; top: 4.31534px;\">\n<div class=\"gtx-trans-icon\"><\/div>\n<\/div>\n<\/div><\/section><\/div><div class=\"flex_column av_one_full  flex_column_div av-zero-column-padding first  avia-builder-el-4  el_after_av_one_full  el_before_av_hr  column-top-margin\" style='border-radius:0px; '><section class=\"av_textblock_section \"  itemscope=\"itemscope\" itemtype=\"https:\/\/schema.org\/BlogPosting\" itemprop=\"blogPost\" ><div class='avia_textblock  '   itemprop=\"text\" ><p style=\"text-align: justify;\">El diputado Miguel \u00c1ngel Calisto se reuni\u00f3 con representantes de la Fundaci\u00f3n Regional de Fibromialgia,\u00a0 Dolor Cr\u00f3nico y Terapias Complementarias, instancia en la cual hicieron un llamado al Gobierno para crear una mesa de trabajo con representantes del Ministerio de Salud para tratar las implicancias de esta condici\u00f3n cr\u00f3nica en la Regi\u00f3n.<\/p>\n<p style=\"text-align: justify;\">Seg\u00fan el diputado Calisto, \u00abesta es una situaci\u00f3n compleja porque afecta a muchas personas en nuestra regi\u00f3n y por eso hemos tomado un acuerdo de poder impulsar la creaci\u00f3n de la Mesa Regional de Fibromialgia para que el Servicio de Salud Ays\u00e9n, a nivel regional, pueda abordar este tema de manera integral\u00bb.<\/p>\n<p style=\"text-align: justify;\">\u00abPor ejemplo, d\u00e1ndole prioridad en las atenciones, en las horas m\u00e9dicas, en las horas kinesiol\u00f3gicas, en las horas de los psic\u00f3logos, de todas las especialidades que ellos requieren. Lamentablemente, y quiero recalcar esto, muchas veces las autoridades no entienden lo que significa la fibromialgia, no entienden la cantidad de personas que viven con esta patolog\u00eda, lo que significa estar con un dolor permanente las 24 horas del d\u00eda\u00bb, se\u00f1al\u00f3 Calisto.<\/p>\n<p style=\"text-align: justify;\">El legislador agreg\u00f3 que \u00abes fundamental que podamos implementar una Mesa para que a nivel local esto se complemente con la ley que se aprob\u00f3 en el Congreso, pero que lamentablemente hoy d\u00eda no ha tenido una bajada concreta en los territorios y por eso nosotros creemos que esta Mesa T\u00e9cnica para poder abordar el tema de las horas m\u00e9dicas, para que exista una unidad especialista para atender a los pacientes con fibromialgia, se aplique en el territorio. As\u00ed que vamos a seguir apoyando a la Fundaci\u00f3n, que es regional, que hay integrantes de Puerto Ays\u00e9n, de Coyhaique, de toda la regi\u00f3n y que esperamos siga creciendo\u00bb.<\/p>\n<p style=\"text-align: justify;\">Finalmente,\u00a0 Francisca Ronda,\u00a0 presidenta de la Fundaci\u00f3n Regional de Fibromialgia,\u00a0 Dolor Cr\u00f3nico y Terapias Complementarias, \u00abhoy d\u00eda nos encontramos con nuestro parlamentario, nuestro diputado Calisto, para que nos pueda apoyar en todas las gestiones que necesitamos, tanto en la salud, y a nivel nacional y tambi\u00e9n en todas las instancias que necesitamos con los especialistas, tambi\u00e9n a ver si nos puede colaborar en el intersector\u00bb.<\/p>\n<\/div><\/section><\/div><div  style='height:50px' class='hr hr-invisible   avia-builder-el-6  el_after_av_one_full  el_before_av_social_share '><span class='hr-inner ' ><span class='hr-inner-style'><\/span><\/span><\/div><\/p>\n<div  class='av-social-sharing-box  avia-builder-el-7  el_after_av_hr  el_before_av_hr  '><div class='av-share-box'><h5 class='av-share-link-description av-no-toc '>Compartir esta noticia<\/h5><ul class='av-share-box-list noLightbox'><li class='av-share-link av-social-link-facebook' ><a target=\"_blank\" aria-label=\"Compartir en Facebook\" href='https:\/\/www.facebook.com\/sharer.php?u=https:\/\/radiorevelacionfm.cl\/?p=54269&#038;t=Impulsan%20creaci%C3%B3n%20de%20la%20Mesa%20Regional%20de%20Fibromialgia%20en%20Ays%C3%A9n' aria-hidden='false' data-av_icon='\ue8f3' data-av_iconfont='entypo-fontello' title='' data-avia-related-tooltip='Compartir en Facebook' rel=\"noopener\"><span class='avia_hidden_link_text'>Compartir en Facebook<\/span><\/a><\/li><li class='av-share-link av-social-link-twitter' ><a target=\"_blank\" aria-label=\"Compartir en Twitter\" href='https:\/\/twitter.com\/share?text=Impulsan%20creaci%C3%B3n%20de%20la%20Mesa%20Regional%20de%20Fibromialgia%20en%20Ays%C3%A9n&#038;url=https:\/\/radiorevelacionfm.cl\/?p=54269' aria-hidden='false' data-av_icon='\ue8f1' data-av_iconfont='entypo-fontello' title='' data-avia-related-tooltip='Compartir en Twitter' rel=\"noopener\"><span class='avia_hidden_link_text'>Compartir en Twitter<\/span><\/a><\/li><li class='av-share-link av-social-link-whatsapp' ><a target=\"_blank\" aria-label=\"Compartir en Whatsapp\" href='https:\/\/api.whatsapp.com\/send?text=https:\/\/radiorevelacionfm.cl\/?p=54269' aria-hidden='false' data-av_icon='\uf232' data-av_iconfont='entypo-fontello' title='' data-avia-related-tooltip='Compartir en Whatsapp' rel=\"noopener\"><span class='avia_hidden_link_text'>Compartir en Whatsapp<\/span><\/a><\/li><li class='av-share-link av-social-link-linkedin' ><a target=\"_blank\" aria-label=\"Compartir en LinkedIn\" href='https:\/\/linkedin.com\/shareArticle?mini=true&#038;title=Impulsan%20creaci%C3%B3n%20de%20la%20Mesa%20Regional%20de%20Fibromialgia%20en%20Ays%C3%A9n&#038;url=https:\/\/radiorevelacionfm.cl\/?p=54269' aria-hidden='false' data-av_icon='\ue8fc' data-av_iconfont='entypo-fontello' title='' data-avia-related-tooltip='Compartir en LinkedIn' rel=\"noopener\"><span class='avia_hidden_link_text'>Compartir en LinkedIn<\/span><\/a><\/li><li class='av-share-link av-social-link-mail' ><a  aria-label=\"Compartir por correo\" href='mailto:?subject=Impulsan%20creaci%C3%B3n%20de%20la%20Mesa%20Regional%20de%20Fibromialgia%20en%20Ays%C3%A9n&#038;body=https:\/\/radiorevelacionfm.cl\/?p=54269' aria-hidden='false' data-av_icon='\ue805' data-av_iconfont='entypo-fontello' title='' data-avia-related-tooltip='Compartir por correo'><span class='avia_hidden_link_text'>Compartir por correo<\/span><\/a><\/li><\/ul><\/div><\/div>\n<div  style='height:50px' class='hr hr-invisible   avia-builder-el-8  el_after_av_social_share  el_before_av_comments_list '><span class='hr-inner ' ><span class='hr-inner-style'><\/span><\/span><\/div>\n<div  class='av-buildercomment  av-blog-meta-html-info-disabled av-blog-meta-tag-disabled  '><\/div>\n","protected":false},"excerpt":{"rendered":"","protected":false},"author":1,"featured_media":54270,"comment_status":"closed","ping_status":"closed","sticky":false,"template":"","format":"standard","meta":{"footnotes":""},"categories":[35],"tags":[],"class_list":["post-54269","post","type-post","status-publish","format-standard","has-post-thumbnail","hentry","category-politica"],"jetpack_featured_media_url":"https:\/\/radiorevelacionfm.cl\/wp-content\/uploads\/2025\/05\/foto-fibromialgia-1_optimized-1.jpg","_links":{"self":[{"href":"https:\/\/radiorevelacionfm.cl\/index.php?rest_route=\/wp\/v2\/posts\/54269","targetHints":{"allow":["GET"]}}],"collection":[{"href":"https:\/\/radiorevelacionfm.cl\/index.php?rest_route=\/wp\/v2\/posts"}],"about":[{"href":"https:\/\/radiorevelacionfm.cl\/index.php?rest_route=\/wp\/v2\/types\/post"}],"author":[{"embeddable":true,"href":"https:\/\/radiorevelacionfm.cl\/index.php?rest_route=\/wp\/v2\/users\/1"}],"replies":[{"embeddable":true,"href":"https:\/\/radiorevelacionfm.cl\/index.php?rest_route=%2Fwp%2Fv2%2Fcomments&post=54269"}],"version-history":[{"count":2,"href":"https:\/\/radiorevelacionfm.cl\/index.php?rest_route=\/wp\/v2\/posts\/54269\/revisions"}],"predecessor-version":[{"id":54291,"href":"https:\/\/radiorevelacionfm.cl\/index.php?rest_route=\/wp\/v2\/posts\/54269\/revisions\/54291"}],"wp:featuredmedia":[{"embeddable":true,"href":"https:\/\/radiorevelacionfm.cl\/index.php?rest_route=\/wp\/v2\/media\/54270"}],"wp:attachment":[{"href":"https:\/\/radiorevelacionfm.cl\/index.php?rest_route=%2Fwp%2Fv2%2Fmedia&parent=54269"}],"wp:term":[{"taxonomy":"category","embeddable":true,"href":"https:\/\/radiorevelacionfm.cl\/index.php?rest_route=%2Fwp%2Fv2%2Fcategories&post=54269"},{"taxonomy":"post_tag","embeddable":true,"href":"https:\/\/radiorevelacionfm.cl\/index.php?rest_route=%2Fwp%2Fv2%2Ftags&post=54269"}],"curies":[{"name":"wp","href":"https:\/\/api.w.org\/{rel}","templated":true}]}}