{"id":54265,"date":"2025-05-22T12:26:15","date_gmt":"2025-05-22T15:26:15","guid":{"rendered":"https:\/\/radiorevelacionfm.cl\/?p=54265"},"modified":"2025-05-22T12:26:15","modified_gmt":"2025-05-22T15:26:15","slug":"rio-ibanez-proyecto-de-conservacion-de-la-escuela-aonikenk-alcanza-un-80-de-avance","status":"publish","type":"post","link":"https:\/\/radiorevelacionfm.cl\/?p=54265","title":{"rendered":"R\u00edo Ib\u00e1\u00f1ez: Proyecto de conservaci\u00f3n de la Escuela Aonikenk alcanza un 80% de avance"},"content":{"rendered":"<div class=\"flex_column av_one_full  flex_column_div av-zero-column-padding first  avia-builder-el-0  el_before_av_one_full  avia-builder-el-first  \" style='border-radius:0px; '><div  class='avia-image-container  av-styling-    avia-builder-el-1  avia-builder-el-no-sibling  avia-align-center '  itemprop=\"image\" itemscope=\"itemscope\" itemtype=\"https:\/\/schema.org\/ImageObject\"  ><div class='avia-image-container-inner'><div class='avia-image-overlay-wrap'><img decoding=\"async\" class='wp-image-54266 avia-img-lazy-loading-not-54266 avia_image' src=\"https:\/\/radiorevelacionfm.cl\/wp-content\/uploads\/2025\/05\/05-8-1_optimized-1.jpg\" alt='' title='05-(8)-(1)_optimized (1)' height=\"600\" width=\"1066\"  itemprop=\"thumbnailUrl\" srcset=\"https:\/\/radiorevelacionfm.cl\/wp-content\/uploads\/2025\/05\/05-8-1_optimized-1.jpg 1066w, https:\/\/radiorevelacionfm.cl\/wp-content\/uploads\/2025\/05\/05-8-1_optimized-1-300x169.jpg 300w, https:\/\/radiorevelacionfm.cl\/wp-content\/uploads\/2025\/05\/05-8-1_optimized-1-1030x580.jpg 1030w, https:\/\/radiorevelacionfm.cl\/wp-content\/uploads\/2025\/05\/05-8-1_optimized-1-768x432.jpg 768w, https:\/\/radiorevelacionfm.cl\/wp-content\/uploads\/2025\/05\/05-8-1_optimized-1-705x397.jpg 705w, https:\/\/radiorevelacionfm.cl\/wp-content\/uploads\/2025\/05\/05-8-1_optimized-1-450x253.jpg 450w, https:\/\/radiorevelacionfm.cl\/wp-content\/uploads\/2025\/05\/05-8-1_optimized-1-600x338.jpg 600w\" sizes=\"(max-width: 1066px) 100vw, 1066px\" \/><\/div><\/div><\/div><\/div><div class=\"flex_column av_one_full  flex_column_div av-zero-column-padding first  avia-builder-el-2  el_after_av_one_full  el_before_av_one_full  column-top-margin\" style='border-radius:0px; '><section class=\"av_textblock_section \"  itemscope=\"itemscope\" itemtype=\"https:\/\/schema.org\/BlogPosting\" itemprop=\"blogPost\" ><div class='avia_textblock  '   itemprop=\"text\" ><p style=\"text-align: center;\"><strong><span style=\"font-size: 18pt;\">R\u00edo Ib\u00e1\u00f1ez: Proyecto de conservaci\u00f3n de la Escuela Aonikenk alcanza un 80% de avance<\/span><\/strong><\/p>\n<div id=\"gtx-trans\" style=\"position: absolute; left: -50px; top: 4.31534px;\">\n<div class=\"gtx-trans-icon\"><\/div>\n<\/div>\n<\/div><\/section><\/div><div class=\"flex_column av_one_full  flex_column_div av-zero-column-padding first  avia-builder-el-4  el_after_av_one_full  el_before_av_hr  column-top-margin\" style='border-radius:0px; '><section class=\"av_textblock_section \"  itemscope=\"itemscope\" itemtype=\"https:\/\/schema.org\/BlogPosting\" itemprop=\"blogPost\" ><div class='avia_textblock  '   itemprop=\"text\" ><p style=\"text-align: justify;\"><em>Con una inversi\u00f3n que supera los $1.600 millones, la hist\u00f3rica obra permitir\u00e1 mejorar significativamente las condiciones de infraestructura y bienestar para la comunidad educativa de Puerto Ingeniero Ib\u00e1\u00f1ez.<\/em><\/p>\n<p style=\"text-align: justify;\">Uno de los proyectos m\u00e1s relevantes en ejecuci\u00f3n dentro de la comuna de R\u00edo Ib\u00e1\u00f1ez es la Conservaci\u00f3n de la Escuela Aonikenk de Puerto Ingeniero Ib\u00e1\u00f1ez. Esta importante iniciativa, impulsada por el municipio y financiada con recursos del Gobierno Regional de Ays\u00e9n, contempla una inversi\u00f3n superior a los $1.600 millones y busca transformar las condiciones de infraestructura y confort del establecimiento educativo.<\/p>\n<p style=\"text-align: justify;\">A casi un a\u00f1o del inicio de las obras, el Honorable Concejo Municipal de R\u00edo Ib\u00e1\u00f1ez, encabezado por el alcalde Marcelo J\u00e9lvez C\u00e1rdenas, junto a profesionales del Departamento de Obra, realiz\u00f3 el pasado martes 20 de mayo una visita t\u00e9cnica para verificar en terreno el avance de los trabajos, constatando un progreso f\u00edsico del 80%.<\/p>\n<p style=\"text-align: justify;\">Seg\u00fan detall\u00f3 el Inspector T\u00e9cnico de Obras, Cristian Santana Ojeda, ya se realiz\u00f3 la entrega provisoria de los pabellones E y D (nivel preb\u00e1sico), mientras que las mejoras en los pabellones A, B, C y los patios contin\u00faan en pleno desarrollo.<\/p>\n<p style=\"text-align: justify;\">El proyecto, a cargo de la empresa Recos Spa, incluye intervenciones como el recambio de pisos, cubiertas y sistema el\u00e9ctrico, mejoramiento de muros, cielos y revestimiento exterior, aislaci\u00f3n t\u00e9rmica, renovaci\u00f3n de puertas y ventanas con termopanel de PVC, adem\u00e1s de la construcci\u00f3n de nuevos patios, \u00e1reas verdes y espacios de juegos.<\/p>\n<p style=\"text-align: justify;\">El alcalde Marcelo J\u00e9lvez C\u00e1rdenas se refiri\u00f3 a esta hist\u00f3rica inversi\u00f3n que beneficiar\u00e1 considerablemente a la comunidad educativa de la capital comunal. \u201cEn esta visita pudimos corroborar que la Escuela Aonikenk ser\u00e1 un establecimiento de primer nivel. Est\u00e1 quedando maravillosa. Nuestros estudiantes tendr\u00e1n las mejores condiciones para un aprendizaje m\u00e1s efectivo\u201d, sentenci\u00f3.<\/p>\n<\/div><\/section><\/div><div  style='height:50px' class='hr hr-invisible   avia-builder-el-6  el_after_av_one_full  el_before_av_social_share '><span class='hr-inner ' ><span class='hr-inner-style'><\/span><\/span><\/div><\/p>\n<div  class='av-social-sharing-box  avia-builder-el-7  el_after_av_hr  el_before_av_hr  '><div class='av-share-box'><h5 class='av-share-link-description av-no-toc '>Compartir esta noticia<\/h5><ul class='av-share-box-list noLightbox'><li class='av-share-link av-social-link-facebook' ><a target=\"_blank\" aria-label=\"Compartir en Facebook\" href='https:\/\/www.facebook.com\/sharer.php?u=https:\/\/radiorevelacionfm.cl\/?p=54265&#038;t=R%C3%ADo%20Ib%C3%A1%C3%B1ez%3A%20Proyecto%20de%20conservaci%C3%B3n%20de%20la%20Escuela%20Aonikenk%20alcanza%20un%2080%25%20de%20avance' aria-hidden='false' data-av_icon='\ue8f3' data-av_iconfont='entypo-fontello' title='' data-avia-related-tooltip='Compartir en Facebook' rel=\"noopener\"><span class='avia_hidden_link_text'>Compartir en Facebook<\/span><\/a><\/li><li class='av-share-link av-social-link-twitter' ><a target=\"_blank\" aria-label=\"Compartir en Twitter\" href='https:\/\/twitter.com\/share?text=R%C3%ADo%20Ib%C3%A1%C3%B1ez%3A%20Proyecto%20de%20conservaci%C3%B3n%20de%20la%20Escuela%20Aonikenk%20alcanza%20un%2080%25%20de%20avance&#038;url=https:\/\/radiorevelacionfm.cl\/?p=54265' aria-hidden='false' data-av_icon='\ue8f1' data-av_iconfont='entypo-fontello' title='' data-avia-related-tooltip='Compartir en Twitter' rel=\"noopener\"><span class='avia_hidden_link_text'>Compartir en Twitter<\/span><\/a><\/li><li class='av-share-link av-social-link-whatsapp' ><a target=\"_blank\" aria-label=\"Compartir en Whatsapp\" href='https:\/\/api.whatsapp.com\/send?text=https:\/\/radiorevelacionfm.cl\/?p=54265' aria-hidden='false' data-av_icon='\uf232' data-av_iconfont='entypo-fontello' title='' data-avia-related-tooltip='Compartir en Whatsapp' rel=\"noopener\"><span class='avia_hidden_link_text'>Compartir en Whatsapp<\/span><\/a><\/li><li class='av-share-link av-social-link-linkedin' ><a target=\"_blank\" aria-label=\"Compartir en LinkedIn\" href='https:\/\/linkedin.com\/shareArticle?mini=true&#038;title=R%C3%ADo%20Ib%C3%A1%C3%B1ez%3A%20Proyecto%20de%20conservaci%C3%B3n%20de%20la%20Escuela%20Aonikenk%20alcanza%20un%2080%25%20de%20avance&#038;url=https:\/\/radiorevelacionfm.cl\/?p=54265' aria-hidden='false' data-av_icon='\ue8fc' data-av_iconfont='entypo-fontello' title='' data-avia-related-tooltip='Compartir en LinkedIn' rel=\"noopener\"><span class='avia_hidden_link_text'>Compartir en LinkedIn<\/span><\/a><\/li><li class='av-share-link av-social-link-mail' ><a  aria-label=\"Compartir por correo\" href='mailto:?subject=R%C3%ADo%20Ib%C3%A1%C3%B1ez%3A%20Proyecto%20de%20conservaci%C3%B3n%20de%20la%20Escuela%20Aonikenk%20alcanza%20un%2080%25%20de%20avance&#038;body=https:\/\/radiorevelacionfm.cl\/?p=54265' aria-hidden='false' data-av_icon='\ue805' data-av_iconfont='entypo-fontello' title='' data-avia-related-tooltip='Compartir por correo'><span class='avia_hidden_link_text'>Compartir por correo<\/span><\/a><\/li><\/ul><\/div><\/div>\n<div  style='height:50px' class='hr hr-invisible   avia-builder-el-8  el_after_av_social_share  el_before_av_comments_list '><span class='hr-inner ' ><span class='hr-inner-style'><\/span><\/span><\/div>\n<div  class='av-buildercomment  av-blog-meta-html-info-disabled av-blog-meta-tag-disabled  '><\/div>\n","protected":false},"excerpt":{"rendered":"","protected":false},"author":1,"featured_media":54266,"comment_status":"closed","ping_status":"closed","sticky":false,"template":"","format":"standard","meta":{"footnotes":""},"categories":[38],"tags":[],"class_list":["post-54265","post","type-post","status-publish","format-standard","has-post-thumbnail","hentry","category-regional"],"jetpack_featured_media_url":"https:\/\/radiorevelacionfm.cl\/wp-content\/uploads\/2025\/05\/05-8-1_optimized-1.jpg","_links":{"self":[{"href":"https:\/\/radiorevelacionfm.cl\/index.php?rest_route=\/wp\/v2\/posts\/54265","targetHints":{"allow":["GET"]}}],"collection":[{"href":"https:\/\/radiorevelacionfm.cl\/index.php?rest_route=\/wp\/v2\/posts"}],"about":[{"href":"https:\/\/radiorevelacionfm.cl\/index.php?rest_route=\/wp\/v2\/types\/post"}],"author":[{"embeddable":true,"href":"https:\/\/radiorevelacionfm.cl\/index.php?rest_route=\/wp\/v2\/users\/1"}],"replies":[{"embeddable":true,"href":"https:\/\/radiorevelacionfm.cl\/index.php?rest_route=%2Fwp%2Fv2%2Fcomments&post=54265"}],"version-history":[{"count":2,"href":"https:\/\/radiorevelacionfm.cl\/index.php?rest_route=\/wp\/v2\/posts\/54265\/revisions"}],"predecessor-version":[{"id":54268,"href":"https:\/\/radiorevelacionfm.cl\/index.php?rest_route=\/wp\/v2\/posts\/54265\/revisions\/54268"}],"wp:featuredmedia":[{"embeddable":true,"href":"https:\/\/radiorevelacionfm.cl\/index.php?rest_route=\/wp\/v2\/media\/54266"}],"wp:attachment":[{"href":"https:\/\/radiorevelacionfm.cl\/index.php?rest_route=%2Fwp%2Fv2%2Fmedia&parent=54265"}],"wp:term":[{"taxonomy":"category","embeddable":true,"href":"https:\/\/radiorevelacionfm.cl\/index.php?rest_route=%2Fwp%2Fv2%2Fcategories&post=54265"},{"taxonomy":"post_tag","embeddable":true,"href":"https:\/\/radiorevelacionfm.cl\/index.php?rest_route=%2Fwp%2Fv2%2Ftags&post=54265"}],"curies":[{"name":"wp","href":"https:\/\/api.w.org\/{rel}","templated":true}]}}