{"id":5426,"date":"2021-06-17T23:23:11","date_gmt":"2021-06-18T02:23:11","guid":{"rendered":"https:\/\/radiorevelacionfm.cl\/?p=5426"},"modified":"2021-06-17T23:23:11","modified_gmt":"2021-06-18T02:23:11","slug":"mas-de-10-000-atenciones-ha-realizado-la-urgencia-pediatrica-del-hrc-durante-la-pandemia","status":"publish","type":"post","link":"https:\/\/radiorevelacionfm.cl\/?p=5426","title":{"rendered":"M\u00e1s de 10.000 atenciones ha realizado la Urgencia Pedi\u00e1trica del HRC durante la pandemia"},"content":{"rendered":"<div class=\"flex_column av_one_full  flex_column_div av-zero-column-padding first  avia-builder-el-0  el_before_av_one_full  avia-builder-el-first  \" style='border-radius:0px; '><div  class='avia-image-container  av-styling-    avia-builder-el-1  avia-builder-el-no-sibling  avia-align-center '  itemprop=\"image\" itemscope=\"itemscope\" itemtype=\"https:\/\/schema.org\/ImageObject\"  ><div class='avia-image-container-inner'><div class='avia-image-overlay-wrap'><img decoding=\"async\" class='wp-image-5427 avia-img-lazy-loading-not-5427 avia_image' src=\"https:\/\/radiorevelacionfm.cl\/wp-content\/uploads\/2021\/06\/Urgencia-Pediatrica-2-1-1.jpg\" alt='' title='Urgencia Pedi\u00e1trica (2) (1) (1)' height=\"600\" width=\"1028\"  itemprop=\"thumbnailUrl\" srcset=\"https:\/\/radiorevelacionfm.cl\/wp-content\/uploads\/2021\/06\/Urgencia-Pediatrica-2-1-1.jpg 1028w, https:\/\/radiorevelacionfm.cl\/wp-content\/uploads\/2021\/06\/Urgencia-Pediatrica-2-1-1-300x175.jpg 300w, https:\/\/radiorevelacionfm.cl\/wp-content\/uploads\/2021\/06\/Urgencia-Pediatrica-2-1-1-768x448.jpg 768w, https:\/\/radiorevelacionfm.cl\/wp-content\/uploads\/2021\/06\/Urgencia-Pediatrica-2-1-1-705x411.jpg 705w, https:\/\/radiorevelacionfm.cl\/wp-content\/uploads\/2021\/06\/Urgencia-Pediatrica-2-1-1-600x350.jpg 600w\" sizes=\"(max-width: 1028px) 100vw, 1028px\" \/><\/div><\/div><\/div><\/div><div class=\"flex_column av_one_full  flex_column_div av-zero-column-padding first  avia-builder-el-2  el_after_av_one_full  el_before_av_one_full  column-top-margin\" style='border-radius:0px; '><section class=\"av_textblock_section \"  itemscope=\"itemscope\" itemtype=\"https:\/\/schema.org\/BlogPosting\" itemprop=\"blogPost\" ><div class='avia_textblock  '   itemprop=\"text\" ><p style=\"text-align: center;\"><strong><span style=\"font-size: 18pt;\">M\u00e1s de 10.000 atenciones ha realizado la Urgencia Pedi\u00e1trica del HRC durante la pandemia<\/span><\/strong><\/p>\n<div id=\"gtx-trans\" style=\"position: absolute; left: -50px; top: 4.31534px;\">\n<div class=\"gtx-trans-icon\"><\/div>\n<\/div>\n<\/div><\/section><\/div><div class=\"flex_column av_one_full  flex_column_div av-zero-column-padding first  avia-builder-el-4  el_after_av_one_full  el_before_av_hr  column-top-margin\" style='border-radius:0px; '><section class=\"av_textblock_section \"  itemscope=\"itemscope\" itemtype=\"https:\/\/schema.org\/BlogPosting\" itemprop=\"blogPost\" ><div class='avia_textblock  '   itemprop=\"text\" ><p style=\"text-align: justify;\">La creaci\u00f3n e implementaci\u00f3n de este dispositivo no s\u00f3lo ha permitido entregar una atenci\u00f3n segura y exclusiva a los ni\u00f1os y ni\u00f1as de la regi\u00f3n, sino tambi\u00e9n descongestionar el servicio de Urgencia Adultos del establecimiento.<\/p>\n<p style=\"text-align: justify;\">\u201cSi en el contexto de la pandemia por Covid-19 pudi\u00e9ramos buscar una externalidad positiva, sin duda que es la puesta en funcionamiento de la Urgencia Pedi\u00e1trica\u201d, se\u00f1ala enf\u00e1ticamente Jaime L\u00f3pez Quintana, director del Hospital Regional Coyhaique, en relaci\u00f3n a la implementaci\u00f3n de este dispositivo, que desde abril del a\u00f1o 2020, se ha encargado de resolver las demandas asistenciales de los usuarios m\u00e1s peque\u00f1os de nuestra regi\u00f3n.<\/p>\n<p style=\"text-align: justify;\">La medida adoptada por el principal recinto hospitalario regional, tiene como principal objetivo dar una atenci\u00f3n diferenciada y oportuna a las urgencias pedi\u00e1tricas en la contingencia sanitaria por Covid-19, todo acompa\u00f1ado de profundos cambios en el personal e infraestructura. En efecto, se adaptaron los espacios del antiguo servicio de Kinesiolog\u00eda del HRC, lo que permiti\u00f3 tambi\u00e9n la habilitaci\u00f3n de una entrada completamente aparte a la de la Urgencia Adulto, siendo el punto de acceso por calle Jorge Ibar.<\/p>\n<p style=\"text-align: justify;\">Seg\u00fan explica Jaime L\u00f3pez, la implementaci\u00f3n de este dispositivo &#8211; que cuenta con 1 m\u00e9dico, 2 enfermeros, 1 TENS y 1 auxiliar por cada turno de atenci\u00f3n- ha llevado a aumentar la dotaci\u00f3n de funcionarios para generar mejor respuesta a la poblaci\u00f3n infantil. \u201cHemos incorporado refuerzos de especialistas como un traumat\u00f3logo infantil, que hace un mes se integr\u00f3 a nuestra dotaci\u00f3n. Tambi\u00e9n contamos con nuevos pediatras, que en definitiva refuerzan y colaboran en hacer del trabajo de esta Urgencia Pedi\u00e1trica una atenci\u00f3n no solamente digna, sino tambi\u00e9n de muy buena calidad t\u00e9cnica\u201d, precis\u00f3.<\/p>\n<p style=\"text-align: justify;\">El director del HRC agrega que desde su creaci\u00f3n \u201cla Urgencia Pedi\u00e1trica ha realizado m\u00e1s de 10.000 atenciones a ni\u00f1os de toda nuestra regi\u00f3n en condiciones dignas y seguras, que nos han permitido crecer en la forma en que entregamos salud a la poblaci\u00f3n infantil y pedi\u00e1trica en Ays\u00e9n. Nos enorgullece el trabajo que ah\u00ed se ha hecho, complementando y fortaleciendo el equipo humano con nuevos profesionales dedicados, que permanentemente est\u00e1n buscando las formas de capacitarse para entregar un mejor servicio\u201d, sostuvo.<\/p>\n<p style=\"text-align: justify;\">Por su parte, Iv\u00e1n Lemus, m\u00e9dico jefe del Servicio de Pediatr\u00eda, se\u00f1ala que \u201cla implementaci\u00f3n ha sido muy bien evaluada, por el personal y por los usuarios. Hemos tenido una retroalimentaci\u00f3n bastante buena de ellos, ya que consideran que por fin hay una atenci\u00f3n adecuada e integral hacia nuestros pacientes peque\u00f1itos\u201d.<\/p>\n<p style=\"text-align: justify;\">En ese sentido, el Dr. Lemus destaca que la baja en los tiempos de espera, sumado a la calidad de la atenci\u00f3n han sido los puntos fuertes de la Urgencia Pedi\u00e1trica, que en su primer a\u00f1o de funcionamiento ha atendido a m\u00e1s de 10 mil ni\u00f1os, ni\u00f1as y adolescentes. \u201cYa no se mezclan con los pacientes adultos, hay atenci\u00f3n exclusiva. Pasamos de tener dos box de atenci\u00f3n a seis, incluyendo aislamientos y salas de reanimaci\u00f3n exclusiva\u201d, detall\u00f3.<\/p>\n<p style=\"text-align: justify;\"><strong>Descongesti\u00f3n Urgencia Adulto<\/strong><\/p>\n<p style=\"text-align: justify;\">La Urgencia Pedi\u00e1trica ha sido clave para entregar una mejor atenci\u00f3n en la Unidad de Emergencia Hospitalaria (UEH). \u201cDe abril a diciembre de 2020 se atendieron aproximadamente 7.500 pacientes, y durante este a\u00f1o vamos con 2.700, lo que da un total de 10.200 atenciones, eso es muy adecuado, bastante bueno. Ha permitido descongestionar la Urgencia de Adultos y que se pueda atender pacientes m\u00e1s graves que llegan con infecciones por Covid\u201d.<\/p>\n<p style=\"text-align: justify;\">En efecto, tras el alto n\u00famero de pacientes COVID-19 que ha consultado en la UEH durante la actual \u00a0Fase 1 de la comuna de Coyhaique, desde el 23 de mayo la Urgencia Pedi\u00e1trica est\u00e1 atendiendo a personas entre 15 y 20 a\u00f1os.<\/p>\n<p style=\"text-align: justify;\">\u201cEstos pacientes en su mayor\u00eda se hospitalizan, han llegado con cuadros m\u00e1s severos y nuestros 26 funcionarios de la Urgencia Pedi\u00e1trica se han tenido que adaptar, hemos hecho capacitaciones, reuniones frecuentes para poder atender a estos usuarios que entran en el rango de paciente adulto. Este tipo de adaptaci\u00f3n ha sido muy bien recibida por el equipo, a quienes les quiero agradecer todo el esfuerzo que han entregado en este tiempo para la atenci\u00f3n de nuestros usuarios peque\u00f1os y ahora la atenci\u00f3n personas un poco m\u00e1s grandes\u201d, indic\u00f3 Lemus.<\/p>\n<p style=\"text-align: justify;\">El jefe de Pediatr\u00eda del HRC realiz\u00f3 un llamado de conciencia a la poblaci\u00f3n, en momentos en que los equipos de salud tienen alta demanda \u201cNos llama la atenci\u00f3n que lleguen pacientes con una fractura por haber estado en alguna fiesta o evento los fines de semana. Eso no puede ocurrir, sobre todo en estos momentos en que la atenci\u00f3n debe ser preferente para la urgencia pand\u00e9mica que estamos viviendo a nivel mundial\u201d.<\/p>\n<\/div><\/section><\/div><div  style='height:50px' class='hr hr-invisible   avia-builder-el-6  el_after_av_one_full  el_before_av_social_share '><span class='hr-inner ' ><span class='hr-inner-style'><\/span><\/span><\/div><\/p>\n<div  class='av-social-sharing-box  avia-builder-el-7  el_after_av_hr  el_before_av_hr  '><div class='av-share-box'><h5 class='av-share-link-description av-no-toc '>Compartir esta noticia<\/h5><ul class='av-share-box-list noLightbox'><li class='av-share-link av-social-link-facebook' ><a target=\"_blank\" aria-label=\"Compartir en Facebook\" href='https:\/\/www.facebook.com\/sharer.php?u=https:\/\/radiorevelacionfm.cl\/?p=5426&#038;t=M%C3%A1s%20de%2010.000%20atenciones%20ha%20realizado%20la%20Urgencia%20Pedi%C3%A1trica%20del%20HRC%20durante%20la%20pandemia' aria-hidden='false' data-av_icon='\ue8f3' data-av_iconfont='entypo-fontello' title='' data-avia-related-tooltip='Compartir en Facebook' rel=\"noopener\"><span class='avia_hidden_link_text'>Compartir en Facebook<\/span><\/a><\/li><li class='av-share-link av-social-link-twitter' ><a target=\"_blank\" aria-label=\"Compartir en Twitter\" href='https:\/\/twitter.com\/share?text=M%C3%A1s%20de%2010.000%20atenciones%20ha%20realizado%20la%20Urgencia%20Pedi%C3%A1trica%20del%20HRC%20durante%20la%20pandemia&#038;url=https:\/\/radiorevelacionfm.cl\/?p=5426' aria-hidden='false' data-av_icon='\ue8f1' data-av_iconfont='entypo-fontello' title='' data-avia-related-tooltip='Compartir en Twitter' rel=\"noopener\"><span class='avia_hidden_link_text'>Compartir en Twitter<\/span><\/a><\/li><li class='av-share-link av-social-link-whatsapp' ><a target=\"_blank\" aria-label=\"Compartir en Whatsapp\" href='https:\/\/api.whatsapp.com\/send?text=https:\/\/radiorevelacionfm.cl\/?p=5426' aria-hidden='false' data-av_icon='\uf232' data-av_iconfont='entypo-fontello' title='' data-avia-related-tooltip='Compartir en Whatsapp' rel=\"noopener\"><span class='avia_hidden_link_text'>Compartir en Whatsapp<\/span><\/a><\/li><li class='av-share-link av-social-link-linkedin' ><a target=\"_blank\" aria-label=\"Compartir en LinkedIn\" href='https:\/\/linkedin.com\/shareArticle?mini=true&#038;title=M%C3%A1s%20de%2010.000%20atenciones%20ha%20realizado%20la%20Urgencia%20Pedi%C3%A1trica%20del%20HRC%20durante%20la%20pandemia&#038;url=https:\/\/radiorevelacionfm.cl\/?p=5426' aria-hidden='false' data-av_icon='\ue8fc' data-av_iconfont='entypo-fontello' title='' data-avia-related-tooltip='Compartir en LinkedIn' rel=\"noopener\"><span class='avia_hidden_link_text'>Compartir en LinkedIn<\/span><\/a><\/li><li class='av-share-link av-social-link-mail' ><a  aria-label=\"Compartir por correo\" href='mailto:?subject=M%C3%A1s%20de%2010.000%20atenciones%20ha%20realizado%20la%20Urgencia%20Pedi%C3%A1trica%20del%20HRC%20durante%20la%20pandemia&#038;body=https:\/\/radiorevelacionfm.cl\/?p=5426' aria-hidden='false' data-av_icon='\ue805' data-av_iconfont='entypo-fontello' title='' data-avia-related-tooltip='Compartir por correo'><span class='avia_hidden_link_text'>Compartir por correo<\/span><\/a><\/li><\/ul><\/div><\/div>\n<div  style='height:50px' class='hr hr-invisible   avia-builder-el-8  el_after_av_social_share  el_before_av_comments_list '><span class='hr-inner ' ><span class='hr-inner-style'><\/span><\/span><\/div>\n<div  class='av-buildercomment  av-blog-meta-html-info-disabled av-blog-meta-tag-disabled  '><\/div>\n","protected":false},"excerpt":{"rendered":"","protected":false},"author":1,"featured_media":5427,"comment_status":"open","ping_status":"open","sticky":false,"template":"","format":"standard","meta":{"footnotes":""},"categories":[46],"tags":[],"class_list":["post-5426","post","type-post","status-publish","format-standard","has-post-thumbnail","hentry","category-salud"],"jetpack_featured_media_url":"https:\/\/radiorevelacionfm.cl\/wp-content\/uploads\/2021\/06\/Urgencia-Pediatrica-2-1-1.jpg","_links":{"self":[{"href":"https:\/\/radiorevelacionfm.cl\/index.php?rest_route=\/wp\/v2\/posts\/5426","targetHints":{"allow":["GET"]}}],"collection":[{"href":"https:\/\/radiorevelacionfm.cl\/index.php?rest_route=\/wp\/v2\/posts"}],"about":[{"href":"https:\/\/radiorevelacionfm.cl\/index.php?rest_route=\/wp\/v2\/types\/post"}],"author":[{"embeddable":true,"href":"https:\/\/radiorevelacionfm.cl\/index.php?rest_route=\/wp\/v2\/users\/1"}],"replies":[{"embeddable":true,"href":"https:\/\/radiorevelacionfm.cl\/index.php?rest_route=%2Fwp%2Fv2%2Fcomments&post=5426"}],"version-history":[{"count":1,"href":"https:\/\/radiorevelacionfm.cl\/index.php?rest_route=\/wp\/v2\/posts\/5426\/revisions"}],"predecessor-version":[{"id":5428,"href":"https:\/\/radiorevelacionfm.cl\/index.php?rest_route=\/wp\/v2\/posts\/5426\/revisions\/5428"}],"wp:featuredmedia":[{"embeddable":true,"href":"https:\/\/radiorevelacionfm.cl\/index.php?rest_route=\/wp\/v2\/media\/5427"}],"wp:attachment":[{"href":"https:\/\/radiorevelacionfm.cl\/index.php?rest_route=%2Fwp%2Fv2%2Fmedia&parent=5426"}],"wp:term":[{"taxonomy":"category","embeddable":true,"href":"https:\/\/radiorevelacionfm.cl\/index.php?rest_route=%2Fwp%2Fv2%2Fcategories&post=5426"},{"taxonomy":"post_tag","embeddable":true,"href":"https:\/\/radiorevelacionfm.cl\/index.php?rest_route=%2Fwp%2Fv2%2Ftags&post=5426"}],"curies":[{"name":"wp","href":"https:\/\/api.w.org\/{rel}","templated":true}]}}