{"id":54256,"date":"2025-05-22T15:00:59","date_gmt":"2025-05-22T18:00:59","guid":{"rendered":"https:\/\/radiorevelacionfm.cl\/?p=54256"},"modified":"2025-05-22T15:00:59","modified_gmt":"2025-05-22T18:00:59","slug":"programa-icec-inicio-actividades-formativas-2025-en-coyhaique","status":"publish","type":"post","link":"https:\/\/radiorevelacionfm.cl\/?p=54256","title":{"rendered":"Programa ICEC inici\u00f3 actividades formativas 2025 en Coyhaique"},"content":{"rendered":"<div class=\"flex_column av_one_full  flex_column_div av-zero-column-padding first  avia-builder-el-0  el_before_av_one_full  avia-builder-el-first  \" style='border-radius:0px; '><div  class='avia-image-container  av-styling-    avia-builder-el-1  avia-builder-el-no-sibling  avia-align-center '  itemprop=\"image\" itemscope=\"itemscope\" itemtype=\"https:\/\/schema.org\/ImageObject\"  ><div class='avia-image-container-inner'><div class='avia-image-overlay-wrap'><img decoding=\"async\" class='wp-image-54257 avia-img-lazy-loading-not-54257 avia_image' src=\"https:\/\/radiorevelacionfm.cl\/wp-content\/uploads\/2025\/05\/ICEC-grupal-1-1.jpeg\" alt='' title='ICEC grupal (1) (1)' height=\"600\" width=\"898\"  itemprop=\"thumbnailUrl\" srcset=\"https:\/\/radiorevelacionfm.cl\/wp-content\/uploads\/2025\/05\/ICEC-grupal-1-1.jpeg 898w, https:\/\/radiorevelacionfm.cl\/wp-content\/uploads\/2025\/05\/ICEC-grupal-1-1-300x200.jpeg 300w, https:\/\/radiorevelacionfm.cl\/wp-content\/uploads\/2025\/05\/ICEC-grupal-1-1-768x513.jpeg 768w, https:\/\/radiorevelacionfm.cl\/wp-content\/uploads\/2025\/05\/ICEC-grupal-1-1-705x471.jpeg 705w, https:\/\/radiorevelacionfm.cl\/wp-content\/uploads\/2025\/05\/ICEC-grupal-1-1-450x301.jpeg 450w, https:\/\/radiorevelacionfm.cl\/wp-content\/uploads\/2025\/05\/ICEC-grupal-1-1-600x401.jpeg 600w\" sizes=\"(max-width: 898px) 100vw, 898px\" \/><\/div><\/div><\/div><\/div><div class=\"flex_column av_one_full  flex_column_div av-zero-column-padding first  avia-builder-el-2  el_after_av_one_full  el_before_av_one_full  column-top-margin\" style='border-radius:0px; '><section class=\"av_textblock_section \"  itemscope=\"itemscope\" itemtype=\"https:\/\/schema.org\/BlogPosting\" itemprop=\"blogPost\" ><div class='avia_textblock  '   itemprop=\"text\" ><p style=\"text-align: center;\"><span style=\"font-size: 18pt;\"><b>Programa ICEC inici\u00f3 actividades formativas 2025 en Coyhaique<\/b><\/span><\/p>\n<div id=\"gtx-trans\" style=\"position: absolute; left: -50px; top: 4.31534px;\">\n<div class=\"gtx-trans-icon\"><\/div>\n<\/div>\n<\/div><\/section><\/div><div class=\"flex_column av_one_full  flex_column_div av-zero-column-padding first  avia-builder-el-4  el_after_av_one_full  el_before_av_hr  column-top-margin\" style='border-radius:0px; '><section class=\"av_textblock_section \"  itemscope=\"itemscope\" itemtype=\"https:\/\/schema.org\/BlogPosting\" itemprop=\"blogPost\" ><div class='avia_textblock  '   itemprop=\"text\" ><p class=\"v1MsoNormal\" style=\"text-align: justify;\" align=\"center\"><em>Este trabajo de Comunidades de Aprendizajes en Ciencias es impulsado por el Mineduc e implementado en la regi\u00f3n de Ays\u00e9n y Magallanes por la Universidad de Magallanes.<\/em><\/p>\n<p class=\"v1MsoNormal\" style=\"text-align: justify;\">El viernes 09 mayo, profesoras y profesores de distintas asignaturas Ciencias de colegios,\u00a0escuelas y liceos p\u00fablicos y particulares de Ays\u00e9n, Coyhaique y R\u00edo Ib\u00e1\u00f1ez se sumaron a la jornada de inicio de las Comunidades de Aprendizaje del Programa ICEC Mineduc en su versi\u00f3n 2025 en el Liceo Josefina Aguirre Montenegro de la capital regional, actividad que fue acompa\u00f1ada por autoridades del la Secretar\u00eda Regional Ministerial de Educaci\u00f3n de Ays\u00e9n.<\/p>\n<p class=\"v1MsoNormal\" style=\"text-align: justify;\">Este espacio marca el inicio de un trabajo colaborativo entre docentes, directivos y actores educativos del territorio, con el prop\u00f3sito de fortalecer la ense\u00f1anza de las ciencias desde la indagaci\u00f3n, la reflexi\u00f3n pedag\u00f3gica y la conexi\u00f3n con los desaf\u00edos del siglo XXI.<\/p>\n<p class=\"v1MsoNormal\" style=\"text-align: justify;\">El programa ICEC (Indagaci\u00f3n Cient\u00edfica para la Educaci\u00f3n en Ciencias) del Ministerio de Educaci\u00f3n (Mineduc) busca fortalecer la ense\u00f1anza de las ciencias a trav\u00e9s de la indagaci\u00f3n cient\u00edfica, promoviendo un enfoque m\u00e1s interactivo y participativo en las aulas. Para el a\u00f1o 2025, el programa contin\u00faa con su objetivo de mejorar la calidad de la ense\u00f1anza de las ciencias naturales en establecimientos educacionales que reciben subvenci\u00f3n del Estado.<\/p>\n<p class=\"v1MsoNormal\" style=\"text-align: justify;\">Adri\u00e1n Paredes, coordinador institucional del Programa ICEC en la Macrozona Austral, coment\u00f3 que \u201ceste encuentro en Ays\u00e9n no solo da inicio al trabajo 2025, sino que reafirma nuestro compromiso como Universidad de Magallanes con el desarrollo profesional docente en ciencias. A trav\u00e9s del convenio que sostenemos con el Ministerio de Educaci\u00f3n, estamos implementando el programa ICEC en la regi\u00f3n con \u00e9nfasis en la colaboraci\u00f3n, el aprendizaje situado y el fortalecimiento de redes educativas que respondan a los desaf\u00edos locales y globales. Creemos profundamente en el poder transformador de las comunidades de aprendizaje y en el valor de compartir experiencias pedag\u00f3gicas que nacen desde el aula y el territorio\u201d.<\/p>\n<p class=\"v1MsoNormal\" style=\"text-align: justify;\">En tanto, Edgardo Vega Coordinador del Laboratorio de Aprendizaje de la Universidad de Magallanes, instituci\u00f3n a cargo de las actividades acad\u00e9micas, detall\u00f3 que \u201cHoy estanos partiendo con la instalaci\u00f3n en la regi\u00f3n de la Comunidad de Aprendizajes ICEC, actividad que estamos lanzando simult\u00e1neamente en Coyhaique y Puerto Natales y posteriormente lo haremos en Punta Arenas y Puerto Ays\u00e9n. El objetivo de estas comunidades es lograr el encuentro de profesoras y profesores y el intercambio de experiencias y an\u00e1lisis cr\u00edtico de las pr\u00e1cticas educativas y plantear algunos desaf\u00edos y metas como trabajar en conjunto para abordar programas socio cient\u00edficos que sean permanentes a este territorio de Ays\u00e9n y Coyhaique y a partir de esas tem\u00e1ticas poder impulsar innovaci\u00f3n educativa, experiencias o productos que les permitan a ellas y ellos mejorar su pr\u00e1ctica docente\u201d.<\/p>\n<p class=\"v1MsoNormal\" style=\"text-align: justify;\">Jorge Tureo, profesor de Historia de la Escuela Nieves del Sur manifest\u00f3 que. \u201cEs primera vez que participo del programa ICEC y tra\u00eda m\u00e1s bien la idea de que el fuerte que se trabajaba era la Ciencia pero lo que ac\u00e1 nos plantean es ampliar el \u00e1mbito de la Ciencia a otras disciplinas de ense\u00f1anza y eso me llam\u00f3 la atenci\u00f3n y tambi\u00e9n siento que ac\u00e1 en este espacio se aprecia y se valora la experiencia que uno trae desde sus a\u00f1os en aula y sirve para replicarlo en el futuro\u201d.<\/p>\n<p class=\"v1MsoNormal\" style=\"text-align: justify;\">Cecilia Navarrete, profesora de la Escuela Almirante Simpson de Puerto Chacabuco se\u00f1al\u00f3 que: \u201cYo como todas y todos los colegas estamos con altas expectativas y concordamos en formar esta comunidad de aprendizaje que se proyecta desde el a\u00f1o pasado. En Magallanes y otras regiones llevan tiempo en esto y nosotros a\u00fan estamos iniciando este trabajo que se vio potenciado con nuestra participaci\u00f3n como regi\u00f3n en el Congreso Nacional ICEC el a\u00f1o pasado y adem\u00e1s nuestro sello como establecimiento de la educaci\u00f3n p\u00fablico tiene que ver con la Ciencia y Medio Ambiente y el programa ICEC dictado por la Universidad de Magallanes nos da la posibilidad de trabajar colaborativamente con colegas que est\u00e1n en la misma sinton\u00eda, que buscamos al desarrollo de la Ciencia Escolar en el pa\u00eds\u201d.<\/p>\n<p class=\"v1MsoNormal\" style=\"text-align: justify;\">Por su parte, la Seremi de Educaci\u00f3n Katherine Miqueles destac\u00f3 \u201cLa participaci\u00f3n de docentes de establecimientos p\u00fablicos de tres niveles educativos (educaci\u00f3n parvularia, educaci\u00f3n b\u00e1sica, educaci\u00f3n media), para reflexionar sobre la ense\u00f1anza de las ciencias desde una mirada que considera la trayectoria de los aprendizajes en ciencias en las y los estudiantes, tambi\u00e9n fomenta la autonom\u00eda y profesionalizaci\u00f3n docente en la gesti\u00f3n del curr\u00edculum de ciencias. El programa se despliega en el marco del Plan de Reactivaci\u00f3n Educativa que impulsa el Ministerio de Educaci\u00f3n desde el a\u00f1o 2022\u201d.<\/p>\n<\/div><\/section><\/div><div  style='height:50px' class='hr hr-invisible   avia-builder-el-6  el_after_av_one_full  el_before_av_social_share '><span class='hr-inner ' ><span class='hr-inner-style'><\/span><\/span><\/div><\/p>\n<div  class='av-social-sharing-box  avia-builder-el-7  el_after_av_hr  el_before_av_hr  '><div class='av-share-box'><h5 class='av-share-link-description av-no-toc '>Compartir esta noticia<\/h5><ul class='av-share-box-list noLightbox'><li class='av-share-link av-social-link-facebook' ><a target=\"_blank\" aria-label=\"Compartir en Facebook\" href='https:\/\/www.facebook.com\/sharer.php?u=https:\/\/radiorevelacionfm.cl\/?p=54256&#038;t=Programa%20ICEC%20inici%C3%B3%20actividades%20formativas%202025%20en%20Coyhaique' aria-hidden='false' data-av_icon='\ue8f3' data-av_iconfont='entypo-fontello' title='' data-avia-related-tooltip='Compartir en Facebook' rel=\"noopener\"><span class='avia_hidden_link_text'>Compartir en Facebook<\/span><\/a><\/li><li class='av-share-link av-social-link-twitter' ><a target=\"_blank\" aria-label=\"Compartir en Twitter\" href='https:\/\/twitter.com\/share?text=Programa%20ICEC%20inici%C3%B3%20actividades%20formativas%202025%20en%20Coyhaique&#038;url=https:\/\/radiorevelacionfm.cl\/?p=54256' aria-hidden='false' data-av_icon='\ue8f1' data-av_iconfont='entypo-fontello' title='' data-avia-related-tooltip='Compartir en Twitter' rel=\"noopener\"><span class='avia_hidden_link_text'>Compartir en Twitter<\/span><\/a><\/li><li class='av-share-link av-social-link-whatsapp' ><a target=\"_blank\" aria-label=\"Compartir en Whatsapp\" href='https:\/\/api.whatsapp.com\/send?text=https:\/\/radiorevelacionfm.cl\/?p=54256' aria-hidden='false' data-av_icon='\uf232' data-av_iconfont='entypo-fontello' title='' data-avia-related-tooltip='Compartir en Whatsapp' rel=\"noopener\"><span class='avia_hidden_link_text'>Compartir en Whatsapp<\/span><\/a><\/li><li class='av-share-link av-social-link-linkedin' ><a target=\"_blank\" aria-label=\"Compartir en LinkedIn\" href='https:\/\/linkedin.com\/shareArticle?mini=true&#038;title=Programa%20ICEC%20inici%C3%B3%20actividades%20formativas%202025%20en%20Coyhaique&#038;url=https:\/\/radiorevelacionfm.cl\/?p=54256' aria-hidden='false' data-av_icon='\ue8fc' data-av_iconfont='entypo-fontello' title='' data-avia-related-tooltip='Compartir en LinkedIn' rel=\"noopener\"><span class='avia_hidden_link_text'>Compartir en LinkedIn<\/span><\/a><\/li><li class='av-share-link av-social-link-mail' ><a  aria-label=\"Compartir por correo\" href='mailto:?subject=Programa%20ICEC%20inici%C3%B3%20actividades%20formativas%202025%20en%20Coyhaique&#038;body=https:\/\/radiorevelacionfm.cl\/?p=54256' aria-hidden='false' data-av_icon='\ue805' data-av_iconfont='entypo-fontello' title='' data-avia-related-tooltip='Compartir por correo'><span class='avia_hidden_link_text'>Compartir por correo<\/span><\/a><\/li><\/ul><\/div><\/div>\n<div  style='height:50px' class='hr hr-invisible   avia-builder-el-8  el_after_av_social_share  el_before_av_comments_list '><span class='hr-inner ' ><span class='hr-inner-style'><\/span><\/span><\/div>\n<div  class='av-buildercomment  av-blog-meta-html-info-disabled av-blog-meta-tag-disabled  '><\/div>\n","protected":false},"excerpt":{"rendered":"","protected":false},"author":1,"featured_media":54257,"comment_status":"closed","ping_status":"closed","sticky":false,"template":"","format":"standard","meta":{"footnotes":""},"categories":[49],"tags":[],"class_list":["post-54256","post","type-post","status-publish","format-standard","has-post-thumbnail","hentry","category-educacion"],"jetpack_featured_media_url":"https:\/\/radiorevelacionfm.cl\/wp-content\/uploads\/2025\/05\/ICEC-grupal-1-1.jpeg","_links":{"self":[{"href":"https:\/\/radiorevelacionfm.cl\/index.php?rest_route=\/wp\/v2\/posts\/54256","targetHints":{"allow":["GET"]}}],"collection":[{"href":"https:\/\/radiorevelacionfm.cl\/index.php?rest_route=\/wp\/v2\/posts"}],"about":[{"href":"https:\/\/radiorevelacionfm.cl\/index.php?rest_route=\/wp\/v2\/types\/post"}],"author":[{"embeddable":true,"href":"https:\/\/radiorevelacionfm.cl\/index.php?rest_route=\/wp\/v2\/users\/1"}],"replies":[{"embeddable":true,"href":"https:\/\/radiorevelacionfm.cl\/index.php?rest_route=%2Fwp%2Fv2%2Fcomments&post=54256"}],"version-history":[{"count":2,"href":"https:\/\/radiorevelacionfm.cl\/index.php?rest_route=\/wp\/v2\/posts\/54256\/revisions"}],"predecessor-version":[{"id":54272,"href":"https:\/\/radiorevelacionfm.cl\/index.php?rest_route=\/wp\/v2\/posts\/54256\/revisions\/54272"}],"wp:featuredmedia":[{"embeddable":true,"href":"https:\/\/radiorevelacionfm.cl\/index.php?rest_route=\/wp\/v2\/media\/54257"}],"wp:attachment":[{"href":"https:\/\/radiorevelacionfm.cl\/index.php?rest_route=%2Fwp%2Fv2%2Fmedia&parent=54256"}],"wp:term":[{"taxonomy":"category","embeddable":true,"href":"https:\/\/radiorevelacionfm.cl\/index.php?rest_route=%2Fwp%2Fv2%2Fcategories&post=54256"},{"taxonomy":"post_tag","embeddable":true,"href":"https:\/\/radiorevelacionfm.cl\/index.php?rest_route=%2Fwp%2Fv2%2Ftags&post=54256"}],"curies":[{"name":"wp","href":"https:\/\/api.w.org\/{rel}","templated":true}]}}