{"id":54253,"date":"2025-05-22T11:10:22","date_gmt":"2025-05-22T14:10:22","guid":{"rendered":"https:\/\/radiorevelacionfm.cl\/?p=54253"},"modified":"2025-05-22T11:10:22","modified_gmt":"2025-05-22T14:10:22","slug":"joven-de-aysen-inicio-acompanamiento-post-egreso-una-innovacion-clave-en-la-reinsercion-social-juvenil","status":"publish","type":"post","link":"https:\/\/radiorevelacionfm.cl\/?p=54253","title":{"rendered":"Joven de Ays\u00e9n inici\u00f3 acompa\u00f1amiento post egreso, una innovaci\u00f3n clave en la reinserci\u00f3n social juvenil"},"content":{"rendered":"<div class=\"flex_column av_one_full  flex_column_div av-zero-column-padding first  avia-builder-el-0  el_before_av_one_full  avia-builder-el-first  \" style='border-radius:0px; '><div  class='avia-image-container  av-styling-    avia-builder-el-1  avia-builder-el-no-sibling  avia-align-center '  itemprop=\"image\" itemscope=\"itemscope\" itemtype=\"https:\/\/schema.org\/ImageObject\"  ><div class='avia-image-container-inner'><div class='avia-image-overlay-wrap'><img decoding=\"async\" class='wp-image-54254 avia-img-lazy-loading-not-54254 avia_image' src=\"https:\/\/radiorevelacionfm.cl\/wp-content\/uploads\/2025\/05\/IMG_2810-1-1-1.jpg\" alt='' title='IMG_2810 (1) (1) (1)' height=\"600\" width=\"800\"  itemprop=\"thumbnailUrl\" srcset=\"https:\/\/radiorevelacionfm.cl\/wp-content\/uploads\/2025\/05\/IMG_2810-1-1-1.jpg 800w, https:\/\/radiorevelacionfm.cl\/wp-content\/uploads\/2025\/05\/IMG_2810-1-1-1-300x225.jpg 300w, https:\/\/radiorevelacionfm.cl\/wp-content\/uploads\/2025\/05\/IMG_2810-1-1-1-768x576.jpg 768w, https:\/\/radiorevelacionfm.cl\/wp-content\/uploads\/2025\/05\/IMG_2810-1-1-1-705x529.jpg 705w, https:\/\/radiorevelacionfm.cl\/wp-content\/uploads\/2025\/05\/IMG_2810-1-1-1-450x338.jpg 450w, https:\/\/radiorevelacionfm.cl\/wp-content\/uploads\/2025\/05\/IMG_2810-1-1-1-600x450.jpg 600w\" sizes=\"(max-width: 800px) 100vw, 800px\" \/><\/div><\/div><\/div><\/div><div class=\"flex_column av_one_full  flex_column_div av-zero-column-padding first  avia-builder-el-2  el_after_av_one_full  el_before_av_one_full  column-top-margin\" style='border-radius:0px; '><section class=\"av_textblock_section \"  itemscope=\"itemscope\" itemtype=\"https:\/\/schema.org\/BlogPosting\" itemprop=\"blogPost\" ><div class='avia_textblock  '   itemprop=\"text\" ><p style=\"text-align: center;\"><strong><span style=\"font-size: 18pt;\">Joven de Ays\u00e9n inici\u00f3 acompa\u00f1amiento post egreso, una innovaci\u00f3n clave en la reinserci\u00f3n social juvenil<\/span><\/strong><\/p>\n<div id=\"gtx-trans\" style=\"position: absolute; left: -50px; top: 4.31534px;\">\n<div class=\"gtx-trans-icon\"><\/div>\n<\/div>\n<\/div><\/section><\/div><div class=\"flex_column av_one_full  flex_column_div av-zero-column-padding first  avia-builder-el-4  el_after_av_one_full  el_before_av_hr  column-top-margin\" style='border-radius:0px; '><section class=\"av_textblock_section \"  itemscope=\"itemscope\" itemtype=\"https:\/\/schema.org\/BlogPosting\" itemprop=\"blogPost\" ><div class='avia_textblock  '   itemprop=\"text\" ><p style=\"text-align: justify;\"><em>A tres meses de la entrada en vigencia del servicio y tras cumplir exitosamente una sanci\u00f3n de Libertad Asistida Especial, el joven accedi\u00f3 voluntariamente a una nueva etapa de acompa\u00f1amiento, ingresando en abril a la Unidad de Apoyo a la Reinserci\u00f3n. Este hecho representa un hito para la instituci\u00f3n, por el corto tiempo en que se logr\u00f3 la incorporaci\u00f3n de un joven a esta nueva modalidad.<\/em><\/p>\n<p style=\"text-align: justify;\">Luego de cumplir exitosamente dos a\u00f1os bajo la sanci\u00f3n de Libertad Asistida Especial (LAE)- dirigida a adolescentes entre 14 y 17 a\u00f1os a trav\u00e9s de actividades socioeducativas y de vinculaci\u00f3n con su entorno comunitario- un joven de la Regi\u00f3n de Ays\u00e9n, se convirti\u00f3 en el primero en iniciar el proceso de acompa\u00f1amiento post egreso en la regi\u00f3n, una de las principales innovaciones del Servicio Nacional de Reinserci\u00f3n Social Juvenil. Esta nueva etapa, de car\u00e1cter voluntario, busca consolidar y proyectar los avances alcanzados por adolescentes y j\u00f3venes durante el cumplimiento de sus sanciones.<\/p>\n<p style=\"text-align: justify;\">El acompa\u00f1amiento post egreso permite que, por primera vez, profesionales del servicio puedan continuar apoyando a quienes ya han cumplido su sanci\u00f3n, gui\u00e1ndolos en distintos \u00e1mbitos clave para la consolidaci\u00f3n de su proceso de reinserci\u00f3n. El equipo que lidera la estrategia de acompa\u00f1amiento a la reinserci\u00f3n responde a un enfoque m\u00e1s integral y sostenido, donde se considera que el proceso no termina con el cumplimiento formal de una sanci\u00f3n, sino que requiere de una etapa posterior que, en determinados casos, requiere continuidad para lograr un impacto real, duradero y la efectiva reinserci\u00f3n del joven en la comunidad.<\/p>\n<p style=\"text-align: justify;\"><strong>Acompa\u00f1amiento personalizado y trabajo con redes<\/strong><\/p>\n<p style=\"text-align: justify;\">Israel Villavicencio, director regional del Servicio Nacional de Reinserci\u00f3n Social Juvenil, destaca que \u201cla estrategia se basa en un plan de intervenci\u00f3n individualizado que se ajusta a las necesidades, intereses y realidades de cada joven. Las acciones pueden incluir apoyo para la inserci\u00f3n laboral, orientaci\u00f3n para acceder a ayudas econ\u00f3micas o habitacionales, acompa\u00f1amiento educativo, y derivaciones a la red intersectorial correspondiente. Todo ello se realiza considerando tambi\u00e9n la red social y comunitaria de pertenencia del joven, como un elemento clave para sostener los resultados de proceso de reinserci\u00f3n\u201d.<\/p>\n<p style=\"text-align: justify;\">El acompa\u00f1amiento post egreso tiene una duraci\u00f3n flexible, determinada por las necesidades que presenta el joven, con un m\u00e1ximo de seis meses. Durante ese periodo, los equipos t\u00e9cnicos del servicio mantienen un contacto activo y constante, promoviendo la autonom\u00eda progresiva y el fortalecimiento de sus redes de apoyo.<\/p>\n<p style=\"text-align: justify;\"><strong>Un paso voluntario y consciente<\/strong><\/p>\n<p style=\"text-align: justify;\">Este proceso no es obligatorio. Se trata de una solicitud que realiza el joven de forma voluntaria, lo que representa un paso consciente hacia su desarrollo personal y social. En este caso, el joven de Ays\u00e9n decidi\u00f3 continuar su camino de reinserci\u00f3n con el apoyo del equipo t\u00e9cnico de la Direcci\u00f3n Regional del Servicio Nacional de Reinserci\u00f3n Social Juvenil.<\/p>\n<p style=\"text-align: justify;\">Esta experiencia marca un hito en la implementaci\u00f3n de esta pol\u00edtica en la Regi\u00f3n de Ays\u00e9n y da cuenta de los avances que est\u00e1 impulsando el nuevo Servicio Nacional de Reinserci\u00f3n Social Juvenil en la construcci\u00f3n de respuestas m\u00e1s humanas, personalizadas y efectivas para los adolescentes y j\u00f3venes en conflicto con la ley.<\/p>\n<\/div><\/section><\/div><div  style='height:50px' class='hr hr-invisible   avia-builder-el-6  el_after_av_one_full  el_before_av_social_share '><span class='hr-inner ' ><span class='hr-inner-style'><\/span><\/span><\/div><\/p>\n<div  class='av-social-sharing-box  avia-builder-el-7  el_after_av_hr  el_before_av_hr  '><div class='av-share-box'><h5 class='av-share-link-description av-no-toc '>Compartir esta noticia<\/h5><ul class='av-share-box-list noLightbox'><li class='av-share-link av-social-link-facebook' ><a target=\"_blank\" aria-label=\"Compartir en Facebook\" href='https:\/\/www.facebook.com\/sharer.php?u=https:\/\/radiorevelacionfm.cl\/?p=54253&#038;t=Joven%20de%20Ays%C3%A9n%20inici%C3%B3%20acompa%C3%B1amiento%20post%20egreso%2C%20una%20innovaci%C3%B3n%20clave%20en%20la%20reinserci%C3%B3n%20social%20juvenil' aria-hidden='false' data-av_icon='\ue8f3' data-av_iconfont='entypo-fontello' title='' data-avia-related-tooltip='Compartir en Facebook' rel=\"noopener\"><span class='avia_hidden_link_text'>Compartir en Facebook<\/span><\/a><\/li><li class='av-share-link av-social-link-twitter' ><a target=\"_blank\" aria-label=\"Compartir en Twitter\" href='https:\/\/twitter.com\/share?text=Joven%20de%20Ays%C3%A9n%20inici%C3%B3%20acompa%C3%B1amiento%20post%20egreso%2C%20una%20innovaci%C3%B3n%20clave%20en%20la%20reinserci%C3%B3n%20social%20juvenil&#038;url=https:\/\/radiorevelacionfm.cl\/?p=54253' aria-hidden='false' data-av_icon='\ue8f1' data-av_iconfont='entypo-fontello' title='' data-avia-related-tooltip='Compartir en Twitter' rel=\"noopener\"><span class='avia_hidden_link_text'>Compartir en Twitter<\/span><\/a><\/li><li class='av-share-link av-social-link-whatsapp' ><a target=\"_blank\" aria-label=\"Compartir en Whatsapp\" href='https:\/\/api.whatsapp.com\/send?text=https:\/\/radiorevelacionfm.cl\/?p=54253' aria-hidden='false' data-av_icon='\uf232' data-av_iconfont='entypo-fontello' title='' data-avia-related-tooltip='Compartir en Whatsapp' rel=\"noopener\"><span class='avia_hidden_link_text'>Compartir en Whatsapp<\/span><\/a><\/li><li class='av-share-link av-social-link-linkedin' ><a target=\"_blank\" aria-label=\"Compartir en LinkedIn\" href='https:\/\/linkedin.com\/shareArticle?mini=true&#038;title=Joven%20de%20Ays%C3%A9n%20inici%C3%B3%20acompa%C3%B1amiento%20post%20egreso%2C%20una%20innovaci%C3%B3n%20clave%20en%20la%20reinserci%C3%B3n%20social%20juvenil&#038;url=https:\/\/radiorevelacionfm.cl\/?p=54253' aria-hidden='false' data-av_icon='\ue8fc' data-av_iconfont='entypo-fontello' title='' data-avia-related-tooltip='Compartir en LinkedIn' rel=\"noopener\"><span class='avia_hidden_link_text'>Compartir en LinkedIn<\/span><\/a><\/li><li class='av-share-link av-social-link-mail' ><a  aria-label=\"Compartir por correo\" href='mailto:?subject=Joven%20de%20Ays%C3%A9n%20inici%C3%B3%20acompa%C3%B1amiento%20post%20egreso%2C%20una%20innovaci%C3%B3n%20clave%20en%20la%20reinserci%C3%B3n%20social%20juvenil&#038;body=https:\/\/radiorevelacionfm.cl\/?p=54253' aria-hidden='false' data-av_icon='\ue805' data-av_iconfont='entypo-fontello' title='' data-avia-related-tooltip='Compartir por correo'><span class='avia_hidden_link_text'>Compartir por correo<\/span><\/a><\/li><\/ul><\/div><\/div>\n<div  style='height:50px' class='hr hr-invisible   avia-builder-el-8  el_after_av_social_share  el_before_av_comments_list '><span class='hr-inner ' ><span class='hr-inner-style'><\/span><\/span><\/div>\n<div  class='av-buildercomment  av-blog-meta-html-info-disabled av-blog-meta-tag-disabled  '><\/div>\n","protected":false},"excerpt":{"rendered":"","protected":false},"author":1,"featured_media":54254,"comment_status":"closed","ping_status":"closed","sticky":false,"template":"","format":"standard","meta":{"footnotes":""},"categories":[38],"tags":[],"class_list":["post-54253","post","type-post","status-publish","format-standard","has-post-thumbnail","hentry","category-regional"],"jetpack_featured_media_url":"https:\/\/radiorevelacionfm.cl\/wp-content\/uploads\/2025\/05\/IMG_2810-1-1-1.jpg","_links":{"self":[{"href":"https:\/\/radiorevelacionfm.cl\/index.php?rest_route=\/wp\/v2\/posts\/54253","targetHints":{"allow":["GET"]}}],"collection":[{"href":"https:\/\/radiorevelacionfm.cl\/index.php?rest_route=\/wp\/v2\/posts"}],"about":[{"href":"https:\/\/radiorevelacionfm.cl\/index.php?rest_route=\/wp\/v2\/types\/post"}],"author":[{"embeddable":true,"href":"https:\/\/radiorevelacionfm.cl\/index.php?rest_route=\/wp\/v2\/users\/1"}],"replies":[{"embeddable":true,"href":"https:\/\/radiorevelacionfm.cl\/index.php?rest_route=%2Fwp%2Fv2%2Fcomments&post=54253"}],"version-history":[{"count":2,"href":"https:\/\/radiorevelacionfm.cl\/index.php?rest_route=\/wp\/v2\/posts\/54253\/revisions"}],"predecessor-version":[{"id":54261,"href":"https:\/\/radiorevelacionfm.cl\/index.php?rest_route=\/wp\/v2\/posts\/54253\/revisions\/54261"}],"wp:featuredmedia":[{"embeddable":true,"href":"https:\/\/radiorevelacionfm.cl\/index.php?rest_route=\/wp\/v2\/media\/54254"}],"wp:attachment":[{"href":"https:\/\/radiorevelacionfm.cl\/index.php?rest_route=%2Fwp%2Fv2%2Fmedia&parent=54253"}],"wp:term":[{"taxonomy":"category","embeddable":true,"href":"https:\/\/radiorevelacionfm.cl\/index.php?rest_route=%2Fwp%2Fv2%2Fcategories&post=54253"},{"taxonomy":"post_tag","embeddable":true,"href":"https:\/\/radiorevelacionfm.cl\/index.php?rest_route=%2Fwp%2Fv2%2Ftags&post=54253"}],"curies":[{"name":"wp","href":"https:\/\/api.w.org\/{rel}","templated":true}]}}