{"id":54249,"date":"2025-05-22T10:46:03","date_gmt":"2025-05-22T13:46:03","guid":{"rendered":"https:\/\/radiorevelacionfm.cl\/?p=54249"},"modified":"2025-05-22T10:46:03","modified_gmt":"2025-05-22T13:46:03","slug":"la-region-de-aysen-inicia-tramite-de-prorroga-de-sus-zonas-de-interes-turistico-para-continuar-su-gestion-hasta-el-ano-2030","status":"publish","type":"post","link":"https:\/\/radiorevelacionfm.cl\/?p=54249","title":{"rendered":"La Regi\u00f3n de Ays\u00e9n inicia tr\u00e1mite de pr\u00f3rroga de sus Zonas de Inter\u00e9s Tur\u00edstico para continuar su gesti\u00f3n hasta el a\u00f1o 2030"},"content":{"rendered":"<div class=\"flex_column av_one_full  flex_column_div av-zero-column-padding first  avia-builder-el-0  el_before_av_one_full  avia-builder-el-first  \" style='border-radius:0px; '><div  class='avia-image-container  av-styling-    avia-builder-el-1  avia-builder-el-no-sibling  avia-align-center '  itemprop=\"image\" itemscope=\"itemscope\" itemtype=\"https:\/\/schema.org\/ImageObject\"  ><div class='avia-image-container-inner'><div class='avia-image-overlay-wrap'><img decoding=\"async\" class='wp-image-54250 avia-img-lazy-loading-not-54250 avia_image' src=\"https:\/\/radiorevelacionfm.cl\/wp-content\/uploads\/2025\/05\/zoit-queulat-1_optimized-1.jpeg\" alt='' title='zoit-queulat-(1)_optimized (1)' height=\"600\" width=\"1034\"  itemprop=\"thumbnailUrl\" srcset=\"https:\/\/radiorevelacionfm.cl\/wp-content\/uploads\/2025\/05\/zoit-queulat-1_optimized-1.jpeg 1034w, https:\/\/radiorevelacionfm.cl\/wp-content\/uploads\/2025\/05\/zoit-queulat-1_optimized-1-300x174.jpeg 300w, https:\/\/radiorevelacionfm.cl\/wp-content\/uploads\/2025\/05\/zoit-queulat-1_optimized-1-1030x598.jpeg 1030w, https:\/\/radiorevelacionfm.cl\/wp-content\/uploads\/2025\/05\/zoit-queulat-1_optimized-1-768x446.jpeg 768w, https:\/\/radiorevelacionfm.cl\/wp-content\/uploads\/2025\/05\/zoit-queulat-1_optimized-1-705x409.jpeg 705w, https:\/\/radiorevelacionfm.cl\/wp-content\/uploads\/2025\/05\/zoit-queulat-1_optimized-1-450x261.jpeg 450w, https:\/\/radiorevelacionfm.cl\/wp-content\/uploads\/2025\/05\/zoit-queulat-1_optimized-1-600x348.jpeg 600w\" sizes=\"(max-width: 1034px) 100vw, 1034px\" \/><\/div><\/div><\/div><\/div><div class=\"flex_column av_one_full  flex_column_div av-zero-column-padding first  avia-builder-el-2  el_after_av_one_full  el_before_av_one_full  column-top-margin\" style='border-radius:0px; '><section class=\"av_textblock_section \"  itemscope=\"itemscope\" itemtype=\"https:\/\/schema.org\/BlogPosting\" itemprop=\"blogPost\" ><div class='avia_textblock  '   itemprop=\"text\" ><p style=\"text-align: center;\"><span style=\"font-size: 18pt;\"><strong>La Regi\u00f3n de Ays\u00e9n inicia tr\u00e1mite de pr\u00f3rroga de sus Zonas de Inter\u00e9s Tur\u00edstico para continuar su gesti\u00f3n hasta el a\u00f1o 2030<\/strong><\/span><\/p>\n<div id=\"gtx-trans\" style=\"position: absolute; left: -50px; top: 4.31534px;\">\n<div class=\"gtx-trans-icon\"><\/div>\n<\/div>\n<\/div><\/section><\/div><div class=\"flex_column av_one_full  flex_column_div av-zero-column-padding first  avia-builder-el-4  el_after_av_one_full  el_before_av_hr  column-top-margin\" style='border-radius:0px; '><section class=\"av_textblock_section \"  itemscope=\"itemscope\" itemtype=\"https:\/\/schema.org\/BlogPosting\" itemprop=\"blogPost\" ><div class='avia_textblock  '   itemprop=\"text\" ><ul>\n<li style=\"text-align: justify;\"><em>De esta manera se iniciar\u00e1 un proceso de preparaci\u00f3n de los expedientes que deben ser presentados a la Subsecretar\u00eda de Turismo para su an\u00e1lisis en el Comit\u00e9 de Ministros.<\/em><\/li>\n<li style=\"text-align: justify;\"><em>Las corporaciones privadas asociadas a las ZOIT coinciden en se\u00f1alar que su extensi\u00f3n les permitir\u00e1 continuar el trabajo para fortalecer ambos destinos de manera sostenible. <\/em><\/li>\n<\/ul>\n<p style=\"text-align: justify;\">La Regi\u00f3n de Ays\u00e9n ha dado inicio al tr\u00e1mite de pr\u00f3rroga de las Zonas de Inter\u00e9s Tur\u00edstico (ZOIT) Ays\u00e9n Patagonia Queulat y Chelenko, con el objetivo de asegurar la continuidad de su gesti\u00f3n bajo esta figura estrat\u00e9gica hasta el a\u00f1o 2030. Esto se produce luego de que los directorios de la ZOIT Chelenko y de Ays\u00e9n Patagonia Queulat aprobaran iniciar el proceso de pr\u00f3rroga en las sesiones del 15 y 29 de abril, respectivamente. La ZOIT Glaciares, en tanto, definir\u00e1 su continuidad en el segundo semestre de 2025.<\/p>\n<p style=\"text-align: justify;\">Para mantener la vigencia de su funcionamiento, ambas ZOIT deben presentar, antes de enero de 2026, los antecedentes exigidos, entre los cuales se encuentran: la aprobaci\u00f3n del directorio p\u00fablico privado, la actualizaci\u00f3n de su plan de acci\u00f3n para el periodo 2026\u20132030, la revisi\u00f3n y definici\u00f3n de los pol\u00edgonos respectivos y la elaboraci\u00f3n de un informe de gesti\u00f3n de los \u00faltimos cuatro a\u00f1os, antecedentes que deber\u00e1n ser remitidos a la Subsecretar\u00eda de Turismo para su an\u00e1lisis en el Comit\u00e9 de Ministros.<\/p>\n<p style=\"text-align: justify;\">Desde SERNATUR Ays\u00e9n valoran la decisi\u00f3n de iniciar un nuevo proceso de pr\u00f3rroga de las Zonas de Inter\u00e9s Tur\u00edstico. Claudio Montecinos, director regional, destac\u00f3 la importancia de este proceso, indicando que apoyar\u00e1n y coordinar\u00e1n todas las actividades de preparaci\u00f3n que conlleva este proceso. <em>\u201cEstas instancias de trabajo descentralizado nos permiten establecer acciones que buscan fortalecer el desarrollo de destinos tur\u00edsticos sostenibles, por lo que trabajaremos junto a las instituciones p\u00fablicas y privadas durante el a\u00f1o para actualizar el plan de acci\u00f3n de cada ZOIT que se presentar\u00e1 en el mes de diciembre al Comit\u00e9 de Ministros del Turismo, quien deber\u00e1n pronunciarse sobre la continuidad de estas instancias regionale<\/em>s\u201d, indic\u00f3 el director de Sernatur Ays\u00e9n.<\/p>\n<p style=\"text-align: justify;\">Desde su creaci\u00f3n y tras su primera pr\u00f3rroga en el a\u00f1o 2022, ambas Zonas de Inter\u00e9s Tur\u00edstico han impulsado iniciativas claves para el desarrollo de la actividad tur\u00edstica, entre las que se destacan la Declaratoria de la Ruta Esc\u00e9nica de la Carretera Austral; el Bien P\u00fablico \u201cTurismo Cero Impacto\u201d; y el fortalecimiento de la gobernanza local por parte de la ZOIT Chelenko. Por su parte, la ZOIT Ays\u00e9n Patagonia Queulat avanz\u00f3 en el desarrollo del Plan de Desarrollo Tur\u00edstico (PLADETUR) de la comuna de Cisnes, liderado por el Municipio;\u00a0 la inclusi\u00f3n del tramo Palena\u2013Melimoyu en el Plan Marco de Desarrollo Territorial (PMDT); el desarrollo de capacitaciones especializadas; y la obtenci\u00f3n de la certificaci\u00f3n como \u201cGreen Destination\u201d de la localidad de Puyuhuapi, liderada por la Asociaci\u00f3n Gremial de la localidad.<\/p>\n<p style=\"text-align: justify;\">Adem\u00e1s, de forma transversal, las tres ZOIT han coordinado cursos de certificaci\u00f3n de gu\u00edas de \u00e1reas silvestres; de competencias laborales de gu\u00edas de turismo y la creaci\u00f3n de la Red de Oficinas de Informaci\u00f3n Tur\u00edstica, herramienta que ofrece datos en tiempo real sobre el perfil de visitantes, adem\u00e1s de su participaci\u00f3n en el Encuentro de Turismo Sustentable y en la Campa\u00f1a Conciencia Tur\u00edstica impulsada por SERNATUR Ays\u00e9n.<\/p>\n<p style=\"text-align: justify;\">Para Miriam Chible, presidenta de la Corporaci\u00f3n Chelenko, dar continuidad a la Zona de Inter\u00e9s Tur\u00edstico es fundamental para seguir trabajando por un turismo sustentable, \u201cLo <em>principal es un ordenamiento y una planificaci\u00f3n territorial en base al turismo en la cuenca del Lago General Carrera, con un turismo que sea arm\u00f3nico con las comunidades que vivimos ac\u00e1 y la naturaleza, por ello nos hemos enfocado a\u00f1o a a\u00f1o en la realizaci\u00f3n de m\u00faltiples acciones de incidencia, apoyo, formaci\u00f3n, organizaci\u00f3n, en pro de un turismo sustentable, que respete las capacidades de carga y acogida, entendiendo que bien llevado el turismo puede distribuir beneficios econ\u00f3micos, pero a la vez ser arm\u00f3nico con el patrimonio cultural y natural del lugar que habitamos\u201d<\/em>, se\u00f1al\u00f3 la presidenta de la corporaci\u00f3n Chelenko.<\/p>\n<p style=\"text-align: justify;\">Por su parte, Olga Soto, presidenta de la Corporaci\u00f3n Ays\u00e9n Patagonia Queulat, se\u00f1al\u00f3 que la continuidad de la ZOIT les permitir\u00e1 consolidar y profundizar los avances logrados en el desarrollo tur\u00edstico sustentable del territorio. <em>\u201cEsta continuidad facilita la implementaci\u00f3n de planes, de programas y proyectos que mejoran la gesti\u00f3n tur\u00edstica, fortalecen la gobernanza p\u00fablico-privada y promueven la conservaci\u00f3n de los ecosistemas y la identidad cultural local.\u00a0 Para el a\u00f1o 2030 la idea es posicionarnos como un destino selectivo y especializado en ecoturismo y turismo de aventura responsable, ofreciendo condiciones de tranquilidad, seguridad y calidad reconocidas por sus visitantes. La pr\u00f3rroga de la ZOIT es fundamental para avanzar hacia esa meta, asegurando que el desarrollo tur\u00edstico contribuye a mejorar la calidad de vida de la comunidad local<\/em>\u201d, indic\u00f3 la presidenta de la Corporaci\u00f3n.<\/p>\n<p style=\"text-align: justify;\">Ambas dirigentas coinciden en se\u00f1alar que a\u00fan queda mucho trabajo por desarrollar en ambas ZOIT, tanto en gesti\u00f3n como en acciones de formaci\u00f3n, entre otras actividades. <em>\u201cLas principales prioridades est\u00e1n asociadas al desarrollo de nuevos productos donde la visi\u00f3n de sostenibilidad sea un eje transversal, tales como el turismo rural y cultural; algo muy relevante es la estrategia de cuidado del agua en el territorio Chelenko; y el desarrollo de infraestructura habilitante b\u00e1sica para las localidades tur\u00edsticas de la cuenca, que sirva al turismo, pero primeramente a los que habitamos las localidades<\/em>\u201d, indic\u00f3 Miriam Chible.<\/p>\n<p style=\"text-align: justify;\">Por \u00faltimo, desde la ZOIT Ays\u00e9n Patagonia Queulat, su presidenta se\u00f1al\u00f3 que \u201cL<em>a capacitaci\u00f3n y el fortalecimiento del capital humano son esenciales: se debe brindar formaci\u00f3n y apoyo a los actores del turismo en el territorio, especialmente en las localidades m\u00e1s peque\u00f1as, para mejorar la calidad de los servicios y fomentar la participaci\u00f3n activa en la toma de decisiones. En segunda instancia, se requiere mejorar la infraestructura y los servicios b\u00e1sicos, mejorar la conectividad vial y digital, la disposici\u00f3n de residuos para garantizar una experiencia tur\u00edstica de calidad y sostenible<\/em>\u201d, indic\u00f3 Olga Soto.<\/p>\n<\/div><\/section><\/div><div  style='height:50px' class='hr hr-invisible   avia-builder-el-6  el_after_av_one_full  el_before_av_social_share '><span class='hr-inner ' ><span class='hr-inner-style'><\/span><\/span><\/div><\/p>\n<div  class='av-social-sharing-box  avia-builder-el-7  el_after_av_hr  el_before_av_hr  '><div class='av-share-box'><h5 class='av-share-link-description av-no-toc '>Compartir esta noticia<\/h5><ul class='av-share-box-list noLightbox'><li class='av-share-link av-social-link-facebook' ><a target=\"_blank\" aria-label=\"Compartir en Facebook\" href='https:\/\/www.facebook.com\/sharer.php?u=https:\/\/radiorevelacionfm.cl\/?p=54249&#038;t=La%20Regi%C3%B3n%20de%20Ays%C3%A9n%20inicia%20tr%C3%A1mite%20de%20pr%C3%B3rroga%20de%20sus%20Zonas%20de%20Inter%C3%A9s%20Tur%C3%ADstico%20para%20continuar%20su%20gesti%C3%B3n%20hasta%20el%20a%C3%B1o%202030' aria-hidden='false' data-av_icon='\ue8f3' data-av_iconfont='entypo-fontello' title='' data-avia-related-tooltip='Compartir en Facebook' rel=\"noopener\"><span class='avia_hidden_link_text'>Compartir en Facebook<\/span><\/a><\/li><li class='av-share-link av-social-link-twitter' ><a target=\"_blank\" aria-label=\"Compartir en Twitter\" href='https:\/\/twitter.com\/share?text=La%20Regi%C3%B3n%20de%20Ays%C3%A9n%20inicia%20tr%C3%A1mite%20de%20pr%C3%B3rroga%20de%20sus%20Zonas%20de%20Inter%C3%A9s%20Tur%C3%ADstico%20para%20continuar%20su%20gesti%C3%B3n%20hasta%20el%20a%C3%B1o%202030&#038;url=https:\/\/radiorevelacionfm.cl\/?p=54249' aria-hidden='false' data-av_icon='\ue8f1' data-av_iconfont='entypo-fontello' title='' data-avia-related-tooltip='Compartir en Twitter' rel=\"noopener\"><span class='avia_hidden_link_text'>Compartir en Twitter<\/span><\/a><\/li><li class='av-share-link av-social-link-whatsapp' ><a target=\"_blank\" aria-label=\"Compartir en Whatsapp\" href='https:\/\/api.whatsapp.com\/send?text=https:\/\/radiorevelacionfm.cl\/?p=54249' aria-hidden='false' data-av_icon='\uf232' data-av_iconfont='entypo-fontello' title='' data-avia-related-tooltip='Compartir en Whatsapp' rel=\"noopener\"><span class='avia_hidden_link_text'>Compartir en Whatsapp<\/span><\/a><\/li><li class='av-share-link av-social-link-linkedin' ><a target=\"_blank\" aria-label=\"Compartir en LinkedIn\" href='https:\/\/linkedin.com\/shareArticle?mini=true&#038;title=La%20Regi%C3%B3n%20de%20Ays%C3%A9n%20inicia%20tr%C3%A1mite%20de%20pr%C3%B3rroga%20de%20sus%20Zonas%20de%20Inter%C3%A9s%20Tur%C3%ADstico%20para%20continuar%20su%20gesti%C3%B3n%20hasta%20el%20a%C3%B1o%202030&#038;url=https:\/\/radiorevelacionfm.cl\/?p=54249' aria-hidden='false' data-av_icon='\ue8fc' data-av_iconfont='entypo-fontello' title='' data-avia-related-tooltip='Compartir en LinkedIn' rel=\"noopener\"><span class='avia_hidden_link_text'>Compartir en LinkedIn<\/span><\/a><\/li><li class='av-share-link av-social-link-mail' ><a  aria-label=\"Compartir por correo\" href='mailto:?subject=La%20Regi%C3%B3n%20de%20Ays%C3%A9n%20inicia%20tr%C3%A1mite%20de%20pr%C3%B3rroga%20de%20sus%20Zonas%20de%20Inter%C3%A9s%20Tur%C3%ADstico%20para%20continuar%20su%20gesti%C3%B3n%20hasta%20el%20a%C3%B1o%202030&#038;body=https:\/\/radiorevelacionfm.cl\/?p=54249' aria-hidden='false' data-av_icon='\ue805' data-av_iconfont='entypo-fontello' title='' data-avia-related-tooltip='Compartir por correo'><span class='avia_hidden_link_text'>Compartir por correo<\/span><\/a><\/li><\/ul><\/div><\/div>\n<div  style='height:50px' class='hr hr-invisible   avia-builder-el-8  el_after_av_social_share  el_before_av_comments_list '><span class='hr-inner ' ><span class='hr-inner-style'><\/span><\/span><\/div>\n<div  class='av-buildercomment  av-blog-meta-html-info-disabled av-blog-meta-tag-disabled  '><\/div>\n","protected":false},"excerpt":{"rendered":"","protected":false},"author":1,"featured_media":54250,"comment_status":"closed","ping_status":"closed","sticky":false,"template":"","format":"standard","meta":{"footnotes":""},"categories":[54],"tags":[],"class_list":["post-54249","post","type-post","status-publish","format-standard","has-post-thumbnail","hentry","category-turismo"],"jetpack_featured_media_url":"https:\/\/radiorevelacionfm.cl\/wp-content\/uploads\/2025\/05\/zoit-queulat-1_optimized-1.jpeg","_links":{"self":[{"href":"https:\/\/radiorevelacionfm.cl\/index.php?rest_route=\/wp\/v2\/posts\/54249","targetHints":{"allow":["GET"]}}],"collection":[{"href":"https:\/\/radiorevelacionfm.cl\/index.php?rest_route=\/wp\/v2\/posts"}],"about":[{"href":"https:\/\/radiorevelacionfm.cl\/index.php?rest_route=\/wp\/v2\/types\/post"}],"author":[{"embeddable":true,"href":"https:\/\/radiorevelacionfm.cl\/index.php?rest_route=\/wp\/v2\/users\/1"}],"replies":[{"embeddable":true,"href":"https:\/\/radiorevelacionfm.cl\/index.php?rest_route=%2Fwp%2Fv2%2Fcomments&post=54249"}],"version-history":[{"count":2,"href":"https:\/\/radiorevelacionfm.cl\/index.php?rest_route=\/wp\/v2\/posts\/54249\/revisions"}],"predecessor-version":[{"id":54252,"href":"https:\/\/radiorevelacionfm.cl\/index.php?rest_route=\/wp\/v2\/posts\/54249\/revisions\/54252"}],"wp:featuredmedia":[{"embeddable":true,"href":"https:\/\/radiorevelacionfm.cl\/index.php?rest_route=\/wp\/v2\/media\/54250"}],"wp:attachment":[{"href":"https:\/\/radiorevelacionfm.cl\/index.php?rest_route=%2Fwp%2Fv2%2Fmedia&parent=54249"}],"wp:term":[{"taxonomy":"category","embeddable":true,"href":"https:\/\/radiorevelacionfm.cl\/index.php?rest_route=%2Fwp%2Fv2%2Fcategories&post=54249"},{"taxonomy":"post_tag","embeddable":true,"href":"https:\/\/radiorevelacionfm.cl\/index.php?rest_route=%2Fwp%2Fv2%2Ftags&post=54249"}],"curies":[{"name":"wp","href":"https:\/\/api.w.org\/{rel}","templated":true}]}}