{"id":54242,"date":"2025-05-22T10:03:19","date_gmt":"2025-05-22T13:03:19","guid":{"rendered":"https:\/\/radiorevelacionfm.cl\/?p=54242"},"modified":"2025-05-22T10:03:19","modified_gmt":"2025-05-22T13:03:19","slug":"fortalecimiento-caprino-agricultura-inicia-proceso-de-crotaleo-junto-a-productores-beneficiados-del-programa","status":"publish","type":"post","link":"https:\/\/radiorevelacionfm.cl\/?p=54242","title":{"rendered":"Fortalecimiento Caprino: Agricultura inicia proceso de crotaleo junto a productores beneficiados del programa"},"content":{"rendered":"<div class=\"flex_column av_one_full  flex_column_div av-zero-column-padding first  avia-builder-el-0  el_before_av_one_full  avia-builder-el-first  \" style='border-radius:0px; '><div  class='avia-image-container  av-styling-    avia-builder-el-1  avia-builder-el-no-sibling  avia-align-center '  itemprop=\"image\" itemscope=\"itemscope\" itemtype=\"https:\/\/schema.org\/ImageObject\"  ><div class='avia-image-container-inner'><div class='avia-image-overlay-wrap'><img decoding=\"async\" class='wp-image-54243 avia-img-lazy-loading-not-54243 avia_image' src=\"https:\/\/radiorevelacionfm.cl\/wp-content\/uploads\/2025\/05\/crotaleo05-1_optimized-1.jpeg\" alt='' title='crotaleo05-(1)_optimized (1)' height=\"600\" width=\"800\"  itemprop=\"thumbnailUrl\" srcset=\"https:\/\/radiorevelacionfm.cl\/wp-content\/uploads\/2025\/05\/crotaleo05-1_optimized-1.jpeg 800w, https:\/\/radiorevelacionfm.cl\/wp-content\/uploads\/2025\/05\/crotaleo05-1_optimized-1-300x225.jpeg 300w, https:\/\/radiorevelacionfm.cl\/wp-content\/uploads\/2025\/05\/crotaleo05-1_optimized-1-768x576.jpeg 768w, https:\/\/radiorevelacionfm.cl\/wp-content\/uploads\/2025\/05\/crotaleo05-1_optimized-1-705x529.jpeg 705w, https:\/\/radiorevelacionfm.cl\/wp-content\/uploads\/2025\/05\/crotaleo05-1_optimized-1-450x338.jpeg 450w, https:\/\/radiorevelacionfm.cl\/wp-content\/uploads\/2025\/05\/crotaleo05-1_optimized-1-600x450.jpeg 600w\" sizes=\"(max-width: 800px) 100vw, 800px\" \/><\/div><\/div><\/div><\/div><div class=\"flex_column av_one_full  flex_column_div av-zero-column-padding first  avia-builder-el-2  el_after_av_one_full  el_before_av_one_full  column-top-margin\" style='border-radius:0px; '><section class=\"av_textblock_section \"  itemscope=\"itemscope\" itemtype=\"https:\/\/schema.org\/BlogPosting\" itemprop=\"blogPost\" ><div class='avia_textblock  '   itemprop=\"text\" ><p style=\"text-align: center;\"><strong><span style=\"font-size: 18pt;\">Fortalecimiento Caprino: Agricultura inicia proceso de crotaleo junto a productores beneficiados del programa<\/span><\/strong><\/p>\n<div id=\"gtx-trans\" style=\"position: absolute; left: -50px; top: 4.31534px;\">\n<div class=\"gtx-trans-icon\"><\/div>\n<\/div>\n<\/div><\/section><\/div><div class=\"flex_column av_one_full  flex_column_div av-zero-column-padding first  avia-builder-el-4  el_after_av_one_full  el_before_av_hr  column-top-margin\" style='border-radius:0px; '><section class=\"av_textblock_section \"  itemscope=\"itemscope\" itemtype=\"https:\/\/schema.org\/BlogPosting\" itemprop=\"blogPost\" ><div class='avia_textblock  '   itemprop=\"text\" ><ul>\n<li style=\"text-align: justify;\"><em>Iniciativa de identificaci\u00f3n animal permite adem\u00e1s promover la contrataci\u00f3n del seguro caprino que proporciona Agroseguros del Ministerio de Agricultura.<\/em><\/li>\n<\/ul>\n<p style=\"text-align: justify;\">Durante la jornada del segundo jueves de mayo, el seremi de Agricultura Eugenio Ruiz lleg\u00f3 hasta la Pen\u00ednsula de Levic\u00e1n para visitar el predio de la productora y miembro del Comit\u00e9 Caprino de R\u00edo Ib\u00e1\u00f1ez, Gladys \u00c1guila, e iniciar la primera jornada de crotaleo de chivos que se enmarca en la ejecuci\u00f3n del programa FNDR Fortalecimiento Caprino, iniciativa que impulsa consolidar este rubro y fortalecer su comercializaci\u00f3n en la regi\u00f3n.<\/p>\n<p style=\"text-align: justify;\">De acuerdo con la alianza de trabajo del programa financiado con el apoyo del Gobierno Regional y su Consejo, la ocasi\u00f3n cont\u00f3 con la participaci\u00f3n del equipo sectorial INDAP y de DIPLADE del Gobierno Regional de Ays\u00e9n.<\/p>\n<p style=\"text-align: justify;\">\u00abEsto nos permite seguir avanzando en la consolidaci\u00f3n de un rubro que es fundamental y con mucha importancia para las personas productoras de nuestra regi\u00f3n, que es el rubro caprino. Hoy estamos con la productora Gladys, quien es la primera de un total de 30 personas productoras beneficiarias de este programa en el sector a quien le entregamos aretes para la identificaci\u00f3n de sus chivos\u00bb, detall\u00f3 el seremi Ruiz.<\/p>\n<p style=\"text-align: justify;\">De esta manera, durante mayo y junio pr\u00f3ximo los equipos del agro estar\u00e1n en la fase de entrega de herramientas para el crotaleo de caprinos en la comuna de R\u00edo Ib\u00e1\u00f1ez, sector donde se gest\u00f3 la iniciativa que comprende un total de 60 beneficiarios regionales, donde 30 pertenecen a esta comuna.<\/p>\n<p style=\"text-align: justify;\">En este sentido, equipos de la seremi de Agricultura se encuentran determinando las y los nuevos potenciales productores que no residan en esta comuna y que destaquen por desarrollar la ganader\u00eda caprina como principal rubro productivo para ser incorporados en la totalidad de beneficiarios del programa.<\/p>\n<p style=\"text-align: justify;\">Para la productora Gladys \u00c1guila, quien desarrolla la ganader\u00eda caprina hace m\u00e1s de 15 a\u00f1os, \u00abantes el campo no estaba preparado para el caprino. Yo ahora tengo aproximadamente 280 chivos al corte, entre madres y cr\u00edas (&#8230;) Gracias al programa nosotros hemos logrado avanzar en el tema de caprinos, por ejemplo, tener infraestructura, corrales, potreros, y debido a eso la masa de caprino ha aumentado mucho. El programa ayuda mucho al campesino\u00bb.<\/p>\n<p style=\"text-align: justify;\">La iniciativa de identificaci\u00f3n animal permite adem\u00e1s promover la contrataci\u00f3n del seguro caprino que proporciona Agroseguros del Ministerio de Agricultura, disponible desde este a\u00f1o para personas productores de la regi\u00f3n, sean o no usuarias de INDAP. Muerte del animal producida por riesgos como enfermedades no ex\u00f3ticas, accidentes, incendios, como tambi\u00e9n robo y abigeato animal, son algunas causas que contempla la p\u00f3liza del seguro.<\/p>\n<p style=\"text-align: justify;\">\u00abEl tema del areteo sirve para la identificaci\u00f3n de nuestro reba\u00f1o y por el seguro caprino que ya existe y es muy importante para m\u00ed. De esta manera yo puedo tomar el seguro y mi reba\u00f1o perdido por depredadores o alguna enfermedad que est\u00e9 dentro del sistema, ahora lo puedo recuperar\u00bb, finaliz\u00f3 Gladys.<\/p>\n<p style=\"text-align: justify;\">Cabe se\u00f1alar que la contrataci\u00f3n del seguro, disponible hasta el 30 de mayo para el a\u00f1o en curso, indica que cada contratante deber\u00e1 tener el registro de su Declaraci\u00f3n de Existencia Animal (DEA) al d\u00eda a trav\u00e9s de SAG, contar con registro de las medidas sanitarias pertinentes y vacunas al d\u00eda.<\/p>\n<p style=\"text-align: justify;\">Para m\u00e1s informaci\u00f3n sobre esta herramienta, puedes visitar el sitio agroseguros.gob.cl<\/p>\n<\/div><\/section><\/div><div  style='height:50px' class='hr hr-invisible   avia-builder-el-6  el_after_av_one_full  el_before_av_social_share '><span class='hr-inner ' ><span class='hr-inner-style'><\/span><\/span><\/div><\/p>\n<div  class='av-social-sharing-box  avia-builder-el-7  el_after_av_hr  el_before_av_hr  '><div class='av-share-box'><h5 class='av-share-link-description av-no-toc '>Compartir esta noticia<\/h5><ul class='av-share-box-list noLightbox'><li class='av-share-link av-social-link-facebook' ><a target=\"_blank\" aria-label=\"Compartir en Facebook\" href='https:\/\/www.facebook.com\/sharer.php?u=https:\/\/radiorevelacionfm.cl\/?p=54242&#038;t=Fortalecimiento%20Caprino%3A%20Agricultura%20inicia%20proceso%20de%20crotaleo%20junto%20a%20productores%20beneficiados%20del%20programa' aria-hidden='false' data-av_icon='\ue8f3' data-av_iconfont='entypo-fontello' title='' data-avia-related-tooltip='Compartir en Facebook' rel=\"noopener\"><span class='avia_hidden_link_text'>Compartir en Facebook<\/span><\/a><\/li><li class='av-share-link av-social-link-twitter' ><a target=\"_blank\" aria-label=\"Compartir en Twitter\" href='https:\/\/twitter.com\/share?text=Fortalecimiento%20Caprino%3A%20Agricultura%20inicia%20proceso%20de%20crotaleo%20junto%20a%20productores%20beneficiados%20del%20programa&#038;url=https:\/\/radiorevelacionfm.cl\/?p=54242' aria-hidden='false' data-av_icon='\ue8f1' data-av_iconfont='entypo-fontello' title='' data-avia-related-tooltip='Compartir en Twitter' rel=\"noopener\"><span class='avia_hidden_link_text'>Compartir en Twitter<\/span><\/a><\/li><li class='av-share-link av-social-link-whatsapp' ><a target=\"_blank\" aria-label=\"Compartir en Whatsapp\" href='https:\/\/api.whatsapp.com\/send?text=https:\/\/radiorevelacionfm.cl\/?p=54242' aria-hidden='false' data-av_icon='\uf232' data-av_iconfont='entypo-fontello' title='' data-avia-related-tooltip='Compartir en Whatsapp' rel=\"noopener\"><span class='avia_hidden_link_text'>Compartir en Whatsapp<\/span><\/a><\/li><li class='av-share-link av-social-link-linkedin' ><a target=\"_blank\" aria-label=\"Compartir en LinkedIn\" href='https:\/\/linkedin.com\/shareArticle?mini=true&#038;title=Fortalecimiento%20Caprino%3A%20Agricultura%20inicia%20proceso%20de%20crotaleo%20junto%20a%20productores%20beneficiados%20del%20programa&#038;url=https:\/\/radiorevelacionfm.cl\/?p=54242' aria-hidden='false' data-av_icon='\ue8fc' data-av_iconfont='entypo-fontello' title='' data-avia-related-tooltip='Compartir en LinkedIn' rel=\"noopener\"><span class='avia_hidden_link_text'>Compartir en LinkedIn<\/span><\/a><\/li><li class='av-share-link av-social-link-mail' ><a  aria-label=\"Compartir por correo\" href='mailto:?subject=Fortalecimiento%20Caprino%3A%20Agricultura%20inicia%20proceso%20de%20crotaleo%20junto%20a%20productores%20beneficiados%20del%20programa&#038;body=https:\/\/radiorevelacionfm.cl\/?p=54242' aria-hidden='false' data-av_icon='\ue805' data-av_iconfont='entypo-fontello' title='' data-avia-related-tooltip='Compartir por correo'><span class='avia_hidden_link_text'>Compartir por correo<\/span><\/a><\/li><\/ul><\/div><\/div>\n<div  style='height:50px' class='hr hr-invisible   avia-builder-el-8  el_after_av_social_share  el_before_av_comments_list '><span class='hr-inner ' ><span class='hr-inner-style'><\/span><\/span><\/div>\n<div  class='av-buildercomment  av-blog-meta-html-info-disabled av-blog-meta-tag-disabled  '><\/div>\n","protected":false},"excerpt":{"rendered":"","protected":false},"author":1,"featured_media":54243,"comment_status":"closed","ping_status":"closed","sticky":false,"template":"","format":"standard","meta":{"footnotes":""},"categories":[58],"tags":[],"class_list":["post-54242","post","type-post","status-publish","format-standard","has-post-thumbnail","hentry","category-agricultura"],"jetpack_featured_media_url":"https:\/\/radiorevelacionfm.cl\/wp-content\/uploads\/2025\/05\/crotaleo05-1_optimized-1.jpeg","_links":{"self":[{"href":"https:\/\/radiorevelacionfm.cl\/index.php?rest_route=\/wp\/v2\/posts\/54242","targetHints":{"allow":["GET"]}}],"collection":[{"href":"https:\/\/radiorevelacionfm.cl\/index.php?rest_route=\/wp\/v2\/posts"}],"about":[{"href":"https:\/\/radiorevelacionfm.cl\/index.php?rest_route=\/wp\/v2\/types\/post"}],"author":[{"embeddable":true,"href":"https:\/\/radiorevelacionfm.cl\/index.php?rest_route=\/wp\/v2\/users\/1"}],"replies":[{"embeddable":true,"href":"https:\/\/radiorevelacionfm.cl\/index.php?rest_route=%2Fwp%2Fv2%2Fcomments&post=54242"}],"version-history":[{"count":2,"href":"https:\/\/radiorevelacionfm.cl\/index.php?rest_route=\/wp\/v2\/posts\/54242\/revisions"}],"predecessor-version":[{"id":54245,"href":"https:\/\/radiorevelacionfm.cl\/index.php?rest_route=\/wp\/v2\/posts\/54242\/revisions\/54245"}],"wp:featuredmedia":[{"embeddable":true,"href":"https:\/\/radiorevelacionfm.cl\/index.php?rest_route=\/wp\/v2\/media\/54243"}],"wp:attachment":[{"href":"https:\/\/radiorevelacionfm.cl\/index.php?rest_route=%2Fwp%2Fv2%2Fmedia&parent=54242"}],"wp:term":[{"taxonomy":"category","embeddable":true,"href":"https:\/\/radiorevelacionfm.cl\/index.php?rest_route=%2Fwp%2Fv2%2Fcategories&post=54242"},{"taxonomy":"post_tag","embeddable":true,"href":"https:\/\/radiorevelacionfm.cl\/index.php?rest_route=%2Fwp%2Fv2%2Ftags&post=54242"}],"curies":[{"name":"wp","href":"https:\/\/api.w.org\/{rel}","templated":true}]}}