{"id":54237,"date":"2025-05-21T21:16:13","date_gmt":"2025-05-22T00:16:13","guid":{"rendered":"https:\/\/radiorevelacionfm.cl\/?p=54237"},"modified":"2025-05-21T21:16:13","modified_gmt":"2025-05-22T00:16:13","slug":"en-chile-chico-lanzan-programa-4-a-7-y-proyectan-funcionamiento-durante-todo-el-ano-en-2026","status":"publish","type":"post","link":"https:\/\/radiorevelacionfm.cl\/?p=54237","title":{"rendered":"En Chile Chico lanzan Programa 4 a 7 y proyectan funcionamiento durante todo el a\u00f1o en 2026"},"content":{"rendered":"<div class=\"flex_column av_one_full  flex_column_div av-zero-column-padding first  avia-builder-el-0  el_before_av_one_full  avia-builder-el-first  \" style='border-radius:0px; '><div  class='avia-image-container  av-styling-    avia-builder-el-1  avia-builder-el-no-sibling  avia-align-center '  itemprop=\"image\" itemscope=\"itemscope\" itemtype=\"https:\/\/schema.org\/ImageObject\"  ><div class='avia-image-container-inner'><div class='avia-image-overlay-wrap'><img decoding=\"async\" class='wp-image-54238 avia-img-lazy-loading-not-54238 avia_image' src=\"https:\/\/radiorevelacionfm.cl\/wp-content\/uploads\/2025\/05\/4-a-7-chile-chico-2-2-1_optimized-1.jpeg\" alt='' title='4-a-7-chile-chico-2-(2)-(1)_optimized (1)' height=\"600\" width=\"800\"  itemprop=\"thumbnailUrl\" srcset=\"https:\/\/radiorevelacionfm.cl\/wp-content\/uploads\/2025\/05\/4-a-7-chile-chico-2-2-1_optimized-1.jpeg 800w, https:\/\/radiorevelacionfm.cl\/wp-content\/uploads\/2025\/05\/4-a-7-chile-chico-2-2-1_optimized-1-300x225.jpeg 300w, https:\/\/radiorevelacionfm.cl\/wp-content\/uploads\/2025\/05\/4-a-7-chile-chico-2-2-1_optimized-1-768x576.jpeg 768w, https:\/\/radiorevelacionfm.cl\/wp-content\/uploads\/2025\/05\/4-a-7-chile-chico-2-2-1_optimized-1-705x529.jpeg 705w, https:\/\/radiorevelacionfm.cl\/wp-content\/uploads\/2025\/05\/4-a-7-chile-chico-2-2-1_optimized-1-450x338.jpeg 450w, https:\/\/radiorevelacionfm.cl\/wp-content\/uploads\/2025\/05\/4-a-7-chile-chico-2-2-1_optimized-1-600x450.jpeg 600w\" sizes=\"(max-width: 800px) 100vw, 800px\" \/><\/div><\/div><\/div><\/div><div class=\"flex_column av_one_full  flex_column_div av-zero-column-padding first  avia-builder-el-2  el_after_av_one_full  el_before_av_one_full  column-top-margin\" style='border-radius:0px; '><section class=\"av_textblock_section \"  itemscope=\"itemscope\" itemtype=\"https:\/\/schema.org\/BlogPosting\" itemprop=\"blogPost\" ><div class='avia_textblock  '   itemprop=\"text\" ><p style=\"text-align: center;\"><strong><span style=\"font-size: 18pt;\">En Chile Chico lanzan Programa 4 a 7 y proyectan funcionamiento durante todo el a\u00f1o en 2026<\/span><\/strong><\/p>\n<div id=\"gtx-trans\" style=\"position: absolute; left: -50px; top: 4.31534px;\">\n<div class=\"gtx-trans-icon\"><\/div>\n<\/div>\n<\/div><\/section><\/div><div class=\"flex_column av_one_full  flex_column_div av-zero-column-padding first  avia-builder-el-4  el_after_av_one_full  el_before_av_hr  column-top-margin\" style='border-radius:0px; '><section class=\"av_textblock_section \"  itemscope=\"itemscope\" itemtype=\"https:\/\/schema.org\/BlogPosting\" itemprop=\"blogPost\" ><div class='avia_textblock  '   itemprop=\"text\" ><p dir=\"ltr\" style=\"text-align: justify;\">Con un auditorio repleto de ni\u00f1os, ni\u00f1as y mujeres, se llev\u00f3 a cabo en la Casa de la Cultura de Chile Chico la ceremonia de lanzamiento oficial del Programa 4 a 7 del Servicio Nacional de la Mujer y la Equidad de G\u00e9nero (SernamEG), que se ejecuta en convenio con la Municipalidad y que retorn\u00f3 este a\u00f1o a la comuna a solicitud de las propias habitantes de \u00abla ciudad del sol\u00bb.<\/p>\n<p dir=\"ltr\" style=\"text-align: justify;\">Esta iniciativa, que contempla un componente de cuidado integral de infancias y adolescencias despu\u00e9s de la jornada escolar (de las 4 a las 7 de la tarde como dice su nombre), es un apoyo fundamental para fortalecer la autonom\u00eda econ\u00f3mica de las mujeres, permiti\u00e9ndoles insertarse y permanecer en el mercado laboral. Es por esta raz\u00f3n que, tras una serie de solicitudes desde la ciudadan\u00eda, y gracias a la voluntad pol\u00edtica de las actuales administraciones de la Municipalidad de Chile Chico y SernamEG, el programa volvi\u00f3 a ejecutarse en el territorio luego de que a fines de 2023 la autoridad local de aquel entonces decidiera no continuar con el convenio.<\/p>\n<p dir=\"ltr\" style=\"text-align: justify;\">Adem\u00e1s, en la misma ceremonia se anunci\u00f3 que, como parte de las medidas adoptadas por el Gobierno del Presidente Gabriel Boric para todos los 4 a 7 a nivel nacional, el programa comenzar\u00e1 a funcionar en Chile Chico durante todo el a\u00f1o en 2026, incluyendo los meses de enero y febrero, donde el componente de cuidados extender\u00e1 su jornada de las 09:00 a las 17:00 horas.<\/p>\n<p dir=\"ltr\" style=\"text-align: justify;\">\u00abPara nosotros como un servicio enfocado a fortalecer la autonom\u00eda econ\u00f3mica de todas las mujeres de la regi\u00f3n, principalmente de las comunas m\u00e1s alejadas, fue sumamente importante poder gestionar nuevamente la instalaci\u00f3n de este programa, a trav\u00e9s de la firma del convenio con la Municipalidad de Chile Chico. Esperamos este 2026 tener una jornada que vaya desde el mes de enero hasta diciembre, porque entendemos la necesidad de que las mujeres puedan insertarse de manera permanente en el mercado laboral\u00bb, se\u00f1al\u00f3 la directora regional de SernamEG, Patricia Baeza Cabezas.<\/p>\n<p dir=\"ltr\" style=\"text-align: justify;\">En este mismo sentido, el alcalde de la Ilustre Municipalidad de Chile Chico, Ariel Keim Hermosilla, enfatiz\u00f3 que desde su administraci\u00f3n entienden que \u00abeste programa no puede funcionar solamente en \u00e9poca escolar, porque la necesidad y la demanda que existen hoy es que se realice todos los d\u00edas del a\u00f1o. Por eso desde 2026 se va a partir desde el 1 de enero hasta el 31 de diciembre, lo cual es sin duda una muy buena noticia. Desde el municipio por supuesto que tenemos toda la voluntad de seguir fortaleciendo este programa y otros que son parte de las redes de apoyo para las mujeres, para las trabajadoras, para las emprendedoras y para toda la comuna\u00bb.<\/p>\n<p dir=\"ltr\" style=\"text-align: justify;\">Por \u00faltimo, Ivana Catal\u00e1n Ganga, representante del Centro de Apoderados y Apoderadas de la Escuela B\u00e1sica de Chile Chico, y participante del programa 4 a 7, relev\u00f3 que esta iniciativa es \u00absin duda un apoyo tremendo. Hay muchas mujeres que ac\u00e1, como somos una localidad chica, tienen sus apoyos y redes, pero habemos muchas otras que no contamos con estas redes. Entonces, el poder contar con esta opci\u00f3n, tener personas que est\u00e9n capacitadas, que entregan tanto cari\u00f1o y que est\u00e1n preparadas para cuidar a nuestros hijos, es una oportunidad muy buena que nos permite desarrollarnos profesionalmente\u00bb.<\/p>\n<\/div><\/section><\/div><div  style='height:50px' class='hr hr-invisible   avia-builder-el-6  el_after_av_one_full  el_before_av_social_share '><span class='hr-inner ' ><span class='hr-inner-style'><\/span><\/span><\/div><\/p>\n<div  class='av-social-sharing-box  avia-builder-el-7  el_after_av_hr  el_before_av_hr  '><div class='av-share-box'><h5 class='av-share-link-description av-no-toc '>Compartir esta noticia<\/h5><ul class='av-share-box-list noLightbox'><li class='av-share-link av-social-link-facebook' ><a target=\"_blank\" aria-label=\"Compartir en Facebook\" href='https:\/\/www.facebook.com\/sharer.php?u=https:\/\/radiorevelacionfm.cl\/?p=54237&#038;t=En%20Chile%20Chico%20lanzan%20Programa%204%20a%207%20y%20proyectan%20funcionamiento%20durante%20todo%20el%20a%C3%B1o%20en%202026' aria-hidden='false' data-av_icon='\ue8f3' data-av_iconfont='entypo-fontello' title='' data-avia-related-tooltip='Compartir en Facebook' rel=\"noopener\"><span class='avia_hidden_link_text'>Compartir en Facebook<\/span><\/a><\/li><li class='av-share-link av-social-link-twitter' ><a target=\"_blank\" aria-label=\"Compartir en Twitter\" href='https:\/\/twitter.com\/share?text=En%20Chile%20Chico%20lanzan%20Programa%204%20a%207%20y%20proyectan%20funcionamiento%20durante%20todo%20el%20a%C3%B1o%20en%202026&#038;url=https:\/\/radiorevelacionfm.cl\/?p=54237' aria-hidden='false' data-av_icon='\ue8f1' data-av_iconfont='entypo-fontello' title='' data-avia-related-tooltip='Compartir en Twitter' rel=\"noopener\"><span class='avia_hidden_link_text'>Compartir en Twitter<\/span><\/a><\/li><li class='av-share-link av-social-link-whatsapp' ><a target=\"_blank\" aria-label=\"Compartir en Whatsapp\" href='https:\/\/api.whatsapp.com\/send?text=https:\/\/radiorevelacionfm.cl\/?p=54237' aria-hidden='false' data-av_icon='\uf232' data-av_iconfont='entypo-fontello' title='' data-avia-related-tooltip='Compartir en Whatsapp' rel=\"noopener\"><span class='avia_hidden_link_text'>Compartir en Whatsapp<\/span><\/a><\/li><li class='av-share-link av-social-link-linkedin' ><a target=\"_blank\" aria-label=\"Compartir en LinkedIn\" href='https:\/\/linkedin.com\/shareArticle?mini=true&#038;title=En%20Chile%20Chico%20lanzan%20Programa%204%20a%207%20y%20proyectan%20funcionamiento%20durante%20todo%20el%20a%C3%B1o%20en%202026&#038;url=https:\/\/radiorevelacionfm.cl\/?p=54237' aria-hidden='false' data-av_icon='\ue8fc' data-av_iconfont='entypo-fontello' title='' data-avia-related-tooltip='Compartir en LinkedIn' rel=\"noopener\"><span class='avia_hidden_link_text'>Compartir en LinkedIn<\/span><\/a><\/li><li class='av-share-link av-social-link-mail' ><a  aria-label=\"Compartir por correo\" href='mailto:?subject=En%20Chile%20Chico%20lanzan%20Programa%204%20a%207%20y%20proyectan%20funcionamiento%20durante%20todo%20el%20a%C3%B1o%20en%202026&#038;body=https:\/\/radiorevelacionfm.cl\/?p=54237' aria-hidden='false' data-av_icon='\ue805' data-av_iconfont='entypo-fontello' title='' data-avia-related-tooltip='Compartir por correo'><span class='avia_hidden_link_text'>Compartir por correo<\/span><\/a><\/li><\/ul><\/div><\/div>\n<div  style='height:50px' class='hr hr-invisible   avia-builder-el-8  el_after_av_social_share  el_before_av_comments_list '><span class='hr-inner ' ><span class='hr-inner-style'><\/span><\/span><\/div>\n<div  class='av-buildercomment  av-blog-meta-html-info-disabled av-blog-meta-tag-disabled  '><\/div>\n","protected":false},"excerpt":{"rendered":"","protected":false},"author":1,"featured_media":54238,"comment_status":"closed","ping_status":"closed","sticky":false,"template":"","format":"standard","meta":{"footnotes":""},"categories":[38],"tags":[],"class_list":["post-54237","post","type-post","status-publish","format-standard","has-post-thumbnail","hentry","category-regional"],"jetpack_featured_media_url":"https:\/\/radiorevelacionfm.cl\/wp-content\/uploads\/2025\/05\/4-a-7-chile-chico-2-2-1_optimized-1.jpeg","_links":{"self":[{"href":"https:\/\/radiorevelacionfm.cl\/index.php?rest_route=\/wp\/v2\/posts\/54237","targetHints":{"allow":["GET"]}}],"collection":[{"href":"https:\/\/radiorevelacionfm.cl\/index.php?rest_route=\/wp\/v2\/posts"}],"about":[{"href":"https:\/\/radiorevelacionfm.cl\/index.php?rest_route=\/wp\/v2\/types\/post"}],"author":[{"embeddable":true,"href":"https:\/\/radiorevelacionfm.cl\/index.php?rest_route=\/wp\/v2\/users\/1"}],"replies":[{"embeddable":true,"href":"https:\/\/radiorevelacionfm.cl\/index.php?rest_route=%2Fwp%2Fv2%2Fcomments&post=54237"}],"version-history":[{"count":2,"href":"https:\/\/radiorevelacionfm.cl\/index.php?rest_route=\/wp\/v2\/posts\/54237\/revisions"}],"predecessor-version":[{"id":54241,"href":"https:\/\/radiorevelacionfm.cl\/index.php?rest_route=\/wp\/v2\/posts\/54237\/revisions\/54241"}],"wp:featuredmedia":[{"embeddable":true,"href":"https:\/\/radiorevelacionfm.cl\/index.php?rest_route=\/wp\/v2\/media\/54238"}],"wp:attachment":[{"href":"https:\/\/radiorevelacionfm.cl\/index.php?rest_route=%2Fwp%2Fv2%2Fmedia&parent=54237"}],"wp:term":[{"taxonomy":"category","embeddable":true,"href":"https:\/\/radiorevelacionfm.cl\/index.php?rest_route=%2Fwp%2Fv2%2Fcategories&post=54237"},{"taxonomy":"post_tag","embeddable":true,"href":"https:\/\/radiorevelacionfm.cl\/index.php?rest_route=%2Fwp%2Fv2%2Ftags&post=54237"}],"curies":[{"name":"wp","href":"https:\/\/api.w.org\/{rel}","templated":true}]}}