{"id":54232,"date":"2025-05-21T20:45:42","date_gmt":"2025-05-21T23:45:42","guid":{"rendered":"https:\/\/radiorevelacionfm.cl\/?p=54232"},"modified":"2025-05-21T20:45:42","modified_gmt":"2025-05-21T23:45:42","slug":"academia-ecoterraneo-abre-convocatoria-2025-para-ideas-innovadoras-en-aysen","status":"publish","type":"post","link":"https:\/\/radiorevelacionfm.cl\/?p=54232","title":{"rendered":"Academia Ecoterr\u00e1neo abre convocatoria 2025 para ideas innovadoras en Ays\u00e9n"},"content":{"rendered":"<div class=\"flex_column av_one_full  flex_column_div av-zero-column-padding first  avia-builder-el-0  el_before_av_one_full  avia-builder-el-first  \" style='border-radius:0px; '><div  class='avia-image-container  av-styling-    avia-builder-el-1  avia-builder-el-no-sibling  avia-align-center '  itemprop=\"image\" itemscope=\"itemscope\" itemtype=\"https:\/\/schema.org\/ImageObject\"  ><div class='avia-image-container-inner'><div class='avia-image-overlay-wrap'><img decoding=\"async\" class='wp-image-54233 avia-img-lazy-loading-not-54233 avia_image' src=\"https:\/\/radiorevelacionfm.cl\/wp-content\/uploads\/2025\/05\/academia-2-archivo-1_optimized.jpg\" alt='' title='academia-2-archivo-(1)_optimized' height=\"600\" width=\"1090\"  itemprop=\"thumbnailUrl\" srcset=\"https:\/\/radiorevelacionfm.cl\/wp-content\/uploads\/2025\/05\/academia-2-archivo-1_optimized.jpg 1090w, https:\/\/radiorevelacionfm.cl\/wp-content\/uploads\/2025\/05\/academia-2-archivo-1_optimized-300x165.jpg 300w, https:\/\/radiorevelacionfm.cl\/wp-content\/uploads\/2025\/05\/academia-2-archivo-1_optimized-1030x567.jpg 1030w, https:\/\/radiorevelacionfm.cl\/wp-content\/uploads\/2025\/05\/academia-2-archivo-1_optimized-768x423.jpg 768w, https:\/\/radiorevelacionfm.cl\/wp-content\/uploads\/2025\/05\/academia-2-archivo-1_optimized-705x388.jpg 705w, https:\/\/radiorevelacionfm.cl\/wp-content\/uploads\/2025\/05\/academia-2-archivo-1_optimized-450x248.jpg 450w, https:\/\/radiorevelacionfm.cl\/wp-content\/uploads\/2025\/05\/academia-2-archivo-1_optimized-600x330.jpg 600w\" sizes=\"(max-width: 1090px) 100vw, 1090px\" \/><\/div><\/div><\/div><\/div><div class=\"flex_column av_one_full  flex_column_div av-zero-column-padding first  avia-builder-el-2  el_after_av_one_full  el_before_av_one_full  column-top-margin\" style='border-radius:0px; '><section class=\"av_textblock_section \"  itemscope=\"itemscope\" itemtype=\"https:\/\/schema.org\/BlogPosting\" itemprop=\"blogPost\" ><div class='avia_textblock  '   itemprop=\"text\" ><p style=\"text-align: center;\"><strong><span style=\"font-size: 18pt;\">Academia Ecoterr\u00e1neo abre convocatoria 2025 para ideas innovadoras en Ays\u00e9n<\/span><\/strong><\/p>\n<div id=\"gtx-trans\" style=\"position: absolute; left: -50px; top: 4.31534px;\">\n<div class=\"gtx-trans-icon\"><\/div>\n<\/div>\n<\/div><\/section><\/div><div class=\"flex_column av_one_full  flex_column_div av-zero-column-padding first  avia-builder-el-4  el_after_av_one_full  el_before_av_hr  column-top-margin\" style='border-radius:0px; '><section class=\"av_textblock_section \"  itemscope=\"itemscope\" itemtype=\"https:\/\/schema.org\/BlogPosting\" itemprop=\"blogPost\" ><div class='avia_textblock  '   itemprop=\"text\" ><p style=\"text-align: justify;\"><em>Impulsada por Corfo y Geogama, la Academia Ecoterr\u00e1neo es la primera incubadora de negocios regional en Ays\u00e9n y busca acompa\u00f1ar a emprendedores y emprendedoras que quieran transformar el territorio a trav\u00e9s de la innovaci\u00f3n.<\/em><\/p>\n<p style=\"text-align: justify;\">Por tercer a\u00f1o consecutivo, la Academia Ecoterr\u00e1neo \u2014la primera incubadora de negocios regional impulsada por Corfo en Ays\u00e9n\u2014 abre su convocatoria para apoyar a quienes quieran transformar sus ideas en proyectos innovadores con impacto territorial.<\/p>\n<p style=\"text-align: justify;\">Cofinanciada por la empresa aysenina Geogama y con el respaldo de Corfo, esta incubadora ha acompa\u00f1ado desde 2022 a m\u00e1s de 100 proyectos en sus etapas iniciales. A trav\u00e9s de formaci\u00f3n especializada, asesor\u00edas personalizadas y acceso a redes de apoyo, ha contribuido a que emprendedores y emprendedoras de toda la regi\u00f3n validen sus ideas, formalicen sus negocios, se proyecten hacia nuevos mercados y postulen a financiamiento p\u00fablico y privado.<\/p>\n<p style=\"text-align: justify;\">Al respecto, Humberto Mar\u00edn Leiva, director de Corfo indic\u00f3 que el desarrollo regional no solo depende del financiamiento, sino tambi\u00e9n del conocimiento, las redes y el acompa\u00f1amiento estrat\u00e9gico. \u201cPor esta raz\u00f3n es que desde 2022 impulsamos la Academia Ecoterr\u00e1neo, la primera incubadora de negocios regional en Ays\u00e9n, como una puerta de entrada para transformar buenas ideas en proyectos reales con impacto territorial. Hoy, tras acompa\u00f1ar a m\u00e1s de cien iniciativas locales, reafirmamos nuestro compromiso con quienes sue\u00f1an con emprender desde Ays\u00e9n para el mundo.<\/p>\n<p style=\"text-align: justify;\"><strong>CONVOCATORIA 2025<\/strong><\/p>\n<p style=\"text-align: justify;\">Para esta edici\u00f3n, el programa se desarrollar\u00e1 durante seis meses, con actividades presenciales en Coyhaique y Puerto Ays\u00e9n, y cobertura online para facilitar la participaci\u00f3n desde otras localidades. La formaci\u00f3n contempla ocho m\u00f3dulos enfocados en ventas, marketing, finanzas, formalizaci\u00f3n, presentaci\u00f3n de proyectos (pitch) y herramientas digitales. A ello se suman asesor\u00edas individuales con especialistas en innovaci\u00f3n y emprendimiento, orientadas a fortalecer cada iniciativa seg\u00fan su etapa de desarrollo y necesidades espec\u00edficas.<\/p>\n<p style=\"text-align: justify;\">Marcela Vidal, gerente de Ecoterr\u00e1neo, subraya que esta instancia representa una verdadera puerta de entrada para quienes desean emprender con prop\u00f3sito. \u201cNuestro objetivo es apoyar a personas con ideas innovadoras, que quieran escalarlas y generar impacto regional o nacional. A trav\u00e9s de talleres, asesor\u00edas y un acompa\u00f1amiento cercano, les ayudamos a pasar de una idea a un proyecto con estructura y proyecci\u00f3n real.\u201d<\/p>\n<p style=\"text-align: justify;\">La convocatoria est\u00e1 dirigida a personas mayores de 18 a\u00f1os que cuenten con una idea de negocio innovadora y con potencial de crecimiento, pero que a\u00fan no hayan formalizado su emprendimiento ni generado ventas.<\/p>\n<p style=\"text-align: justify;\">\u201cEste programa no entrega financiamiento directo, pero s\u00ed algo mucho m\u00e1s valioso: conocimiento, redes y acompa\u00f1amiento experto. Sabemos que muchas veces una buena idea necesita gu\u00eda para transformarse en un verdadero proyecto. Eso es lo que ofrecemos aqu\u00ed\u201d, agrega Vidal.<\/p>\n<p style=\"text-align: justify;\">Las postulaciones estar\u00e1n abiertas hasta el 27 de mayo y se pueden realizar en el sitio web <a href=\"http:\/\/www.ecoterraneo.com\">www.ecoterraneo.com<\/a> o a trav\u00e9s de las redes sociales de Ecoterr\u00e1neo Cowork. Quienes necesiten orientaci\u00f3n para postular pueden acercarse a las oficinas ubicadas en Teniente Merino 710, frente a la plaza de Puerto Ays\u00e9n.<\/p>\n<\/div><\/section><\/div><div  style='height:50px' class='hr hr-invisible   avia-builder-el-6  el_after_av_one_full  el_before_av_social_share '><span class='hr-inner ' ><span class='hr-inner-style'><\/span><\/span><\/div><\/p>\n<div  class='av-social-sharing-box  avia-builder-el-7  el_after_av_hr  el_before_av_hr  '><div class='av-share-box'><h5 class='av-share-link-description av-no-toc '>Compartir esta noticia<\/h5><ul class='av-share-box-list noLightbox'><li class='av-share-link av-social-link-facebook' ><a target=\"_blank\" aria-label=\"Compartir en Facebook\" href='https:\/\/www.facebook.com\/sharer.php?u=https:\/\/radiorevelacionfm.cl\/?p=54232&#038;t=Academia%20Ecoterr%C3%A1neo%20abre%20convocatoria%202025%20para%20ideas%20innovadoras%20en%20Ays%C3%A9n' aria-hidden='false' data-av_icon='\ue8f3' data-av_iconfont='entypo-fontello' title='' data-avia-related-tooltip='Compartir en Facebook' rel=\"noopener\"><span class='avia_hidden_link_text'>Compartir en Facebook<\/span><\/a><\/li><li class='av-share-link av-social-link-twitter' ><a target=\"_blank\" aria-label=\"Compartir en Twitter\" href='https:\/\/twitter.com\/share?text=Academia%20Ecoterr%C3%A1neo%20abre%20convocatoria%202025%20para%20ideas%20innovadoras%20en%20Ays%C3%A9n&#038;url=https:\/\/radiorevelacionfm.cl\/?p=54232' aria-hidden='false' data-av_icon='\ue8f1' data-av_iconfont='entypo-fontello' title='' data-avia-related-tooltip='Compartir en Twitter' rel=\"noopener\"><span class='avia_hidden_link_text'>Compartir en Twitter<\/span><\/a><\/li><li class='av-share-link av-social-link-whatsapp' ><a target=\"_blank\" aria-label=\"Compartir en Whatsapp\" href='https:\/\/api.whatsapp.com\/send?text=https:\/\/radiorevelacionfm.cl\/?p=54232' aria-hidden='false' data-av_icon='\uf232' data-av_iconfont='entypo-fontello' title='' data-avia-related-tooltip='Compartir en Whatsapp' rel=\"noopener\"><span class='avia_hidden_link_text'>Compartir en Whatsapp<\/span><\/a><\/li><li class='av-share-link av-social-link-linkedin' ><a target=\"_blank\" aria-label=\"Compartir en LinkedIn\" href='https:\/\/linkedin.com\/shareArticle?mini=true&#038;title=Academia%20Ecoterr%C3%A1neo%20abre%20convocatoria%202025%20para%20ideas%20innovadoras%20en%20Ays%C3%A9n&#038;url=https:\/\/radiorevelacionfm.cl\/?p=54232' aria-hidden='false' data-av_icon='\ue8fc' data-av_iconfont='entypo-fontello' title='' data-avia-related-tooltip='Compartir en LinkedIn' rel=\"noopener\"><span class='avia_hidden_link_text'>Compartir en LinkedIn<\/span><\/a><\/li><li class='av-share-link av-social-link-mail' ><a  aria-label=\"Compartir por correo\" href='mailto:?subject=Academia%20Ecoterr%C3%A1neo%20abre%20convocatoria%202025%20para%20ideas%20innovadoras%20en%20Ays%C3%A9n&#038;body=https:\/\/radiorevelacionfm.cl\/?p=54232' aria-hidden='false' data-av_icon='\ue805' data-av_iconfont='entypo-fontello' title='' data-avia-related-tooltip='Compartir por correo'><span class='avia_hidden_link_text'>Compartir por correo<\/span><\/a><\/li><\/ul><\/div><\/div>\n<div  style='height:50px' class='hr hr-invisible   avia-builder-el-8  el_after_av_social_share  el_before_av_comments_list '><span class='hr-inner ' ><span class='hr-inner-style'><\/span><\/span><\/div>\n<div  class='av-buildercomment  av-blog-meta-html-info-disabled av-blog-meta-tag-disabled  '><\/div>\n","protected":false},"excerpt":{"rendered":"","protected":false},"author":1,"featured_media":54233,"comment_status":"closed","ping_status":"closed","sticky":false,"template":"","format":"standard","meta":{"footnotes":""},"categories":[38],"tags":[],"class_list":["post-54232","post","type-post","status-publish","format-standard","has-post-thumbnail","hentry","category-regional"],"jetpack_featured_media_url":"https:\/\/radiorevelacionfm.cl\/wp-content\/uploads\/2025\/05\/academia-2-archivo-1_optimized.jpg","_links":{"self":[{"href":"https:\/\/radiorevelacionfm.cl\/index.php?rest_route=\/wp\/v2\/posts\/54232","targetHints":{"allow":["GET"]}}],"collection":[{"href":"https:\/\/radiorevelacionfm.cl\/index.php?rest_route=\/wp\/v2\/posts"}],"about":[{"href":"https:\/\/radiorevelacionfm.cl\/index.php?rest_route=\/wp\/v2\/types\/post"}],"author":[{"embeddable":true,"href":"https:\/\/radiorevelacionfm.cl\/index.php?rest_route=\/wp\/v2\/users\/1"}],"replies":[{"embeddable":true,"href":"https:\/\/radiorevelacionfm.cl\/index.php?rest_route=%2Fwp%2Fv2%2Fcomments&post=54232"}],"version-history":[{"count":2,"href":"https:\/\/radiorevelacionfm.cl\/index.php?rest_route=\/wp\/v2\/posts\/54232\/revisions"}],"predecessor-version":[{"id":54236,"href":"https:\/\/radiorevelacionfm.cl\/index.php?rest_route=\/wp\/v2\/posts\/54232\/revisions\/54236"}],"wp:featuredmedia":[{"embeddable":true,"href":"https:\/\/radiorevelacionfm.cl\/index.php?rest_route=\/wp\/v2\/media\/54233"}],"wp:attachment":[{"href":"https:\/\/radiorevelacionfm.cl\/index.php?rest_route=%2Fwp%2Fv2%2Fmedia&parent=54232"}],"wp:term":[{"taxonomy":"category","embeddable":true,"href":"https:\/\/radiorevelacionfm.cl\/index.php?rest_route=%2Fwp%2Fv2%2Fcategories&post=54232"},{"taxonomy":"post_tag","embeddable":true,"href":"https:\/\/radiorevelacionfm.cl\/index.php?rest_route=%2Fwp%2Fv2%2Ftags&post=54232"}],"curies":[{"name":"wp","href":"https:\/\/api.w.org\/{rel}","templated":true}]}}