{"id":5423,"date":"2021-06-18T10:58:43","date_gmt":"2021-06-18T13:58:43","guid":{"rendered":"https:\/\/radiorevelacionfm.cl\/?p=5423"},"modified":"2021-06-18T10:58:43","modified_gmt":"2021-06-18T13:58:43","slug":"gremio-del-deporte-rechaza-propuesta-del-colmed-la-salud-mental-y-fisica-no-puede-seguir-esperando","status":"publish","type":"post","link":"https:\/\/radiorevelacionfm.cl\/?p=5423","title":{"rendered":"Gremio del deporte rechaza propuesta del Colmed: La salud mental y f\u00edsica no puede seguir esperando"},"content":{"rendered":"<div class=\"flex_column av_one_full  flex_column_div av-zero-column-padding first  avia-builder-el-0  el_before_av_one_full  avia-builder-el-first  \" style='border-radius:0px; '><div  class='avia-image-container  av-styling-    avia-builder-el-1  avia-builder-el-no-sibling  avia-align-center '  itemprop=\"image\" itemscope=\"itemscope\" itemtype=\"https:\/\/schema.org\/ImageObject\"  ><div class='avia-image-container-inner'><div class='avia-image-overlay-wrap'><img decoding=\"async\" class='wp-image-0 avia-img-lazy-loading-not-0 avia_image' src=\"https:\/\/radiorevelacionfm.cl\/wp-content\/uploads\/2021\/06\/gimnasio_cerrado-1-1.jpg\" alt='' title=''   itemprop=\"thumbnailUrl\"  \/><\/div><\/div><\/div><\/div>\n<div class=\"flex_column av_one_full  flex_column_div av-zero-column-padding first  avia-builder-el-2  el_after_av_one_full  el_before_av_one_full  column-top-margin\" style='border-radius:0px; '><section class=\"av_textblock_section \"  itemscope=\"itemscope\" itemtype=\"https:\/\/schema.org\/BlogPosting\" itemprop=\"blogPost\" ><div class='avia_textblock  '   itemprop=\"text\" ><p style=\"text-align: center;\"><strong><span style=\"font-size: 18pt;\">Gremio del deporte rechaza propuesta del Colmed: La salud mental y f\u00edsica no puede seguir esperando<\/span><\/strong><\/p>\n<div id=\"gtx-trans\" style=\"position: absolute; left: -50px; top: 4.31534px;\">\n<div class=\"gtx-trans-icon\"><\/div>\n<\/div>\n<\/div><\/section><\/div><div class=\"flex_column av_one_full  flex_column_div av-zero-column-padding first  avia-builder-el-4  el_after_av_one_full  el_before_av_hr  column-top-margin\" style='border-radius:0px; '><section class=\"av_textblock_section \"  itemscope=\"itemscope\" itemtype=\"https:\/\/schema.org\/BlogPosting\" itemprop=\"blogPost\" ><div class='avia_textblock  '   itemprop=\"text\" ><p style=\"text-align: justify;\">Desde el gremio regional \u2013 en formaci\u00f3n- que agrupa a emprendedores del rubro de la actividad f\u00edsica, propietarios de gimnasios y espacios m\u00faltiples, instructores y profesionales, comunicamos a nuestros usuarios\/as y a la comunidad en general que tras analizar y revisar la propuesta presentada recientemente por el Colegio M\u00e9dico (COLMED) manifestamos lo siguiente:<\/p>\n<p style=\"text-align: justify;\">Las medidas que han sido presentadas por la mesa nacional del COLMED son de car\u00e1cter centralista y poco realista con lo que est\u00e1 ocurriendo en las regiones, en particular, nuestra Regi\u00f3n de Ays\u00e9n. A su vez, creemos que es imposible sostener una propuesta como la del denominado \u201ccortocircuito epid\u00e9mico\u201d, al no contemplarse otras en materia econ\u00f3mica que lo complementen.<\/p>\n<p style=\"text-align: justify;\">Nuestro rubro de gimnasios y espacios deportivos en la regi\u00f3n, se ha visto brutalmente afectado durante esta pandemia, llevamos m\u00e1s de una a\u00f1o y medio sin poder abrir nuestras puertas y cada due\u00f1o\/a contin\u00faa sosteniendo su espacio deportivo sin ninguna ayuda o beneficio del Estado. Por ende, ha llegado el momento de que tambi\u00e9n seamos escuchados y que se nos permita volver a trabajar. Creemos fielmente que son espacios necesarios para la ciudadan\u00eda y especialmente para nuestra regi\u00f3n.<\/p>\n<p style=\"text-align: justify;\">El Plan Paso a Paso nos ha perjudicado enormemente, cortando\u00a0 cualquier posibilidad de funcionar a pesar de los esfuerzos que hemos realizado para modificar nuestros espacios, generar los protocolos exigidos por la autoridad sanitaria y con los cuales no se ha registrado ning\u00fan contagio a nivel local e invertir, sin posibilidad de recuperarlo debido al cierre de los diversos recintos.\u00a0 Aquello, tambi\u00e9n reduce las posibilidades de las personas para tener un momento de distracci\u00f3n y desarrollar alguna actividad f\u00edsica. Debemos considerar que la salud mental es una segunda pandemia, consecuencia de las restricciones que a todos nos afectan y sobre la que a\u00fan no se toman cartas en el asunto para abordarlo interdisciplinarmente.<\/p>\n<p style=\"text-align: justify;\">Por lo anterior, apelamos a la toma de conciencia de las autoridades regionales y nacionales, debemos relevar la importancia de la actividad f\u00edsica y deportiva, no s\u00f3lo por los beneficios a niveles f\u00edsicos y est\u00e9ticos que trae, sino tambi\u00e9n por los beneficios que nos entrega a nivel mental y emocional, lo cual en este momento es prioridad para fortalecer el sistema inmune.<\/p>\n<p style=\"text-align: justify;\">En esa l\u00ednea, se entregan otras propuestas que no tienen sentido de realizar en nuestra Patagonia, sabemos que es imposible efectuar actividades al aire libre cuando en pleno invierno se pueden llegar a tener hasta\u00a0 temperaturas de -10\u00b0 o m\u00e1s.\u00a0 Sumado a eso, se deben considerar los altos niveles de contaminaci\u00f3n del aire y que expone a las personas a contraer enfermedades respiratorias.<\/p>\n<p style=\"text-align: justify;\">Como aliados del cuidado de la salud de las personas, su bienestar y la educaci\u00f3n de nuestra poblaci\u00f3n, ratificamos nuestro compromiso de continuar velando por el cuidado de todos y todas quienes utilizan nuestros espacios m\u00faltiples, en tanto, seguiremos avanzando en la propuesta que desde la Regi\u00f3n de Ays\u00e9n hemos entregado a las autoridades regionales y nacionales para volver a abrir los diversos recintos p\u00fablicos y privados a partir de Fase 2, la salud mental y f\u00edsica no puede seguir esperando.<\/p>\n<\/div><\/section><\/div><\/p>\n<div  style='height:50px' class='hr hr-invisible   avia-builder-el-6  el_after_av_one_full  el_before_av_social_share '><span class='hr-inner ' ><span class='hr-inner-style'><\/span><\/span><\/div>\n<div  class='av-social-sharing-box  avia-builder-el-7  el_after_av_hr  el_before_av_hr  '><div class='av-share-box'><h5 class='av-share-link-description av-no-toc '>Compartir esta noticia<\/h5><ul class='av-share-box-list noLightbox'><li class='av-share-link av-social-link-facebook' ><a target=\"_blank\" aria-label=\"Compartir en Facebook\" href='https:\/\/www.facebook.com\/sharer.php?u=https:\/\/radiorevelacionfm.cl\/?p=5423&#038;t=Gremio%20del%20deporte%20rechaza%20propuesta%20del%20Colmed%3A%20La%20salud%20mental%20y%20f%C3%ADsica%20no%20puede%20seguir%20esperando' aria-hidden='false' data-av_icon='\ue8f3' data-av_iconfont='entypo-fontello' title='' data-avia-related-tooltip='Compartir en Facebook' rel=\"noopener\"><span class='avia_hidden_link_text'>Compartir en Facebook<\/span><\/a><\/li><li class='av-share-link av-social-link-twitter' ><a target=\"_blank\" aria-label=\"Compartir en Twitter\" href='https:\/\/twitter.com\/share?text=Gremio%20del%20deporte%20rechaza%20propuesta%20del%20Colmed%3A%20La%20salud%20mental%20y%20f%C3%ADsica%20no%20puede%20seguir%20esperando&#038;url=https:\/\/radiorevelacionfm.cl\/?p=5423' aria-hidden='false' data-av_icon='\ue8f1' data-av_iconfont='entypo-fontello' title='' data-avia-related-tooltip='Compartir en Twitter' rel=\"noopener\"><span class='avia_hidden_link_text'>Compartir en Twitter<\/span><\/a><\/li><li class='av-share-link av-social-link-whatsapp' ><a target=\"_blank\" aria-label=\"Compartir en Whatsapp\" href='https:\/\/api.whatsapp.com\/send?text=https:\/\/radiorevelacionfm.cl\/?p=5423' aria-hidden='false' data-av_icon='\uf232' data-av_iconfont='entypo-fontello' title='' data-avia-related-tooltip='Compartir en Whatsapp' rel=\"noopener\"><span class='avia_hidden_link_text'>Compartir en Whatsapp<\/span><\/a><\/li><li class='av-share-link av-social-link-linkedin' ><a target=\"_blank\" aria-label=\"Compartir en LinkedIn\" href='https:\/\/linkedin.com\/shareArticle?mini=true&#038;title=Gremio%20del%20deporte%20rechaza%20propuesta%20del%20Colmed%3A%20La%20salud%20mental%20y%20f%C3%ADsica%20no%20puede%20seguir%20esperando&#038;url=https:\/\/radiorevelacionfm.cl\/?p=5423' aria-hidden='false' data-av_icon='\ue8fc' data-av_iconfont='entypo-fontello' title='' data-avia-related-tooltip='Compartir en LinkedIn' rel=\"noopener\"><span class='avia_hidden_link_text'>Compartir en LinkedIn<\/span><\/a><\/li><li class='av-share-link av-social-link-mail' ><a  aria-label=\"Compartir por correo\" href='mailto:?subject=Gremio%20del%20deporte%20rechaza%20propuesta%20del%20Colmed%3A%20La%20salud%20mental%20y%20f%C3%ADsica%20no%20puede%20seguir%20esperando&#038;body=https:\/\/radiorevelacionfm.cl\/?p=5423' aria-hidden='false' data-av_icon='\ue805' data-av_iconfont='entypo-fontello' title='' data-avia-related-tooltip='Compartir por correo'><span class='avia_hidden_link_text'>Compartir por correo<\/span><\/a><\/li><\/ul><\/div><\/div>\n<div  style='height:50px' class='hr hr-invisible   avia-builder-el-8  el_after_av_social_share  el_before_av_comments_list '><span class='hr-inner ' ><span class='hr-inner-style'><\/span><\/span><\/div>\n<div  class='av-buildercomment  av-blog-meta-html-info-disabled av-blog-meta-tag-disabled  '><\/div>\n","protected":false},"excerpt":{"rendered":"","protected":false},"author":1,"featured_media":0,"comment_status":"open","ping_status":"open","sticky":false,"template":"","format":"standard","meta":{"footnotes":""},"categories":[45],"tags":[],"class_list":["post-5423","post","type-post","status-publish","format-standard","hentry","category-comercio"],"jetpack_featured_media_url":"","_links":{"self":[{"href":"https:\/\/radiorevelacionfm.cl\/index.php?rest_route=\/wp\/v2\/posts\/5423","targetHints":{"allow":["GET"]}}],"collection":[{"href":"https:\/\/radiorevelacionfm.cl\/index.php?rest_route=\/wp\/v2\/posts"}],"about":[{"href":"https:\/\/radiorevelacionfm.cl\/index.php?rest_route=\/wp\/v2\/types\/post"}],"author":[{"embeddable":true,"href":"https:\/\/radiorevelacionfm.cl\/index.php?rest_route=\/wp\/v2\/users\/1"}],"replies":[{"embeddable":true,"href":"https:\/\/radiorevelacionfm.cl\/index.php?rest_route=%2Fwp%2Fv2%2Fcomments&post=5423"}],"version-history":[{"count":2,"href":"https:\/\/radiorevelacionfm.cl\/index.php?rest_route=\/wp\/v2\/posts\/5423\/revisions"}],"predecessor-version":[{"id":5445,"href":"https:\/\/radiorevelacionfm.cl\/index.php?rest_route=\/wp\/v2\/posts\/5423\/revisions\/5445"}],"wp:attachment":[{"href":"https:\/\/radiorevelacionfm.cl\/index.php?rest_route=%2Fwp%2Fv2%2Fmedia&parent=5423"}],"wp:term":[{"taxonomy":"category","embeddable":true,"href":"https:\/\/radiorevelacionfm.cl\/index.php?rest_route=%2Fwp%2Fv2%2Fcategories&post=5423"},{"taxonomy":"post_tag","embeddable":true,"href":"https:\/\/radiorevelacionfm.cl\/index.php?rest_route=%2Fwp%2Fv2%2Ftags&post=5423"}],"curies":[{"name":"wp","href":"https:\/\/api.w.org\/{rel}","templated":true}]}}