{"id":54223,"date":"2025-05-20T22:15:19","date_gmt":"2025-05-21T01:15:19","guid":{"rendered":"https:\/\/radiorevelacionfm.cl\/?p=54223"},"modified":"2025-05-20T22:43:36","modified_gmt":"2025-05-21T01:43:36","slug":"contraloria-detecta-que-mas-de-25-mil-funcionarios-viajaron-fuera-del-pais-durante-licencias-medicas","status":"publish","type":"post","link":"https:\/\/radiorevelacionfm.cl\/?p=54223","title":{"rendered":"Contralor\u00eda detecta que m\u00e1s de 25 mil funcionarios viajaron fuera del pa\u00eds durante licencias m\u00e9dicas"},"content":{"rendered":"<div class=\"flex_column av_one_full  flex_column_div av-zero-column-padding first  avia-builder-el-0  el_before_av_one_full  avia-builder-el-first  \" style='border-radius:0px; '><div  class='avia-image-container  av-styling-    avia-builder-el-1  avia-builder-el-no-sibling  avia-align-center '  itemprop=\"image\" itemscope=\"itemscope\" itemtype=\"https:\/\/schema.org\/ImageObject\"  ><div class='avia-image-container-inner'><div class='avia-image-overlay-wrap'><img decoding=\"async\" class='wp-image-54224 avia-img-lazy-loading-not-54224 avia_image' src=\"https:\/\/radiorevelacionfm.cl\/wp-content\/uploads\/2025\/05\/02_optimized.02-1.jpg\" alt='' title='02_optimized.02-(1)' height=\"600\" width=\"1254\"  itemprop=\"thumbnailUrl\" srcset=\"https:\/\/radiorevelacionfm.cl\/wp-content\/uploads\/2025\/05\/02_optimized.02-1.jpg 1254w, https:\/\/radiorevelacionfm.cl\/wp-content\/uploads\/2025\/05\/02_optimized.02-1-300x144.jpg 300w, https:\/\/radiorevelacionfm.cl\/wp-content\/uploads\/2025\/05\/02_optimized.02-1-1030x493.jpg 1030w, https:\/\/radiorevelacionfm.cl\/wp-content\/uploads\/2025\/05\/02_optimized.02-1-768x367.jpg 768w, https:\/\/radiorevelacionfm.cl\/wp-content\/uploads\/2025\/05\/02_optimized.02-1-705x337.jpg 705w, https:\/\/radiorevelacionfm.cl\/wp-content\/uploads\/2025\/05\/02_optimized.02-1-450x215.jpg 450w, https:\/\/radiorevelacionfm.cl\/wp-content\/uploads\/2025\/05\/02_optimized.02-1-600x287.jpg 600w\" sizes=\"(max-width: 1254px) 100vw, 1254px\" \/><\/div><\/div><\/div><\/div>\n<div class=\"flex_column av_one_full  flex_column_div av-zero-column-padding first  avia-builder-el-2  el_after_av_one_full  el_before_av_one_full  column-top-margin\" style='border-radius:0px; '><section class=\"av_textblock_section \"  itemscope=\"itemscope\" itemtype=\"https:\/\/schema.org\/BlogPosting\" itemprop=\"blogPost\" ><div class='avia_textblock  '   itemprop=\"text\" ><p style=\"text-align: center;\"><strong><span style=\"font-size: 18pt;\">Contralor\u00eda detecta que m\u00e1s de 25 mil funcionarios viajaron fuera del pa\u00eds durante licencias m\u00e9dicas<\/span><\/strong><\/p>\n<div id=\"gtx-trans\" style=\"position: absolute; left: -50px; top: 4.31534px;\">\n<div class=\"gtx-trans-icon\"><\/div>\n<\/div>\n<\/div><\/section><\/div>\n<div class=\"flex_column av_one_full  flex_column_div av-zero-column-padding first  avia-builder-el-4  el_after_av_one_full  el_before_av_hr  column-top-margin\" style='border-radius:0px; '><section class=\"av_textblock_section \"  itemscope=\"itemscope\" itemtype=\"https:\/\/schema.org\/BlogPosting\" itemprop=\"blogPost\" ><div class='avia_textblock  '   itemprop=\"text\" ><p style=\"text-align: justify;\"><em>El informe de la Contralor\u00eda General de la Rep\u00fablica indica tambi\u00e9n que para esos funcionarios se emitieron 35.585 permisos m\u00e9dicos.<\/em><\/p>\n<p style=\"text-align: justify;\">De acuerdo con el\u00a0<a href=\"https:\/\/www.contraloria.cl\/documents\/451102\/23218267\/CIC+Licencias+Me%C2%B4dicas+VF200525.pdf\/bb58b32d-f6c9-906a-1963-b4fce6d3dfbf\" target=\"_blank\" rel=\"noopener\">noveno Consolidado de Informaci\u00f3n Circularizada (CIC)<\/a>, entre 2023 y 2024, 25.078 funcionarios p\u00fablicos o de entidades que cumplen esa funci\u00f3n a nivel nacional habr\u00edan incumplido el periodo de reposo indicado en su licencia m\u00e9dica, por haber viajado fuera del pa\u00eds durante ese mismo lapso o parte de \u00e9l.<\/p>\n<p style=\"text-align: justify;\">El nuevo reporte realizado por la Contralor\u00eda General de la Rep\u00fablica (CGR) se\u00f1ala tambi\u00e9n, que para esos funcionarios se emitieron 35.585 licencias m\u00e9dicas, de las cuales un 69% corresponden a permisos entregados por Fonasa y un 31% por las distintas Isapres. Con un periodo de reposo promedio de 17,7 d\u00edas.<\/p>\n<p style=\"text-align: justify;\">El informe de la CGR indica que seg\u00fan los datos entregados por la Polic\u00eda de Investigaciones de Chile (PDI), los titulares de esas 35.585 licencias habr\u00edan entrado o salido del pa\u00eds en 59.575 oportunidades durante el respectivo permiso de reposo.<\/p>\n<p style=\"text-align: justify;\">Otros datos del an\u00e1lisis de la Contralor\u00eda revelan que, tanto en 2023 como en 2024, las salidas y\/o entradas al pa\u00eds se concentraron principalmente entre septiembre y diciembre. Y, que 125 funcionarios o servidores p\u00fablicos registran entre 16 y 30 entradas\/salidas del pa\u00eds mientras cursaban licencia m\u00e9dica. Sin embargo 13 servicios\u00a0 concentran el 25% de los 35.585 permisos m\u00e9dicos emitidos. Entre las entidades que m\u00e1s licencias emitieron est\u00e1n: Junta Nacional de Jardines Infantiles (JUNJI), con 2.280 licencias, Fundaci\u00f3n Integra con 1.934; y la Municipalidad de Arica, con 719.<\/p>\n<p style=\"text-align: justify;\">Por otro lado, las regiones que registran mayores entradas\/salidas de funcionarios que interrumpieron el periodo de reposo de la licencia m\u00e9dica son la Regi\u00f3n Metropolitana con 26.032 registros (43,7%), Arica y Parinacota 10.043 (16,9%) y Magallanes 5.980 (10,0%)<\/p>\n<p style=\"text-align: justify;\"><strong>Normativa<\/strong><\/p>\n<p style=\"text-align: justify;\">La licencia m\u00e9dica es un documento que certifica la incapacidad temporal para trabajar, otorgado por profesionales de la salud, que permite al trabajador ausentarse o reducir su jornada laboral, y que, cumpliendo ciertos requisitos, otorga derecho a subsidio o remuneraci\u00f3n.<\/p>\n<p style=\"text-align: justify;\">El profesional que prescribe la licencia debe certificar, entre otras cosas y en caso de que corresponda, el tipo de reposo para su afecci\u00f3n (total o parcial); el periodo necesario para su recuperaci\u00f3n; el lugar de tratamiento o reposo con su direcci\u00f3n y tel\u00e9fono. Corresponder\u00e1 el rechazo o invalidaci\u00f3n de la licencia m\u00e9dica concedida, cuando exista un incumplimiento del reposo indicado en la licencia.<\/p>\n<p style=\"text-align: justify;\">En el per\u00edodo 2023-2024 la Superintendencia de Seguridad Social (Suseso) registr\u00f3 5.145.997 licencias m\u00e9dicas entregadas a funcionarios p\u00fablicos en todo el pa\u00eds. Asimismo, existen 1.231.362 registros de la PDI de salidas y o entradas al pa\u00eds de funcionarios en el per\u00edodo.<\/p>\n<p><strong>Las 13 entidades con mayor cantidad de licencias m\u00e9dicas<\/strong><\/p>\n<p style=\"text-align: justify;\"><span class=\"destacador destacado\">En el primer se encuentra la Junta Nacional de Jardines Infantiles, JUNJI, con 2.280 licencias y en el segundo lugar Fundaci\u00f3n Integra con 1.934<\/span>. Estas concentran alrededor de un 12% del total, con 4.214 licencias en total.<\/p>\n<p style=\"text-align: justify;\">Le siguen la Municipalidad de Arica con 719, Corporaci\u00f3n Municipal Desarrollo Social de Iquique con 515, Municipalidad de Puerto Montt 483, Instituto de Previsi\u00f3n Social 423, Subsecretar\u00eda de Salud P\u00fablica 393 y la Corporaci\u00f3n Municipal de Salud y Menores de Puerto Natales con 392.<\/p>\n<p style=\"text-align: justify;\">M\u00e1s abajo le siguen la Corporaci\u00f3n Municipal de Punta Arenas con 369, Corporaci\u00f3n Municipal de Puente Alto 363, Universidad de Chile 352, Municipalidad de Temuco 342 y la Corporaci\u00f3n Municipal de Desarrollo Social de Calama con 328.<\/p>\n<p style=\"text-align: justify;\"><strong>Regiones por las que salen y\/o ingresan al pa\u00eds<\/strong><\/p>\n<p style=\"text-align: justify;\">Dentro del informe, el \u00f3rgano contralor realiz\u00f3 un desglose respecto a las regiones por las que salen y\/o ingresan al pa\u00eds los funcionarios que interrumpen el periodo de reposo de la licencia m\u00e9dica.<\/p>\n<p style=\"text-align: justify;\">El listado lo encabeza la regi\u00f3n Metropolitana, con 26.032 entradas y salidas (43,7%); le sigue la regi\u00f3n de Arica y Parinacota, con 10.043 entradas y salidas (16,9%); y en tercer lugar se encuentra la regi\u00f3n de Magallanes con 5.980 entradas y salidas (10,0%).<\/p>\n<p style=\"text-align: justify;\">Le sigue la regi\u00f3n de Los Lagos con 4.725 entradas y salidas (7,9%); La Araucan\u00eda con 3.962 entradas y salidas (6,7%); Valpara\u00edso con 3.898 entradas y salidas (6,5%); <strong>Ays\u00e9n con 1.979 entradas y salidas (3,3%)<\/strong>; Tarapac\u00e1 con 1.629 entradas y salidas (2,7%); Antofagasta con 492 entradas y salidas (0,8%); Maule con 401 entradas y salidas (0,7%); Los R\u00edos con 383 entradas y salidas (0,6%).<\/p>\n<\/div><\/section><\/div><div  style='height:50px' class='hr hr-invisible   avia-builder-el-6  el_after_av_one_full  el_before_av_social_share '><span class='hr-inner ' ><span class='hr-inner-style'><\/span><\/span><\/div><\/p>\n<div  class='av-social-sharing-box  avia-builder-el-7  el_after_av_hr  el_before_av_hr  '><div class='av-share-box'><h5 class='av-share-link-description av-no-toc '>Compartir esta noticia<\/h5><ul class='av-share-box-list noLightbox'><li class='av-share-link av-social-link-facebook' ><a target=\"_blank\" aria-label=\"Compartir en Facebook\" href='https:\/\/www.facebook.com\/sharer.php?u=https:\/\/radiorevelacionfm.cl\/?p=54223&#038;t=Contralor%C3%ADa%20detecta%20que%20m%C3%A1s%20de%2025%20mil%20funcionarios%20viajaron%20fuera%20del%20pa%C3%ADs%20durante%20licencias%20m%C3%A9dicas' aria-hidden='false' data-av_icon='\ue8f3' data-av_iconfont='entypo-fontello' title='' data-avia-related-tooltip='Compartir en Facebook' rel=\"noopener\"><span class='avia_hidden_link_text'>Compartir en Facebook<\/span><\/a><\/li><li class='av-share-link av-social-link-twitter' ><a target=\"_blank\" aria-label=\"Compartir en Twitter\" href='https:\/\/twitter.com\/share?text=Contralor%C3%ADa%20detecta%20que%20m%C3%A1s%20de%2025%20mil%20funcionarios%20viajaron%20fuera%20del%20pa%C3%ADs%20durante%20licencias%20m%C3%A9dicas&#038;url=https:\/\/radiorevelacionfm.cl\/?p=54223' aria-hidden='false' data-av_icon='\ue8f1' data-av_iconfont='entypo-fontello' title='' data-avia-related-tooltip='Compartir en Twitter' rel=\"noopener\"><span class='avia_hidden_link_text'>Compartir en Twitter<\/span><\/a><\/li><li class='av-share-link av-social-link-whatsapp' ><a target=\"_blank\" aria-label=\"Compartir en Whatsapp\" href='https:\/\/api.whatsapp.com\/send?text=https:\/\/radiorevelacionfm.cl\/?p=54223' aria-hidden='false' data-av_icon='\uf232' data-av_iconfont='entypo-fontello' title='' data-avia-related-tooltip='Compartir en Whatsapp' rel=\"noopener\"><span class='avia_hidden_link_text'>Compartir en Whatsapp<\/span><\/a><\/li><li class='av-share-link av-social-link-linkedin' ><a target=\"_blank\" aria-label=\"Compartir en LinkedIn\" href='https:\/\/linkedin.com\/shareArticle?mini=true&#038;title=Contralor%C3%ADa%20detecta%20que%20m%C3%A1s%20de%2025%20mil%20funcionarios%20viajaron%20fuera%20del%20pa%C3%ADs%20durante%20licencias%20m%C3%A9dicas&#038;url=https:\/\/radiorevelacionfm.cl\/?p=54223' aria-hidden='false' data-av_icon='\ue8fc' data-av_iconfont='entypo-fontello' title='' data-avia-related-tooltip='Compartir en LinkedIn' rel=\"noopener\"><span class='avia_hidden_link_text'>Compartir en LinkedIn<\/span><\/a><\/li><li class='av-share-link av-social-link-mail' ><a  aria-label=\"Compartir por correo\" href='mailto:?subject=Contralor%C3%ADa%20detecta%20que%20m%C3%A1s%20de%2025%20mil%20funcionarios%20viajaron%20fuera%20del%20pa%C3%ADs%20durante%20licencias%20m%C3%A9dicas&#038;body=https:\/\/radiorevelacionfm.cl\/?p=54223' aria-hidden='false' data-av_icon='\ue805' data-av_iconfont='entypo-fontello' title='' data-avia-related-tooltip='Compartir por correo'><span class='avia_hidden_link_text'>Compartir por correo<\/span><\/a><\/li><\/ul><\/div><\/div>\n<div  style='height:50px' class='hr hr-invisible   avia-builder-el-8  el_after_av_social_share  el_before_av_comments_list '><span class='hr-inner ' ><span class='hr-inner-style'><\/span><\/span><\/div>\n<div  class='av-buildercomment  av-blog-meta-html-info-disabled av-blog-meta-tag-disabled  '><\/div>\n","protected":false},"excerpt":{"rendered":"","protected":false},"author":1,"featured_media":54224,"comment_status":"closed","ping_status":"closed","sticky":false,"template":"","format":"standard","meta":{"footnotes":""},"categories":[61],"tags":[],"class_list":["post-54223","post","type-post","status-publish","format-standard","has-post-thumbnail","hentry","category-nacional"],"jetpack_featured_media_url":"https:\/\/radiorevelacionfm.cl\/wp-content\/uploads\/2025\/05\/02_optimized.02-1.jpg","_links":{"self":[{"href":"https:\/\/radiorevelacionfm.cl\/index.php?rest_route=\/wp\/v2\/posts\/54223","targetHints":{"allow":["GET"]}}],"collection":[{"href":"https:\/\/radiorevelacionfm.cl\/index.php?rest_route=\/wp\/v2\/posts"}],"about":[{"href":"https:\/\/radiorevelacionfm.cl\/index.php?rest_route=\/wp\/v2\/types\/post"}],"author":[{"embeddable":true,"href":"https:\/\/radiorevelacionfm.cl\/index.php?rest_route=\/wp\/v2\/users\/1"}],"replies":[{"embeddable":true,"href":"https:\/\/radiorevelacionfm.cl\/index.php?rest_route=%2Fwp%2Fv2%2Fcomments&post=54223"}],"version-history":[{"count":3,"href":"https:\/\/radiorevelacionfm.cl\/index.php?rest_route=\/wp\/v2\/posts\/54223\/revisions"}],"predecessor-version":[{"id":54226,"href":"https:\/\/radiorevelacionfm.cl\/index.php?rest_route=\/wp\/v2\/posts\/54223\/revisions\/54226"}],"wp:featuredmedia":[{"embeddable":true,"href":"https:\/\/radiorevelacionfm.cl\/index.php?rest_route=\/wp\/v2\/media\/54224"}],"wp:attachment":[{"href":"https:\/\/radiorevelacionfm.cl\/index.php?rest_route=%2Fwp%2Fv2%2Fmedia&parent=54223"}],"wp:term":[{"taxonomy":"category","embeddable":true,"href":"https:\/\/radiorevelacionfm.cl\/index.php?rest_route=%2Fwp%2Fv2%2Fcategories&post=54223"},{"taxonomy":"post_tag","embeddable":true,"href":"https:\/\/radiorevelacionfm.cl\/index.php?rest_route=%2Fwp%2Fv2%2Ftags&post=54223"}],"curies":[{"name":"wp","href":"https:\/\/api.w.org\/{rel}","templated":true}]}}