{"id":54214,"date":"2025-05-20T19:30:17","date_gmt":"2025-05-20T22:30:17","guid":{"rendered":"https:\/\/radiorevelacionfm.cl\/?p=54214"},"modified":"2025-05-20T20:11:38","modified_gmt":"2025-05-20T23:11:38","slug":"hay-un-detenido-y-se-investiga-la-participacion-de-otros-imputados-carabineros-y-fiscalia-concretan-historica-incautacion-de-droga-en-aysen","status":"publish","type":"post","link":"https:\/\/radiorevelacionfm.cl\/?p=54214","title":{"rendered":"Un detenido y se investiga la participaci\u00f3n de otros imputados: Carabineros y Fiscal\u00eda concretan hist\u00f3rica incautaci\u00f3n de droga en Ays\u00e9n"},"content":{"rendered":"<div class=\"flex_column av_one_full  flex_column_div av-zero-column-padding first  avia-builder-el-0  el_before_av_one_full  avia-builder-el-first  \" style='border-radius:0px; '><div  class='avia-image-container  av-styling-    avia-builder-el-1  avia-builder-el-no-sibling  avia-align-center '  itemprop=\"image\" itemscope=\"itemscope\" itemtype=\"https:\/\/schema.org\/ImageObject\"  ><div class='avia-image-container-inner'><div class='avia-image-overlay-wrap'><img decoding=\"async\" class='wp-image-54215 avia-img-lazy-loading-not-54215 avia_image' src=\"https:\/\/radiorevelacionfm.cl\/wp-content\/uploads\/2025\/05\/4-2025-05-20t191846_optimized.732-1-1.jpg\" alt='' title='4---2025-05-20t191846_optimized.732-(1)-(1)' height=\"600\" width=\"900\"  itemprop=\"thumbnailUrl\" srcset=\"https:\/\/radiorevelacionfm.cl\/wp-content\/uploads\/2025\/05\/4-2025-05-20t191846_optimized.732-1-1.jpg 900w, https:\/\/radiorevelacionfm.cl\/wp-content\/uploads\/2025\/05\/4-2025-05-20t191846_optimized.732-1-1-300x200.jpg 300w, https:\/\/radiorevelacionfm.cl\/wp-content\/uploads\/2025\/05\/4-2025-05-20t191846_optimized.732-1-1-768x512.jpg 768w, https:\/\/radiorevelacionfm.cl\/wp-content\/uploads\/2025\/05\/4-2025-05-20t191846_optimized.732-1-1-705x470.jpg 705w, https:\/\/radiorevelacionfm.cl\/wp-content\/uploads\/2025\/05\/4-2025-05-20t191846_optimized.732-1-1-450x300.jpg 450w, https:\/\/radiorevelacionfm.cl\/wp-content\/uploads\/2025\/05\/4-2025-05-20t191846_optimized.732-1-1-600x400.jpg 600w\" sizes=\"(max-width: 900px) 100vw, 900px\" \/><\/div><\/div><\/div><\/div><div class=\"flex_column av_one_full  flex_column_div av-zero-column-padding first  avia-builder-el-2  el_after_av_one_full  el_before_av_one_full  column-top-margin\" style='border-radius:0px; '><section class=\"av_textblock_section \"  itemscope=\"itemscope\" itemtype=\"https:\/\/schema.org\/BlogPosting\" itemprop=\"blogPost\" ><div class='avia_textblock  '   itemprop=\"text\" ><p style=\"text-align: center;\"><strong><span style=\"font-size: 18pt;\">Un detenido y se investiga la participaci\u00f3n de otros imputados: Carabineros y Fiscal\u00eda concretan hist\u00f3rica incautaci\u00f3n de droga en Ays\u00e9n<\/span><\/strong><\/p>\n<div id=\"gtx-trans\" style=\"position: absolute; left: -50px; top: 4.31534px;\">\n<div class=\"gtx-trans-icon\"><\/div>\n<\/div>\n<\/div><\/section><\/div><div class=\"flex_column av_one_full  flex_column_div av-zero-column-padding first  avia-builder-el-4  el_after_av_one_full  el_before_av_hr  column-top-margin\" style='border-radius:0px; '><section class=\"av_textblock_section \"  itemscope=\"itemscope\" itemtype=\"https:\/\/schema.org\/BlogPosting\" itemprop=\"blogPost\" ><div class='avia_textblock  '   itemprop=\"text\" ><p class=\"v1MsoNormal\" style=\"text-align: justify;\">El trabajo investigativo permiti\u00f3 desbaratar un \u201claboratorio de abultamiento de drogas\u201d, espec\u00edficamente clorhidrato de coca\u00edna, siendo decomisados m\u00e1s de 20 kilos del citado estupefaciente y m\u00e1s de 1 kilo de marihuana, lo cual representa un aval\u00fao total cercano a los 475 millones de pesos.<\/p>\n<p class=\"v1MsoNormal\" style=\"text-align: justify;\">Una de las incautaciones m\u00e1s significativas de la historia en la Regi\u00f3n de Ays\u00e9n se concret\u00f3 este lunes tras un operativo coordinado entre la Fiscal\u00eda de Ays\u00e9n-Cisnes y Carabineros de Chile, que permiti\u00f3 el decomiso de m\u00e1s de 20 kilos de clorhidrato de coca\u00edna, un kilo 394 gramos de marihuana y la detecci\u00f3n de un laboratorio clandestino destinado al abultamiento de la droga. El decomiso fue concretado por efectivos de la Secci\u00f3n de Investigaci\u00f3n Policial (SIP) de Carabineros de la Segunda Comisar\u00eda al interior de un inmueble ubicado en la ruta CH-240 que une las comunas de Ays\u00e9n y Coyhaique.<\/p>\n<p class=\"v1MsoNormal\" style=\"text-align: justify;\">La informaci\u00f3n fue dada a conocer por el Fiscal Regional (s) Jos\u00e9 Moris Ferrando, el Jefe de Zona de Carabineros Ays\u00e9n, General Eduardo Palma Fuentes y la Seremi de Seguridad P\u00fablica, Ruth Vallejos Cuiti\u00f1o y el Fiscal jefe de Ays\u00e9n-Cisnes, Pedro Poblete, en una pauta de prensa efectuada en la ciudad de Puerto Ays\u00e9n.<\/p>\n<p class=\"v1MsoNormal\" style=\"text-align: justify;\"><strong>Diligencias<\/strong><\/p>\n<p class=\"v1MsoNormal\" style=\"text-align: justify;\">\u201cEn este caso se trata de una investigaci\u00f3n llevada por la Fiscal\u00eda de Ays\u00e9n -Cisnes. Me acompa\u00f1a el fiscal Pedro Poblete, que es fiscal jefe de Ays\u00e9n -Cisnes, en conjunto con Carabineros, que permiti\u00f3 precisamente luego de solicitarse las autorizaciones judiciales correspondientes, ingresar a un domicilio y realizar el hallazgo de estos 20 kilos de clorhidrato de coca\u00edna, adem\u00e1s de las prensas que ya ha referido el General Palma, que son utilizadas para el abultamiento de la droga\u201d, se\u00f1al\u00f3 Jos\u00e9 Moris, Fiscal Regional (s) de Ays\u00e9n.<\/p>\n<p class=\"v1MsoNormal\" style=\"text-align: justify;\">El fiscal Moris agreg\u00f3 que \u201cse trata, sin duda, de una de las incautaciones m\u00e1s grandes de la historia en la Regi\u00f3n de Ays\u00e9n. Son m\u00e1s de 475 millones de pesos los que habr\u00edan obtenido los delincuentes por la venta de esta droga a nuestra poblaci\u00f3n, enfermando a nuestra poblaci\u00f3n y, naturalmente, llen\u00e1ndose los bolsillos a costa de gente que es adicta. La persona formalizada no tiene antecedentes. Es un hombre de 39 a\u00f1os de Puerto Ays\u00e9n. Est\u00e1 en investigaci\u00f3n la participaci\u00f3n de personas adicionales\u201d.<\/p>\n<p class=\"v1MsoNormal\" style=\"text-align: justify;\">La direcci\u00f3n de la investigaci\u00f3n de este caso est\u00e1 ahora a cargo de la Unidad de Drogas de la Fiscal\u00eda, por intermedio de la fiscal Mar\u00eda In\u00e9s N\u00fa\u00f1ez.<\/p>\n<p class=\"v1MsoNormal\" style=\"text-align: justify;\"><strong>\u201cLaboratorio de abultamiento de drogas\u201d<\/strong><\/p>\n<p class=\"v1MsoNormal\" style=\"text-align: justify;\">El Jefe de Zona de Carabineros Ays\u00e9n, General Eduardo Palma Fuentes, destac\u00f3 la magnitud del operativo y el hallazgo realizado: \u201cEstamos en presencia de un duro golpe a lo que es el tr\u00e1fico de droga en la regi\u00f3n. Felicitar a los Carabineros de la SIP, de ac\u00e1 de la 2da. Comisar\u00eda de Puerto Ays\u00e9n, por este tremendo trabajo que han realizado el d\u00eda de ayer, luego de dar cumplimiento a una orden de ingreso a un domicilio\u201d, expres\u00f3 la autoridad.<\/p>\n<p class=\"v1MsoNormal\" style=\"text-align: justify;\">El General Palma agreg\u00f3: \u201c\u00bfQu\u00e9 es lo que llama la atenci\u00f3n en este procedimiento? Es la gran cantidad de clorhidrato de coca\u00edna que se encontr\u00f3 en el lugar. Pero asimismo, como ustedes pueden apreciar ac\u00e1, las prensas. En el fondo estamos aqu\u00ed en presencia de un laboratorio de abultamiento de drogas, espec\u00edficamente clorhidrato de coca\u00edna. Aparte de eso, se encontraban dos m\u00e1quinas para poder prensar y hacer los paquetes de clorhidrato de coca\u00edna, lo cual es a la vez preocupante para la regi\u00f3n, esta gran cantidad que supera los 20 kilos de clorhidrato coca\u00edna que se logr\u00f3 decomisar\u201d.<\/p>\n<p class=\"v1MsoNormal\" style=\"text-align: justify;\">Por instrucci\u00f3n de la Fiscal\u00eda se traslad\u00f3 al lugar personal de la Secci\u00f3n OS-7 Ays\u00e9n junto al can detector de drogas \u201cGaz\u00fa\u201d, efectuando pruebas de campo y pesaje. Tras la diligencia, Carabineros levant\u00f3 diversos medios probatorios entre los que se encuentran dos balanzas, tel\u00e9fonos celulares, un rifle de aire comprimido y diversos utensilios utilizados en este proceso.<\/p>\n<p class=\"v1MsoNormal\" style=\"text-align: justify;\"><strong>Trabajo policial<\/strong><\/p>\n<p class=\"v1MsoNormal\" style=\"text-align: justify;\">Por su parte, el fiscal jefe de Ays\u00e9n-Cisnes, Pedro Poblete Viejo, valor\u00f3 el trabajo conjunto de las distintas unidades policiales. \u201cSolamente relevar el trabajo policial. Han trabajado en forma mancomunada, la SIP de Puerto Cisnes, de Puerto Ays\u00e9n y del Departamento OS 7 en la realizaci\u00f3n de estas diligencias. Por lo tanto, son diligencias de largo aliento y esperamos que ahora la fiscal especializada contin\u00fae con el mayor \u00e9xito posible las diligencias de investigaci\u00f3n para el completo esclarecimiento del caso\u201d, manifest\u00f3 el fiscal Poblete.<\/p>\n<p class=\"v1MsoNormal\" style=\"text-align: justify;\"><strong>Seremi<\/strong><\/p>\n<p class=\"v1MsoNormal\" style=\"text-align: justify;\">Finalmente, la Seremi de Seguridad P\u00fablica de Ays\u00e9n, Ruth Vallejos Cuiti\u00f1o, resalt\u00f3 la gravedad del hallazgo y el avance en las estrategias de combate al narcotr\u00e1fico: \u201cLa diferencia con otros tipos de encuentros, hallazgos que ya hab\u00edamos tenido hasta ahora, es que ac\u00e1 tenemos una f\u00e1brica, una prensadora de coca\u00edna, lo que podr\u00eda generar toda una distribuci\u00f3n. El punto es que, ya dado este golpe, podemos decir que el \u00e9xito de las polic\u00edas nos habla de un trabajo que ha sido permanente en el tiempo, que est\u00e1 escalando y que tenemos que hacer m\u00e1s para proteger a nuestra regi\u00f3n\u201d, dijo Ruth Vallejos.<\/p>\n<p class=\"v1MsoNormal\" style=\"text-align: justify;\">En \u00faltimo t\u00e9rmino, Carabineros reiter\u00f3 el llamado a la comunidad a efectuar denuncias de manera gratuita y an\u00f3nima a trav\u00e9s del fono drogas 135, el cual es atendido por agentes especializados durante las 24 horas del d\u00eda y los 365 d\u00edas del a\u00f1o, con la finalidad de iniciar procesos investigativos respecto a delitos vinculados a materias de drogas y derivar los antecedentes al Ministerio P\u00fablico.<\/p>\n<\/div><\/section><\/div><div  style='height:50px' class='hr hr-invisible   avia-builder-el-6  el_after_av_one_full  el_before_av_social_share '><span class='hr-inner ' ><span class='hr-inner-style'><\/span><\/span><\/div><\/p>\n<div  class='av-social-sharing-box  avia-builder-el-7  el_after_av_hr  el_before_av_hr  '><div class='av-share-box'><h5 class='av-share-link-description av-no-toc '>Compartir esta noticia<\/h5><ul class='av-share-box-list noLightbox'><li class='av-share-link av-social-link-facebook' ><a target=\"_blank\" aria-label=\"Compartir en Facebook\" href='https:\/\/www.facebook.com\/sharer.php?u=https:\/\/radiorevelacionfm.cl\/?p=54214&#038;t=Un%20detenido%20y%20se%20investiga%20la%20participaci%C3%B3n%20de%20otros%20imputados%3A%20Carabineros%20y%20Fiscal%C3%ADa%20concretan%20hist%C3%B3rica%20incautaci%C3%B3n%20de%20droga%20en%20Ays%C3%A9n' aria-hidden='false' data-av_icon='\ue8f3' data-av_iconfont='entypo-fontello' title='' data-avia-related-tooltip='Compartir en Facebook' rel=\"noopener\"><span class='avia_hidden_link_text'>Compartir en Facebook<\/span><\/a><\/li><li class='av-share-link av-social-link-twitter' ><a target=\"_blank\" aria-label=\"Compartir en Twitter\" href='https:\/\/twitter.com\/share?text=Un%20detenido%20y%20se%20investiga%20la%20participaci%C3%B3n%20de%20otros%20imputados%3A%20Carabineros%20y%20Fiscal%C3%ADa%20concretan%20hist%C3%B3rica%20incautaci%C3%B3n%20de%20droga%20en%20Ays%C3%A9n&#038;url=https:\/\/radiorevelacionfm.cl\/?p=54214' aria-hidden='false' data-av_icon='\ue8f1' data-av_iconfont='entypo-fontello' title='' data-avia-related-tooltip='Compartir en Twitter' rel=\"noopener\"><span class='avia_hidden_link_text'>Compartir en Twitter<\/span><\/a><\/li><li class='av-share-link av-social-link-whatsapp' ><a target=\"_blank\" aria-label=\"Compartir en Whatsapp\" href='https:\/\/api.whatsapp.com\/send?text=https:\/\/radiorevelacionfm.cl\/?p=54214' aria-hidden='false' data-av_icon='\uf232' data-av_iconfont='entypo-fontello' title='' data-avia-related-tooltip='Compartir en Whatsapp' rel=\"noopener\"><span class='avia_hidden_link_text'>Compartir en Whatsapp<\/span><\/a><\/li><li class='av-share-link av-social-link-linkedin' ><a target=\"_blank\" aria-label=\"Compartir en LinkedIn\" href='https:\/\/linkedin.com\/shareArticle?mini=true&#038;title=Un%20detenido%20y%20se%20investiga%20la%20participaci%C3%B3n%20de%20otros%20imputados%3A%20Carabineros%20y%20Fiscal%C3%ADa%20concretan%20hist%C3%B3rica%20incautaci%C3%B3n%20de%20droga%20en%20Ays%C3%A9n&#038;url=https:\/\/radiorevelacionfm.cl\/?p=54214' aria-hidden='false' data-av_icon='\ue8fc' data-av_iconfont='entypo-fontello' title='' data-avia-related-tooltip='Compartir en LinkedIn' rel=\"noopener\"><span class='avia_hidden_link_text'>Compartir en LinkedIn<\/span><\/a><\/li><li class='av-share-link av-social-link-mail' ><a  aria-label=\"Compartir por correo\" href='mailto:?subject=Un%20detenido%20y%20se%20investiga%20la%20participaci%C3%B3n%20de%20otros%20imputados%3A%20Carabineros%20y%20Fiscal%C3%ADa%20concretan%20hist%C3%B3rica%20incautaci%C3%B3n%20de%20droga%20en%20Ays%C3%A9n&#038;body=https:\/\/radiorevelacionfm.cl\/?p=54214' aria-hidden='false' data-av_icon='\ue805' data-av_iconfont='entypo-fontello' title='' data-avia-related-tooltip='Compartir por correo'><span class='avia_hidden_link_text'>Compartir por correo<\/span><\/a><\/li><\/ul><\/div><\/div>\n<div  style='height:50px' class='hr hr-invisible   avia-builder-el-8  el_after_av_social_share  el_before_av_comments_list '><span class='hr-inner ' ><span class='hr-inner-style'><\/span><\/span><\/div>\n<div  class='av-buildercomment  av-blog-meta-html-info-disabled av-blog-meta-tag-disabled  '><\/div>\n","protected":false},"excerpt":{"rendered":"","protected":false},"author":1,"featured_media":54215,"comment_status":"closed","ping_status":"closed","sticky":false,"template":"","format":"standard","meta":{"footnotes":""},"categories":[36],"tags":[],"class_list":["post-54214","post","type-post","status-publish","format-standard","has-post-thumbnail","hentry","category-policial"],"jetpack_featured_media_url":"https:\/\/radiorevelacionfm.cl\/wp-content\/uploads\/2025\/05\/4-2025-05-20t191846_optimized.732-1-1.jpg","_links":{"self":[{"href":"https:\/\/radiorevelacionfm.cl\/index.php?rest_route=\/wp\/v2\/posts\/54214","targetHints":{"allow":["GET"]}}],"collection":[{"href":"https:\/\/radiorevelacionfm.cl\/index.php?rest_route=\/wp\/v2\/posts"}],"about":[{"href":"https:\/\/radiorevelacionfm.cl\/index.php?rest_route=\/wp\/v2\/types\/post"}],"author":[{"embeddable":true,"href":"https:\/\/radiorevelacionfm.cl\/index.php?rest_route=\/wp\/v2\/users\/1"}],"replies":[{"embeddable":true,"href":"https:\/\/radiorevelacionfm.cl\/index.php?rest_route=%2Fwp%2Fv2%2Fcomments&post=54214"}],"version-history":[{"count":3,"href":"https:\/\/radiorevelacionfm.cl\/index.php?rest_route=\/wp\/v2\/posts\/54214\/revisions"}],"predecessor-version":[{"id":54221,"href":"https:\/\/radiorevelacionfm.cl\/index.php?rest_route=\/wp\/v2\/posts\/54214\/revisions\/54221"}],"wp:featuredmedia":[{"embeddable":true,"href":"https:\/\/radiorevelacionfm.cl\/index.php?rest_route=\/wp\/v2\/media\/54215"}],"wp:attachment":[{"href":"https:\/\/radiorevelacionfm.cl\/index.php?rest_route=%2Fwp%2Fv2%2Fmedia&parent=54214"}],"wp:term":[{"taxonomy":"category","embeddable":true,"href":"https:\/\/radiorevelacionfm.cl\/index.php?rest_route=%2Fwp%2Fv2%2Fcategories&post=54214"},{"taxonomy":"post_tag","embeddable":true,"href":"https:\/\/radiorevelacionfm.cl\/index.php?rest_route=%2Fwp%2Fv2%2Ftags&post=54214"}],"curies":[{"name":"wp","href":"https:\/\/api.w.org\/{rel}","templated":true}]}}