{"id":54203,"date":"2025-05-21T19:13:45","date_gmt":"2025-05-21T22:13:45","guid":{"rendered":"https:\/\/radiorevelacionfm.cl\/?p=54203"},"modified":"2025-05-21T19:13:45","modified_gmt":"2025-05-21T22:13:45","slug":"gremios-locales-se-reunen-con-gobernador-regional-para-dialogar-sobre-creacion-de-corporacion-de-desarrollo-productivo-para-aysen","status":"publish","type":"post","link":"https:\/\/radiorevelacionfm.cl\/?p=54203","title":{"rendered":"Gremios locales se re\u00fanen con Gobernador Regional para dialogar sobre creaci\u00f3n de Corporaci\u00f3n de Desarrollo Productivo para Ays\u00e9n"},"content":{"rendered":"<div class=\"flex_column av_one_full  flex_column_div av-zero-column-padding first  avia-builder-el-0  el_before_av_one_full  avia-builder-el-first  \" style='border-radius:0px; '><div  class='avia-image-container  av-styling-    avia-builder-el-1  avia-builder-el-no-sibling  avia-align-center '  itemprop=\"image\" itemscope=\"itemscope\" itemtype=\"https:\/\/schema.org\/ImageObject\"  ><div class='avia-image-container-inner'><div class='avia-image-overlay-wrap'><img decoding=\"async\" class='wp-image-54204 avia-img-lazy-loading-not-54204 avia_image' src=\"https:\/\/radiorevelacionfm.cl\/wp-content\/uploads\/2025\/05\/6b56e450-874d-4c0d-a601-0ef240c34314-1_optimized.jpg\" alt='' title='6b56e450-874d-4c0d-a601-0ef240c34314-(1)_optimized' height=\"600\" width=\"899\"  itemprop=\"thumbnailUrl\" srcset=\"https:\/\/radiorevelacionfm.cl\/wp-content\/uploads\/2025\/05\/6b56e450-874d-4c0d-a601-0ef240c34314-1_optimized.jpg 899w, https:\/\/radiorevelacionfm.cl\/wp-content\/uploads\/2025\/05\/6b56e450-874d-4c0d-a601-0ef240c34314-1_optimized-300x200.jpg 300w, https:\/\/radiorevelacionfm.cl\/wp-content\/uploads\/2025\/05\/6b56e450-874d-4c0d-a601-0ef240c34314-1_optimized-768x513.jpg 768w, https:\/\/radiorevelacionfm.cl\/wp-content\/uploads\/2025\/05\/6b56e450-874d-4c0d-a601-0ef240c34314-1_optimized-705x471.jpg 705w, https:\/\/radiorevelacionfm.cl\/wp-content\/uploads\/2025\/05\/6b56e450-874d-4c0d-a601-0ef240c34314-1_optimized-450x300.jpg 450w, https:\/\/radiorevelacionfm.cl\/wp-content\/uploads\/2025\/05\/6b56e450-874d-4c0d-a601-0ef240c34314-1_optimized-600x400.jpg 600w\" sizes=\"(max-width: 899px) 100vw, 899px\" \/><\/div><\/div><\/div><\/div><div class=\"flex_column av_one_full  flex_column_div av-zero-column-padding first  avia-builder-el-2  el_after_av_one_full  el_before_av_one_full  column-top-margin\" style='border-radius:0px; '><section class=\"av_textblock_section \"  itemscope=\"itemscope\" itemtype=\"https:\/\/schema.org\/BlogPosting\" itemprop=\"blogPost\" ><div class='avia_textblock  '   itemprop=\"text\" ><p style=\"text-align: center;\"><strong><span style=\"font-size: 18pt;\">Gremios locales se re\u00fanen con Gobernador Regional para dialogar sobre creaci\u00f3n de Corporaci\u00f3n de Desarrollo Productivo para Ays\u00e9n<\/span><\/strong><\/p>\n<div id=\"gtx-trans\" style=\"position: absolute; left: -50px; top: 4.31534px;\">\n<div class=\"gtx-trans-icon\"><\/div>\n<\/div>\n<\/div><\/section><\/div><div class=\"flex_column av_one_full  flex_column_div av-zero-column-padding first  avia-builder-el-4  el_after_av_one_full  el_before_av_hr  column-top-margin\" style='border-radius:0px; '><section class=\"av_textblock_section \"  itemscope=\"itemscope\" itemtype=\"https:\/\/schema.org\/BlogPosting\" itemprop=\"blogPost\" ><div class='avia_textblock  '   itemprop=\"text\" ><p style=\"text-align: justify;\">En un encuentro clave para el futuro econ\u00f3mico de la regi\u00f3n, representantes de los gremios AGRUPAYS\u00c9N, ACUIPROV, CORPAYS\u00c9N y AGRECACh se reunieron este lunes con el Gobernador Regional de Ays\u00e9n, Marcelo Santana, en dependencias del Gobierno Regional, para abordar la propuesta de conformar una Corporaci\u00f3n de Desarrollo Productivo que potencie el crecimiento econ\u00f3mico del territorio desde una perspectiva colaborativa y descentralizada.<\/p>\n<p style=\"text-align: justify;\">Durante la cita, se discutieron los alcances preliminares de esta nueva entidad, su posible estructura, y los mecanismos de gobernanza que permitir\u00edan canalizar esfuerzos p\u00fablico-privados para generar encadenamientos productivos, especialmente en rubros estrat\u00e9gicos como la actividad acu\u00edcola y el desarrollo del litoral.<\/p>\n<p style=\"text-align: justify;\">El Gobernador Regional, Marcelo Santana, valor\u00f3 la disposici\u00f3n de los gremios para sumarse al di\u00e1logo. \u201cPrimero, agradecer la presencia de los gremios de la comuna de Ays\u00e9n, que trabajan regionalmente y que se desplazan por distintas comunas de la regi\u00f3n. Compartimos la preocupaci\u00f3n de incentivar y reactivar la actividad econ\u00f3mica de nuestra regi\u00f3n, para lo cual el fortalecimiento del sector es crucial. Adem\u00e1s, es importante delinear formas de trabajo. Existen inquietudes y dudas personales en estos gremios sobre la corporaci\u00f3n de desarrollo regional. Hemos entregado algunas directrices que estamos trabajando con nuestro consejo regional. Hay un amplio consenso sobre la necesidad de una colaboraci\u00f3n p\u00fablico-privada que impulse la reactivaci\u00f3n econ\u00f3mica en Ays\u00e9n.<\/p>\n<p style=\"text-align: justify;\">Desde la Corporaci\u00f3n de Desarrollo Productivo del Litoral de Ays\u00e9n &#8211; CORPAYS\u00c9N, su presidente Hern\u00e1n Rebolledo, destac\u00f3 la importancia de la transparencia y participaci\u00f3n temprana de los gremios en esta nueva etapa. \u201cFinalizamos una reuni\u00f3n muy interesante a la que fuimos invitados por el gobernador regional junto a distintos gremios para poder empezar a conversar los lineamientos que tienen planeados estrat\u00e9gicamente para formar otra entidad que es una Corporaci\u00f3n de Desarrollo Productivo que va a ser de la regi\u00f3n de Ays\u00e9n. Lo primero es valorar la transparencia con la cual se nos contaron las etapas en que quieren implementar esta corporaci\u00f3n, cu\u00e1les son los primeros alcances, la conformaci\u00f3n, el directorio que nos comentaron que iba a ser 100% privado, donde se podr\u00edan delinear estrategias de largo plazo. Como CORPAYS\u00c9N manifestamos nuestro apoyo en ese sentido, de poder brindar toda nuestra ayuda y experiencia que tambi\u00e9n tenemos como corporaci\u00f3n en la formaci\u00f3n y efectivamente que pudieran desarrollarse proyectos que tuvieran un encadenamiento productivo espec\u00edficamente al sector m\u00e1s del litoral\u201d.<\/p>\n<p style=\"text-align: justify;\">Por su parte, Conrado Redlich, presidente de \u00a0Asociaci\u00f3n Gremial de Camioneros Ays\u00e9n \u2013 Chacabuco AGRECACh, valor\u00f3 la instancia de coordinaci\u00f3n con el Gobierno Regional. \u201cComo gremio que representa a transportistas que enfrentan a diario las brechas log\u00edsticas y de conectividad en la regi\u00f3n, creemos que la creaci\u00f3n de una corporaci\u00f3n de desarrollo es una herramienta concreta y necesaria para articular soluciones desde el territorio, con enfoque regional. Agradecemos la invitaci\u00f3n del gobernador y destacamos la voluntad de abrir espacios de conversaci\u00f3n directa con los gremios. Esperamos que este proceso incorpore una mirada amplia e inclusiva, donde el transporte, la producci\u00f3n local y la infraestructura tengan un rol prioritario en el dise\u00f1o de una estrategia de desarrollo sostenible para Ays\u00e9n\u201d.<\/p>\n<p style=\"text-align: justify;\">Finalmente, la presidenta de\u00a0 la Asociaci\u00f3n gremial de proveedores de la industria acu\u00edcola de la regi\u00f3n de Ays\u00e9n &#8211; ACUIPROV, agreg\u00f3 \u201cdesde la visi\u00f3n de los prestadores de servicio de la industria agr\u00edcola de la regi\u00f3n de Ays\u00e9n, vemos con mucha esperanza, con optimismo, la creaci\u00f3n de esta corporaci\u00f3n de desarrollo regional, que va a ser un instrumento que nos permita trabajar juntos: los privados y los p\u00fablicos para poder generar proyectos que s\u00ed, vayan a palear un poco la cesant\u00eda que existe en Ays\u00e9n, esta corporaci\u00f3n nos va a entregar herramientas para poder aprobar proyectos de envergadura que realmente generen un impacto econ\u00f3mico y de desarrollo para nuestra alica\u00edda regi\u00f3n, recordar que son 10 a\u00f1os de estancamiento, y esta corporaci\u00f3n es un modelo que por supuesto bien trabajada de forma democr\u00e1tica, genera esperanza de qu\u00e9 vamos a volver a crecer y vamos a construir una mejor regi\u00f3n\u00bb<\/p>\n<p style=\"text-align: justify;\">La creaci\u00f3n de una Corporaci\u00f3n de Desarrollo Productivo Regional se perfila como un paso significativo para fortalecer el ecosistema econ\u00f3mico de Ays\u00e9n, bajo un modelo de gobernanza que apunte al trabajo articulado entre el Estado, los gremios productivos y la sociedad civil organizada.<\/p>\n<\/div><\/section><\/div><div  style='height:50px' class='hr hr-invisible   avia-builder-el-6  el_after_av_one_full  el_before_av_social_share '><span class='hr-inner ' ><span class='hr-inner-style'><\/span><\/span><\/div><\/p>\n<div  class='av-social-sharing-box  avia-builder-el-7  el_after_av_hr  el_before_av_hr  '><div class='av-share-box'><h5 class='av-share-link-description av-no-toc '>Compartir esta noticia<\/h5><ul class='av-share-box-list noLightbox'><li class='av-share-link av-social-link-facebook' ><a target=\"_blank\" aria-label=\"Compartir en Facebook\" href='https:\/\/www.facebook.com\/sharer.php?u=https:\/\/radiorevelacionfm.cl\/?p=54203&#038;t=Gremios%20locales%20se%20re%C3%BAnen%20con%20Gobernador%20Regional%20para%20dialogar%20sobre%20creaci%C3%B3n%20de%20Corporaci%C3%B3n%20de%20Desarrollo%20Productivo%20para%20Ays%C3%A9n' aria-hidden='false' data-av_icon='\ue8f3' data-av_iconfont='entypo-fontello' title='' data-avia-related-tooltip='Compartir en Facebook' rel=\"noopener\"><span class='avia_hidden_link_text'>Compartir en Facebook<\/span><\/a><\/li><li class='av-share-link av-social-link-twitter' ><a target=\"_blank\" aria-label=\"Compartir en Twitter\" href='https:\/\/twitter.com\/share?text=Gremios%20locales%20se%20re%C3%BAnen%20con%20Gobernador%20Regional%20para%20dialogar%20sobre%20creaci%C3%B3n%20de%20Corporaci%C3%B3n%20de%20Desarrollo%20Productivo%20para%20Ays%C3%A9n&#038;url=https:\/\/radiorevelacionfm.cl\/?p=54203' aria-hidden='false' data-av_icon='\ue8f1' data-av_iconfont='entypo-fontello' title='' data-avia-related-tooltip='Compartir en Twitter' rel=\"noopener\"><span class='avia_hidden_link_text'>Compartir en Twitter<\/span><\/a><\/li><li class='av-share-link av-social-link-whatsapp' ><a target=\"_blank\" aria-label=\"Compartir en Whatsapp\" href='https:\/\/api.whatsapp.com\/send?text=https:\/\/radiorevelacionfm.cl\/?p=54203' aria-hidden='false' data-av_icon='\uf232' data-av_iconfont='entypo-fontello' title='' data-avia-related-tooltip='Compartir en Whatsapp' rel=\"noopener\"><span class='avia_hidden_link_text'>Compartir en Whatsapp<\/span><\/a><\/li><li class='av-share-link av-social-link-linkedin' ><a target=\"_blank\" aria-label=\"Compartir en LinkedIn\" href='https:\/\/linkedin.com\/shareArticle?mini=true&#038;title=Gremios%20locales%20se%20re%C3%BAnen%20con%20Gobernador%20Regional%20para%20dialogar%20sobre%20creaci%C3%B3n%20de%20Corporaci%C3%B3n%20de%20Desarrollo%20Productivo%20para%20Ays%C3%A9n&#038;url=https:\/\/radiorevelacionfm.cl\/?p=54203' aria-hidden='false' data-av_icon='\ue8fc' data-av_iconfont='entypo-fontello' title='' data-avia-related-tooltip='Compartir en LinkedIn' rel=\"noopener\"><span class='avia_hidden_link_text'>Compartir en LinkedIn<\/span><\/a><\/li><li class='av-share-link av-social-link-mail' ><a  aria-label=\"Compartir por correo\" href='mailto:?subject=Gremios%20locales%20se%20re%C3%BAnen%20con%20Gobernador%20Regional%20para%20dialogar%20sobre%20creaci%C3%B3n%20de%20Corporaci%C3%B3n%20de%20Desarrollo%20Productivo%20para%20Ays%C3%A9n&#038;body=https:\/\/radiorevelacionfm.cl\/?p=54203' aria-hidden='false' data-av_icon='\ue805' data-av_iconfont='entypo-fontello' title='' data-avia-related-tooltip='Compartir por correo'><span class='avia_hidden_link_text'>Compartir por correo<\/span><\/a><\/li><\/ul><\/div><\/div>\n<div  style='height:50px' class='hr hr-invisible   avia-builder-el-8  el_after_av_social_share  el_before_av_comments_list '><span class='hr-inner ' ><span class='hr-inner-style'><\/span><\/span><\/div>\n<div  class='av-buildercomment  av-blog-meta-html-info-disabled av-blog-meta-tag-disabled  '><\/div>\n","protected":false},"excerpt":{"rendered":"","protected":false},"author":1,"featured_media":54204,"comment_status":"closed","ping_status":"closed","sticky":false,"template":"","format":"standard","meta":{"footnotes":""},"categories":[38],"tags":[],"class_list":["post-54203","post","type-post","status-publish","format-standard","has-post-thumbnail","hentry","category-regional"],"jetpack_featured_media_url":"https:\/\/radiorevelacionfm.cl\/wp-content\/uploads\/2025\/05\/6b56e450-874d-4c0d-a601-0ef240c34314-1_optimized.jpg","_links":{"self":[{"href":"https:\/\/radiorevelacionfm.cl\/index.php?rest_route=\/wp\/v2\/posts\/54203","targetHints":{"allow":["GET"]}}],"collection":[{"href":"https:\/\/radiorevelacionfm.cl\/index.php?rest_route=\/wp\/v2\/posts"}],"about":[{"href":"https:\/\/radiorevelacionfm.cl\/index.php?rest_route=\/wp\/v2\/types\/post"}],"author":[{"embeddable":true,"href":"https:\/\/radiorevelacionfm.cl\/index.php?rest_route=\/wp\/v2\/users\/1"}],"replies":[{"embeddable":true,"href":"https:\/\/radiorevelacionfm.cl\/index.php?rest_route=%2Fwp%2Fv2%2Fcomments&post=54203"}],"version-history":[{"count":2,"href":"https:\/\/radiorevelacionfm.cl\/index.php?rest_route=\/wp\/v2\/posts\/54203\/revisions"}],"predecessor-version":[{"id":54235,"href":"https:\/\/radiorevelacionfm.cl\/index.php?rest_route=\/wp\/v2\/posts\/54203\/revisions\/54235"}],"wp:featuredmedia":[{"embeddable":true,"href":"https:\/\/radiorevelacionfm.cl\/index.php?rest_route=\/wp\/v2\/media\/54204"}],"wp:attachment":[{"href":"https:\/\/radiorevelacionfm.cl\/index.php?rest_route=%2Fwp%2Fv2%2Fmedia&parent=54203"}],"wp:term":[{"taxonomy":"category","embeddable":true,"href":"https:\/\/radiorevelacionfm.cl\/index.php?rest_route=%2Fwp%2Fv2%2Fcategories&post=54203"},{"taxonomy":"post_tag","embeddable":true,"href":"https:\/\/radiorevelacionfm.cl\/index.php?rest_route=%2Fwp%2Fv2%2Ftags&post=54203"}],"curies":[{"name":"wp","href":"https:\/\/api.w.org\/{rel}","templated":true}]}}