{"id":54200,"date":"2025-05-21T18:31:46","date_gmt":"2025-05-21T21:31:46","guid":{"rendered":"https:\/\/radiorevelacionfm.cl\/?p=54200"},"modified":"2025-05-21T18:31:46","modified_gmt":"2025-05-21T21:31:46","slug":"semana-de-la-educacion-artistica-congrega-a-mas-de-350-ninos-y-ninas-de-escuelas-rurales","status":"publish","type":"post","link":"https:\/\/radiorevelacionfm.cl\/?p=54200","title":{"rendered":"Semana de la Educaci\u00f3n Art\u00edstica congrega a m\u00e1s de 350 ni\u00f1os y ni\u00f1as de escuelas rurales"},"content":{"rendered":"<div class=\"flex_column av_one_full  flex_column_div av-zero-column-padding first  avia-builder-el-0  el_before_av_one_full  avia-builder-el-first  \" style='border-radius:0px; '><div  class='avia-image-container  av-styling-    avia-builder-el-1  avia-builder-el-no-sibling  avia-align-center '  itemprop=\"image\" itemscope=\"itemscope\" itemtype=\"https:\/\/schema.org\/ImageObject\"  ><div class='avia-image-container-inner'><div class='avia-image-overlay-wrap'><img decoding=\"async\" class='wp-image-54201 avia-img-lazy-loading-not-54201 avia_image' src=\"https:\/\/radiorevelacionfm.cl\/wp-content\/uploads\/2025\/05\/sea-20254-1-1-1_optimized.jpg\" alt='' title='sea-20254-(1)-(1)-(1)_optimized' height=\"600\" width=\"900\"  itemprop=\"thumbnailUrl\" srcset=\"https:\/\/radiorevelacionfm.cl\/wp-content\/uploads\/2025\/05\/sea-20254-1-1-1_optimized.jpg 900w, https:\/\/radiorevelacionfm.cl\/wp-content\/uploads\/2025\/05\/sea-20254-1-1-1_optimized-300x200.jpg 300w, https:\/\/radiorevelacionfm.cl\/wp-content\/uploads\/2025\/05\/sea-20254-1-1-1_optimized-768x512.jpg 768w, https:\/\/radiorevelacionfm.cl\/wp-content\/uploads\/2025\/05\/sea-20254-1-1-1_optimized-705x470.jpg 705w, https:\/\/radiorevelacionfm.cl\/wp-content\/uploads\/2025\/05\/sea-20254-1-1-1_optimized-450x300.jpg 450w, https:\/\/radiorevelacionfm.cl\/wp-content\/uploads\/2025\/05\/sea-20254-1-1-1_optimized-600x400.jpg 600w\" sizes=\"(max-width: 900px) 100vw, 900px\" \/><\/div><\/div><\/div><\/div><div class=\"flex_column av_one_full  flex_column_div av-zero-column-padding first  avia-builder-el-2  el_after_av_one_full  el_before_av_one_full  column-top-margin\" style='border-radius:0px; '><section class=\"av_textblock_section \"  itemscope=\"itemscope\" itemtype=\"https:\/\/schema.org\/BlogPosting\" itemprop=\"blogPost\" ><div class='avia_textblock  '   itemprop=\"text\" ><p style=\"text-align: center;\"><strong><span style=\"font-size: 18pt;\">Semana de la Educaci\u00f3n Art\u00edstica congrega a m\u00e1s de 350 ni\u00f1os y ni\u00f1as de escuelas rurales<\/span><\/strong><\/p>\n<div id=\"gtx-trans\" style=\"position: absolute; left: -50px; top: 4.31534px;\">\n<div class=\"gtx-trans-icon\"><\/div>\n<\/div>\n<\/div><\/section><\/div><div class=\"flex_column av_one_full  flex_column_div av-zero-column-padding first  avia-builder-el-4  el_after_av_one_full  el_before_av_hr  column-top-margin\" style='border-radius:0px; '><section class=\"av_textblock_section \"  itemscope=\"itemscope\" itemtype=\"https:\/\/schema.org\/BlogPosting\" itemprop=\"blogPost\" ><div class='avia_textblock  '   itemprop=\"text\" ><p style=\"text-align: justify;\">Marcelino estudia en la escuela Valle de la Luna de \u00d1irehuao. Hasta all\u00e1 lleg\u00f3 el Bibliob\u00fas con cientos de vol\u00famenes y una aventura epistolar en que ni\u00f1os y ni\u00f1as redactaron sus mensajes y deseos para hacerlos llegar a otros ni\u00f1os de otras localidades. Marcelino quiso contar que \u201cac\u00e1 es muy bonito, hay muchos animales; se vive \u2018normalito\u2019 como en la ciudad, pero se puede salir m\u00e1s\u201d.<\/p>\n<p style=\"text-align: justify;\">La Semana de la Educaci\u00f3n Art\u00edstica 2025 ha sido guiada por las localidades rurales de la comuna de Coyhaique a bordo de nuestro Bibliob\u00fas, veh\u00edculo cuyo conductor, Marcos Almonacid, ha ido pueblo por pueblo, escuela por escuela, recogiendo y entregando recados de ni\u00f1os y ni\u00f1as que han querido enviar sus mensajes a otros territorios rurales.<\/p>\n<p style=\"text-align: justify;\">El Territorio de Recados, actividad central de la SEA 2025, es una iniciativa que se enmarca en la obra y la figura de la poeta Gabriela Mistral, cuando este a\u00f1o se cumplen 80 desde la obtenci\u00f3n de su Premio Nobel de Literatura. El seremi de Culturas Ays\u00e9n, Felipe Quiroz, cuenta que \u201cquisimos relevar la figura de nuestra poeta insigne, llevar su obra y su memoria a los territorios rurales, espacios donde ella hizo tanto y fue tan importante para cientos de ni\u00f1os y ni\u00f1as que recibieron su impronta, su educaci\u00f3n, y sus recados. En este \u00faltimo formato nos detuvimos y descubrimos un entusiasmo \u00fanico en las escuelas rurales que se tradujo en hermosas postales escritas, que narran su entorno y su forma de vida. Como Seremi de Culturas Ays\u00e9n estamos felices con este resultado y con el trabajo que desarrollaron las escuelas con nuestro Departamento de Educaci\u00f3n Art\u00edstica\u201d.<\/p>\n<p style=\"text-align: justify;\">En esta SEA 2025 en Ays\u00e9n participaron las escuelas Pablo Cea de Lago Atravesado, Rural R\u00edo Blanco del El Blanco; Almirante Simpson de Puerto Chacabuco; Valle de la Luna de \u00d1irehuao; Pablo Neruda de Villa Ortega; Arroyo El Gato de El Gato; Rural Valle Simpson de Valle Simpson; Colegio Peque\u00f1os Exploradores de Villa Jara; Escuela Nieves del Sur de Coyhaique y el Colegio Patagonia de la capital regional.<\/p>\n<p style=\"text-align: justify;\">Sof\u00eda viaj\u00f3 desde su escuela en El Blanco hasta Puerto Chacabuco, donde conoci\u00f3 a sus estudiantes y les entreg\u00f3 sus recados: \u201cAs\u00ed puedo conocer mejor la regi\u00f3n. Ojal\u00e1 conozcan mi pueblo y ojal\u00e1 que les guste porque es un pueblo muy bonito\u201d.<\/p>\n<p style=\"text-align: justify;\">En total, 350 ni\u00f1os, ni\u00f1as y j\u00f3venes, la gran mayor\u00eda estudiantes de escuelas rurales, vivieron la experiencia de intercambiar mensajes an\u00e1logos a trav\u00e9s del buz\u00f3n que sigue recorriendo la Patagonia a bordo del Bibliob\u00fas.<\/p>\n<p style=\"text-align: justify;\">La actividad central de la Semana de Educaci\u00f3n Art\u00edstica 2025 ocurri\u00f3 en la Plaza Pentagonal de Coyhaique con el protagonismo de ni\u00f1os y ni\u00f1as de la Escuela Pablo Neruda de Villa Ortega que desarrollaron un l\u00fadico momento p\u00fablico en torno a sus recados y aprendizajes de la SEA, todo organizado por el equipo de nuestro Centro de Creaci\u00f3n Cecrea.<\/p>\n<\/div><\/section><\/div><div  style='height:50px' class='hr hr-invisible   avia-builder-el-6  el_after_av_one_full  el_before_av_social_share '><span class='hr-inner ' ><span class='hr-inner-style'><\/span><\/span><\/div><\/p>\n<div  class='av-social-sharing-box  avia-builder-el-7  el_after_av_hr  el_before_av_hr  '><div class='av-share-box'><h5 class='av-share-link-description av-no-toc '>Compartir esta noticia<\/h5><ul class='av-share-box-list noLightbox'><li class='av-share-link av-social-link-facebook' ><a target=\"_blank\" aria-label=\"Compartir en Facebook\" href='https:\/\/www.facebook.com\/sharer.php?u=https:\/\/radiorevelacionfm.cl\/?p=54200&#038;t=Semana%20de%20la%20Educaci%C3%B3n%20Art%C3%ADstica%20congrega%20a%20m%C3%A1s%20de%20350%20ni%C3%B1os%20y%20ni%C3%B1as%20de%20escuelas%20rurales' aria-hidden='false' data-av_icon='\ue8f3' data-av_iconfont='entypo-fontello' title='' data-avia-related-tooltip='Compartir en Facebook' rel=\"noopener\"><span class='avia_hidden_link_text'>Compartir en Facebook<\/span><\/a><\/li><li class='av-share-link av-social-link-twitter' ><a target=\"_blank\" aria-label=\"Compartir en Twitter\" href='https:\/\/twitter.com\/share?text=Semana%20de%20la%20Educaci%C3%B3n%20Art%C3%ADstica%20congrega%20a%20m%C3%A1s%20de%20350%20ni%C3%B1os%20y%20ni%C3%B1as%20de%20escuelas%20rurales&#038;url=https:\/\/radiorevelacionfm.cl\/?p=54200' aria-hidden='false' data-av_icon='\ue8f1' data-av_iconfont='entypo-fontello' title='' data-avia-related-tooltip='Compartir en Twitter' rel=\"noopener\"><span class='avia_hidden_link_text'>Compartir en Twitter<\/span><\/a><\/li><li class='av-share-link av-social-link-whatsapp' ><a target=\"_blank\" aria-label=\"Compartir en Whatsapp\" href='https:\/\/api.whatsapp.com\/send?text=https:\/\/radiorevelacionfm.cl\/?p=54200' aria-hidden='false' data-av_icon='\uf232' data-av_iconfont='entypo-fontello' title='' data-avia-related-tooltip='Compartir en Whatsapp' rel=\"noopener\"><span class='avia_hidden_link_text'>Compartir en Whatsapp<\/span><\/a><\/li><li class='av-share-link av-social-link-linkedin' ><a target=\"_blank\" aria-label=\"Compartir en LinkedIn\" href='https:\/\/linkedin.com\/shareArticle?mini=true&#038;title=Semana%20de%20la%20Educaci%C3%B3n%20Art%C3%ADstica%20congrega%20a%20m%C3%A1s%20de%20350%20ni%C3%B1os%20y%20ni%C3%B1as%20de%20escuelas%20rurales&#038;url=https:\/\/radiorevelacionfm.cl\/?p=54200' aria-hidden='false' data-av_icon='\ue8fc' data-av_iconfont='entypo-fontello' title='' data-avia-related-tooltip='Compartir en LinkedIn' rel=\"noopener\"><span class='avia_hidden_link_text'>Compartir en LinkedIn<\/span><\/a><\/li><li class='av-share-link av-social-link-mail' ><a  aria-label=\"Compartir por correo\" href='mailto:?subject=Semana%20de%20la%20Educaci%C3%B3n%20Art%C3%ADstica%20congrega%20a%20m%C3%A1s%20de%20350%20ni%C3%B1os%20y%20ni%C3%B1as%20de%20escuelas%20rurales&#038;body=https:\/\/radiorevelacionfm.cl\/?p=54200' aria-hidden='false' data-av_icon='\ue805' data-av_iconfont='entypo-fontello' title='' data-avia-related-tooltip='Compartir por correo'><span class='avia_hidden_link_text'>Compartir por correo<\/span><\/a><\/li><\/ul><\/div><\/div>\n<div  style='height:50px' class='hr hr-invisible   avia-builder-el-8  el_after_av_social_share  el_before_av_comments_list '><span class='hr-inner ' ><span class='hr-inner-style'><\/span><\/span><\/div>\n<div  class='av-buildercomment  av-blog-meta-html-info-disabled av-blog-meta-tag-disabled  '><\/div>\n","protected":false},"excerpt":{"rendered":"","protected":false},"author":1,"featured_media":54201,"comment_status":"closed","ping_status":"closed","sticky":false,"template":"","format":"standard","meta":{"footnotes":""},"categories":[52],"tags":[],"class_list":["post-54200","post","type-post","status-publish","format-standard","has-post-thumbnail","hentry","category-cultura"],"jetpack_featured_media_url":"https:\/\/radiorevelacionfm.cl\/wp-content\/uploads\/2025\/05\/sea-20254-1-1-1_optimized.jpg","_links":{"self":[{"href":"https:\/\/radiorevelacionfm.cl\/index.php?rest_route=\/wp\/v2\/posts\/54200","targetHints":{"allow":["GET"]}}],"collection":[{"href":"https:\/\/radiorevelacionfm.cl\/index.php?rest_route=\/wp\/v2\/posts"}],"about":[{"href":"https:\/\/radiorevelacionfm.cl\/index.php?rest_route=\/wp\/v2\/types\/post"}],"author":[{"embeddable":true,"href":"https:\/\/radiorevelacionfm.cl\/index.php?rest_route=\/wp\/v2\/users\/1"}],"replies":[{"embeddable":true,"href":"https:\/\/radiorevelacionfm.cl\/index.php?rest_route=%2Fwp%2Fv2%2Fcomments&post=54200"}],"version-history":[{"count":2,"href":"https:\/\/radiorevelacionfm.cl\/index.php?rest_route=\/wp\/v2\/posts\/54200\/revisions"}],"predecessor-version":[{"id":54231,"href":"https:\/\/radiorevelacionfm.cl\/index.php?rest_route=\/wp\/v2\/posts\/54200\/revisions\/54231"}],"wp:featuredmedia":[{"embeddable":true,"href":"https:\/\/radiorevelacionfm.cl\/index.php?rest_route=\/wp\/v2\/media\/54201"}],"wp:attachment":[{"href":"https:\/\/radiorevelacionfm.cl\/index.php?rest_route=%2Fwp%2Fv2%2Fmedia&parent=54200"}],"wp:term":[{"taxonomy":"category","embeddable":true,"href":"https:\/\/radiorevelacionfm.cl\/index.php?rest_route=%2Fwp%2Fv2%2Fcategories&post=54200"},{"taxonomy":"post_tag","embeddable":true,"href":"https:\/\/radiorevelacionfm.cl\/index.php?rest_route=%2Fwp%2Fv2%2Ftags&post=54200"}],"curies":[{"name":"wp","href":"https:\/\/api.w.org\/{rel}","templated":true}]}}