{"id":5420,"date":"2021-06-17T20:10:41","date_gmt":"2021-06-17T23:10:41","guid":{"rendered":"https:\/\/radiorevelacionfm.cl\/?p=5420"},"modified":"2021-06-17T20:10:41","modified_gmt":"2021-06-17T23:10:41","slug":"intendenta-firma-convenio-entre-subdere-y-minagri-para-trabajar-en-la-politica-nacional-de-desarrollo-rural","status":"publish","type":"post","link":"https:\/\/radiorevelacionfm.cl\/?p=5420","title":{"rendered":"Intendenta firma convenio entre Subdere y Minagri para trabajar en la pol\u00edtica nacional de desarrollo rural"},"content":{"rendered":"<div class=\"flex_column av_one_full  flex_column_div av-zero-column-padding first  avia-builder-el-0  el_before_av_one_full  avia-builder-el-first  \" style='border-radius:0px; '><div  class='avia-image-container  av-styling-    avia-builder-el-1  avia-builder-el-no-sibling  avia-align-center '  itemprop=\"image\" itemscope=\"itemscope\" itemtype=\"https:\/\/schema.org\/ImageObject\"  ><div class='avia-image-container-inner'><div class='avia-image-overlay-wrap'><img decoding=\"async\" class='wp-image-0 avia-img-lazy-loading-not-0 avia_image' src=\"https:\/\/radiorevelacionfm.cl\/wp-content\/uploads\/2021\/06\/FOTO-proyecto-desarrollo-rural-1-1-1.jpeg\" alt='' title=''   itemprop=\"thumbnailUrl\"  \/><\/div><\/div><\/div><\/div><div class=\"flex_column av_one_full  flex_column_div av-zero-column-padding first  avia-builder-el-2  el_after_av_one_full  el_before_av_one_full  column-top-margin\" style='border-radius:0px; '><section class=\"av_textblock_section \"  itemscope=\"itemscope\" itemtype=\"https:\/\/schema.org\/BlogPosting\" itemprop=\"blogPost\" ><div class='avia_textblock  '   itemprop=\"text\" ><p style=\"text-align: center;\"><strong><span style=\"font-size: 18pt;\">Intendenta firma convenio entre Subdere y Minagri para trabajar en la pol\u00edtica nacional de desarrollo rural<\/span><\/strong><\/p>\n<div id=\"gtx-trans\" style=\"position: absolute; left: -50px; top: 4.31534px;\">\n<div class=\"gtx-trans-icon\"><\/div>\n<\/div>\n<\/div><\/section><\/div><div class=\"flex_column av_one_full  flex_column_div av-zero-column-padding first  avia-builder-el-4  el_after_av_one_full  el_before_av_hr  column-top-margin\" style='border-radius:0px; '><section class=\"av_textblock_section \"  itemscope=\"itemscope\" itemtype=\"https:\/\/schema.org\/BlogPosting\" itemprop=\"blogPost\" ><div class='avia_textblock  '   itemprop=\"text\" ><p style=\"font-weight: 400; text-align: justify;\">Este jueves se cre\u00f3 el Consejo Nacional para la implementaci\u00f3n de la Pol\u00edtica Nacional de Desarrollo Rural (PNDR), a trav\u00e9s de un convenio firmado entre la Subsecretar\u00eda de Desarrollo Regional y Administrativo (Subdere), el Ministerio de Agricultura (Minagri) \u2013a trav\u00e9s de la Oficina de Estudios y Pol\u00edticas Agrarias (ODEPA)\u2013, y tres regiones del pa\u00eds como son: Atacama, O`Higgins y Ays\u00e9n, cuyo prop\u00f3sito es reducir las diferencias en las zonas rurales con m\u00e1s oportunidades y mejores condiciones para la ciudadan\u00eda.<\/p>\n<p style=\"font-weight: 400; text-align: justify;\">\u201cEs muy importante ejecutar la pol\u00edtica a nivel regional, y es justamente lo que hacemos con los Intendentes, no solamente para poder \u2013desde el nivel central\u2013 proponer l\u00edneas de trabajo sino muy por el contrario, el poder tener una herramienta desde la regi\u00f3n, para la regi\u00f3n; porque la ruralidad es muy diversa: lo que ocurre en el norte es muy distinto al sur; y dentro de la misma regi\u00f3n hay diferencias importantes. Entonces, la idea es ir retroalimentando la pol\u00edtica nacional con lo que ocurre en las regiones\u201d,\u00a0explic\u00f3 la\u00a0Ministra de Agricultura, Mar\u00eda Emilia Undurraga.<\/p>\n<p style=\"font-weight: 400; text-align: justify;\">Por su parte, la\u00a0Intendenta Margarita Ossa, valor\u00f3 la integraci\u00f3n de la Regi\u00f3n de Ays\u00e9n en la PNDR, debido a que un 20,4% de la poblaci\u00f3n reside fuera de la zona urbana.\u00a0\u201cParte del objetivo que tiene el gobierno del Presidente Sebasti\u00e1n Pi\u00f1era es consensuar la Pol\u00edtica Nacional de Desarrollo Rural, la que permitir\u00e1 mejorar las capacidades de los gobiernos regionales para efectuar intervenciones focalizadas, ya sean en los \u00e1mbitos productivo, social y cultural, dependiendo de la realidad de cada regi\u00f3n\u201d,\u00a0aclar\u00f3 la Ejecutivo.<\/p>\n<p style=\"font-weight: 400; text-align: justify;\"><strong>Consejo Nacional<\/strong><\/p>\n<p style=\"font-weight: 400; text-align: justify;\">El CNDR es un organismo compuesto por 30 miembros del mundo p\u00fablico, privado y de la sociedad civil, los cuales, durante el 2021 y 2022, tendr\u00e1n la misi\u00f3n de: apoyar la constituci\u00f3n del Consejo Regional de Desarrollo Rural, con su respectivo acompa\u00f1amiento; elaborar y hacer seguimiento del Plan Regional de Desarrollo Rural; fortalecer las capacidades del Gobierno Regional en materia de informaci\u00f3n y planificaci\u00f3n con enfoque rural; y, comunicar y elaborar una propuesta de \u201cModelo de gesti\u00f3n regional para el desarrollo rural\u201d.<\/p>\n<p style=\"font-weight: 400; text-align: justify;\">\u201cNuestro consejo es muy heterog\u00e9neo, viene de todas las tem\u00e1ticas rurales, son todos expertos con mucha experiencia, idoneidad, y tenemos distintas miradas de la misma situaci\u00f3n. De manera que tendremos que trabajar con mucho empe\u00f1o y llegar siempre a consensos. Nuestra tarea es consultiva y propositiva, con acciones concretas y soluciones. Y lo m\u00e1s importante es que estemos todos los organismos, los consejos ministeriales, organismos del Estado en conjunci\u00f3n, siempre buscando el punto de conexi\u00f3n\u201d,\u00a0recalc\u00f3\u00a0Pilar Cereceda, presidenta del Consejo Nacional de Desarrollo Rural.<\/p>\n<p style=\"font-weight: 400; text-align: justify;\">La Pol\u00edtica Nacional de Desarrollo Rural permitir\u00e1 en el mediano y largo plazo mejorar las condiciones de vida y aumentar las oportunidades de las personas que habitan en territorios rurales, promoviendo acciones por medio de iniciativas p\u00fablicas, privadas y de la sociedad civil.<\/p>\n<\/div><\/section><\/div><div  style='height:50px' class='hr hr-invisible   avia-builder-el-6  el_after_av_one_full  el_before_av_social_share '><span class='hr-inner ' ><span class='hr-inner-style'><\/span><\/span><\/div><\/p>\n<div  class='av-social-sharing-box  avia-builder-el-7  el_after_av_hr  el_before_av_hr  '><div class='av-share-box'><h5 class='av-share-link-description av-no-toc '>Compartir esta noticia<\/h5><ul class='av-share-box-list noLightbox'><li class='av-share-link av-social-link-facebook' ><a target=\"_blank\" aria-label=\"Compartir en Facebook\" href='https:\/\/www.facebook.com\/sharer.php?u=https:\/\/radiorevelacionfm.cl\/?p=5420&#038;t=Intendenta%20firma%20convenio%20entre%20Subdere%20y%20Minagri%20para%20trabajar%20en%20la%20pol%C3%ADtica%20nacional%20de%20desarrollo%20rural' aria-hidden='false' data-av_icon='\ue8f3' data-av_iconfont='entypo-fontello' title='' data-avia-related-tooltip='Compartir en Facebook' rel=\"noopener\"><span class='avia_hidden_link_text'>Compartir en Facebook<\/span><\/a><\/li><li class='av-share-link av-social-link-twitter' ><a target=\"_blank\" aria-label=\"Compartir en Twitter\" href='https:\/\/twitter.com\/share?text=Intendenta%20firma%20convenio%20entre%20Subdere%20y%20Minagri%20para%20trabajar%20en%20la%20pol%C3%ADtica%20nacional%20de%20desarrollo%20rural&#038;url=https:\/\/radiorevelacionfm.cl\/?p=5420' aria-hidden='false' data-av_icon='\ue8f1' data-av_iconfont='entypo-fontello' title='' data-avia-related-tooltip='Compartir en Twitter' rel=\"noopener\"><span class='avia_hidden_link_text'>Compartir en Twitter<\/span><\/a><\/li><li class='av-share-link av-social-link-whatsapp' ><a target=\"_blank\" aria-label=\"Compartir en Whatsapp\" href='https:\/\/api.whatsapp.com\/send?text=https:\/\/radiorevelacionfm.cl\/?p=5420' aria-hidden='false' data-av_icon='\uf232' data-av_iconfont='entypo-fontello' title='' data-avia-related-tooltip='Compartir en Whatsapp' rel=\"noopener\"><span class='avia_hidden_link_text'>Compartir en Whatsapp<\/span><\/a><\/li><li class='av-share-link av-social-link-linkedin' ><a target=\"_blank\" aria-label=\"Compartir en LinkedIn\" href='https:\/\/linkedin.com\/shareArticle?mini=true&#038;title=Intendenta%20firma%20convenio%20entre%20Subdere%20y%20Minagri%20para%20trabajar%20en%20la%20pol%C3%ADtica%20nacional%20de%20desarrollo%20rural&#038;url=https:\/\/radiorevelacionfm.cl\/?p=5420' aria-hidden='false' data-av_icon='\ue8fc' data-av_iconfont='entypo-fontello' title='' data-avia-related-tooltip='Compartir en LinkedIn' rel=\"noopener\"><span class='avia_hidden_link_text'>Compartir en LinkedIn<\/span><\/a><\/li><li class='av-share-link av-social-link-mail' ><a  aria-label=\"Compartir por correo\" href='mailto:?subject=Intendenta%20firma%20convenio%20entre%20Subdere%20y%20Minagri%20para%20trabajar%20en%20la%20pol%C3%ADtica%20nacional%20de%20desarrollo%20rural&#038;body=https:\/\/radiorevelacionfm.cl\/?p=5420' aria-hidden='false' data-av_icon='\ue805' data-av_iconfont='entypo-fontello' title='' data-avia-related-tooltip='Compartir por correo'><span class='avia_hidden_link_text'>Compartir por correo<\/span><\/a><\/li><\/ul><\/div><\/div>\n<div  style='height:50px' class='hr hr-invisible   avia-builder-el-8  el_after_av_social_share  el_before_av_comments_list '><span class='hr-inner ' ><span class='hr-inner-style'><\/span><\/span><\/div>\n<div  class='av-buildercomment  av-blog-meta-html-info-disabled av-blog-meta-tag-disabled  '><\/div>\n","protected":false},"excerpt":{"rendered":"","protected":false},"author":1,"featured_media":0,"comment_status":"open","ping_status":"open","sticky":false,"template":"","format":"standard","meta":{"footnotes":""},"categories":[38],"tags":[],"class_list":["post-5420","post","type-post","status-publish","format-standard","hentry","category-regional"],"jetpack_featured_media_url":"","_links":{"self":[{"href":"https:\/\/radiorevelacionfm.cl\/index.php?rest_route=\/wp\/v2\/posts\/5420","targetHints":{"allow":["GET"]}}],"collection":[{"href":"https:\/\/radiorevelacionfm.cl\/index.php?rest_route=\/wp\/v2\/posts"}],"about":[{"href":"https:\/\/radiorevelacionfm.cl\/index.php?rest_route=\/wp\/v2\/types\/post"}],"author":[{"embeddable":true,"href":"https:\/\/radiorevelacionfm.cl\/index.php?rest_route=\/wp\/v2\/users\/1"}],"replies":[{"embeddable":true,"href":"https:\/\/radiorevelacionfm.cl\/index.php?rest_route=%2Fwp%2Fv2%2Fcomments&post=5420"}],"version-history":[{"count":1,"href":"https:\/\/radiorevelacionfm.cl\/index.php?rest_route=\/wp\/v2\/posts\/5420\/revisions"}],"predecessor-version":[{"id":5422,"href":"https:\/\/radiorevelacionfm.cl\/index.php?rest_route=\/wp\/v2\/posts\/5420\/revisions\/5422"}],"wp:attachment":[{"href":"https:\/\/radiorevelacionfm.cl\/index.php?rest_route=%2Fwp%2Fv2%2Fmedia&parent=5420"}],"wp:term":[{"taxonomy":"category","embeddable":true,"href":"https:\/\/radiorevelacionfm.cl\/index.php?rest_route=%2Fwp%2Fv2%2Fcategories&post=5420"},{"taxonomy":"post_tag","embeddable":true,"href":"https:\/\/radiorevelacionfm.cl\/index.php?rest_route=%2Fwp%2Fv2%2Ftags&post=5420"}],"curies":[{"name":"wp","href":"https:\/\/api.w.org\/{rel}","templated":true}]}}