{"id":54197,"date":"2025-05-21T18:17:16","date_gmt":"2025-05-21T21:17:16","guid":{"rendered":"https:\/\/radiorevelacionfm.cl\/?p=54197"},"modified":"2025-05-21T18:17:16","modified_gmt":"2025-05-21T21:17:16","slug":"bahia-murta-entrega-de-terreno-marca-el-inicio-de-la-futura-multicancha-para-la-comunidad","status":"publish","type":"post","link":"https:\/\/radiorevelacionfm.cl\/?p=54197","title":{"rendered":"Bah\u00eda Murta: Entrega de terreno marca el inicio de la futura multicancha para la comunidad"},"content":{"rendered":"<div class=\"flex_column av_one_full  flex_column_div av-zero-column-padding first  avia-builder-el-0  el_before_av_one_full  avia-builder-el-first  \" style='border-radius:0px; '><div  class='avia-image-container  av-styling-    avia-builder-el-1  avia-builder-el-no-sibling  avia-align-center '  itemprop=\"image\" itemscope=\"itemscope\" itemtype=\"https:\/\/schema.org\/ImageObject\"  ><div class='avia-image-container-inner'><div class='avia-image-overlay-wrap'><img decoding=\"async\" class='wp-image-54198 avia-img-lazy-loading-not-54198 avia_image' src=\"https:\/\/radiorevelacionfm.cl\/wp-content\/uploads\/2025\/05\/firmaentregaterreno-1_optimized-1.jpg\" alt='' title='firmaentregaterreno-(1)_optimized (1)' height=\"600\" width=\"904\"  itemprop=\"thumbnailUrl\" srcset=\"https:\/\/radiorevelacionfm.cl\/wp-content\/uploads\/2025\/05\/firmaentregaterreno-1_optimized-1.jpg 904w, https:\/\/radiorevelacionfm.cl\/wp-content\/uploads\/2025\/05\/firmaentregaterreno-1_optimized-1-300x199.jpg 300w, https:\/\/radiorevelacionfm.cl\/wp-content\/uploads\/2025\/05\/firmaentregaterreno-1_optimized-1-768x510.jpg 768w, https:\/\/radiorevelacionfm.cl\/wp-content\/uploads\/2025\/05\/firmaentregaterreno-1_optimized-1-705x468.jpg 705w, https:\/\/radiorevelacionfm.cl\/wp-content\/uploads\/2025\/05\/firmaentregaterreno-1_optimized-1-450x299.jpg 450w, https:\/\/radiorevelacionfm.cl\/wp-content\/uploads\/2025\/05\/firmaentregaterreno-1_optimized-1-600x398.jpg 600w\" sizes=\"(max-width: 904px) 100vw, 904px\" \/><\/div><\/div><\/div><\/div><div class=\"flex_column av_one_full  flex_column_div av-zero-column-padding first  avia-builder-el-2  el_after_av_one_full  el_before_av_one_full  column-top-margin\" style='border-radius:0px; '><section class=\"av_textblock_section \"  itemscope=\"itemscope\" itemtype=\"https:\/\/schema.org\/BlogPosting\" itemprop=\"blogPost\" ><div class='avia_textblock  '   itemprop=\"text\" ><p style=\"text-align: center;\"><strong><span style=\"font-size: 18pt;\">Bah\u00eda Murta: Entrega de terreno marca el inicio de la futura multicancha para la comunidad<\/span><\/strong><\/p>\n<div id=\"gtx-trans\" style=\"position: absolute; left: -50px; top: 4.31534px;\">\n<div class=\"gtx-trans-icon\"><\/div>\n<\/div>\n<\/div><\/section><\/div><div class=\"flex_column av_one_full  flex_column_div av-zero-column-padding first  avia-builder-el-4  el_after_av_one_full  el_before_av_hr  column-top-margin\" style='border-radius:0px; '><section class=\"av_textblock_section \"  itemscope=\"itemscope\" itemtype=\"https:\/\/schema.org\/BlogPosting\" itemprop=\"blogPost\" ><div class='avia_textblock  '   itemprop=\"text\" ><p style=\"text-align: justify;\">Con entusiasmo y esperanza, la comunidad de Bah\u00eda Murta vivi\u00f3 un nuevo hito para el desarrollo local. En compa\u00f1\u00eda de organizaciones deportivas y vecinas y vecinos del sector, el alcalde de R\u00edo Ib\u00e1\u00f1ez, Marcelo J\u00e9lvez C\u00e1rdenas, junto a los concejales Ver\u00f3nica Rojas Avenda\u00f1o y Fernando Quintul Cea, encabezaron el pasado 15 de mayo la ceremonia de entrega de terreno donde se construir\u00e1 la anhelada multicancha para la localidad.<\/p>\n<p style=\"text-align: justify;\">Este esperado proyecto, que forma parte de un FRIL Tem\u00e1tico 2024, contempla una inversi\u00f3n cercana a los 186 millones de pesos y considera: instalaci\u00f3n de postes de iluminaci\u00f3n, radier y fundaciones, cerco perimetral, demarcaci\u00f3n y pintura de la superficie, as\u00ed como la provisi\u00f3n de equipamiento para babyf\u00fatbol, b\u00e1squetbol y voleibol.<\/p>\n<p style=\"text-align: justify;\">La empresa contratista Heber Jaby Y\u00e1\u00f1ez Mansilla ser\u00e1 la responsable de ejecutar esta obra en un plazo de 120 d\u00edas corridos, que dar\u00e1 forma a un espacio moderno, c\u00f3modo y seguro, pensado para que ni\u00f1as, ni\u00f1os, j\u00f3venes, adultos y personas mayores puedan disfrutar del deporte y la vida comunitaria.<\/p>\n<p style=\"text-align: justify;\">Respecto al avance de esta iniciativa, el alcalde Marcelo J\u00e9lvez C\u00e1rdenas destac\u00f3: \u201cEstamos avanzando en materia deportiva. Ese fue nuestro compromiso, y lo estamos cumpliendo. Queremos seguir progresando con m\u00e1s infraestructura, con espacios que realmente mejoren la calidad de vida de nuestras comunidades\u201d.<\/p>\n<p style=\"text-align: justify;\">Por su parte, el dirigente deportivo local Carlos Ortiz Toledo valor\u00f3 con emoci\u00f3n este paso: \u201cEste es un sue\u00f1o cumplido para nuestros deportistas. Contar con esta obra es un gran avance, especialmente para nuestras ni\u00f1as y ni\u00f1os, quienes utilizan frecuentemente estos espacios. Ahora tendr\u00e1n un lugar m\u00e1s seguro, c\u00f3modo y limpio donde desarrollarse\u201d.<\/p>\n<\/div><\/section><\/div><div  style='height:50px' class='hr hr-invisible   avia-builder-el-6  el_after_av_one_full  el_before_av_social_share '><span class='hr-inner ' ><span class='hr-inner-style'><\/span><\/span><\/div><\/p>\n<div  class='av-social-sharing-box  avia-builder-el-7  el_after_av_hr  el_before_av_hr  '><div class='av-share-box'><h5 class='av-share-link-description av-no-toc '>Compartir esta noticia<\/h5><ul class='av-share-box-list noLightbox'><li class='av-share-link av-social-link-facebook' ><a target=\"_blank\" aria-label=\"Compartir en Facebook\" href='https:\/\/www.facebook.com\/sharer.php?u=https:\/\/radiorevelacionfm.cl\/?p=54197&#038;t=Bah%C3%ADa%20Murta%3A%20Entrega%20de%20terreno%20marca%20el%20inicio%20de%20la%20futura%20multicancha%20para%20la%20comunidad' aria-hidden='false' data-av_icon='\ue8f3' data-av_iconfont='entypo-fontello' title='' data-avia-related-tooltip='Compartir en Facebook' rel=\"noopener\"><span class='avia_hidden_link_text'>Compartir en Facebook<\/span><\/a><\/li><li class='av-share-link av-social-link-twitter' ><a target=\"_blank\" aria-label=\"Compartir en Twitter\" href='https:\/\/twitter.com\/share?text=Bah%C3%ADa%20Murta%3A%20Entrega%20de%20terreno%20marca%20el%20inicio%20de%20la%20futura%20multicancha%20para%20la%20comunidad&#038;url=https:\/\/radiorevelacionfm.cl\/?p=54197' aria-hidden='false' data-av_icon='\ue8f1' data-av_iconfont='entypo-fontello' title='' data-avia-related-tooltip='Compartir en Twitter' rel=\"noopener\"><span class='avia_hidden_link_text'>Compartir en Twitter<\/span><\/a><\/li><li class='av-share-link av-social-link-whatsapp' ><a target=\"_blank\" aria-label=\"Compartir en Whatsapp\" href='https:\/\/api.whatsapp.com\/send?text=https:\/\/radiorevelacionfm.cl\/?p=54197' aria-hidden='false' data-av_icon='\uf232' data-av_iconfont='entypo-fontello' title='' data-avia-related-tooltip='Compartir en Whatsapp' rel=\"noopener\"><span class='avia_hidden_link_text'>Compartir en Whatsapp<\/span><\/a><\/li><li class='av-share-link av-social-link-linkedin' ><a target=\"_blank\" aria-label=\"Compartir en LinkedIn\" href='https:\/\/linkedin.com\/shareArticle?mini=true&#038;title=Bah%C3%ADa%20Murta%3A%20Entrega%20de%20terreno%20marca%20el%20inicio%20de%20la%20futura%20multicancha%20para%20la%20comunidad&#038;url=https:\/\/radiorevelacionfm.cl\/?p=54197' aria-hidden='false' data-av_icon='\ue8fc' data-av_iconfont='entypo-fontello' title='' data-avia-related-tooltip='Compartir en LinkedIn' rel=\"noopener\"><span class='avia_hidden_link_text'>Compartir en LinkedIn<\/span><\/a><\/li><li class='av-share-link av-social-link-mail' ><a  aria-label=\"Compartir por correo\" href='mailto:?subject=Bah%C3%ADa%20Murta%3A%20Entrega%20de%20terreno%20marca%20el%20inicio%20de%20la%20futura%20multicancha%20para%20la%20comunidad&#038;body=https:\/\/radiorevelacionfm.cl\/?p=54197' aria-hidden='false' data-av_icon='\ue805' data-av_iconfont='entypo-fontello' title='' data-avia-related-tooltip='Compartir por correo'><span class='avia_hidden_link_text'>Compartir por correo<\/span><\/a><\/li><\/ul><\/div><\/div>\n<div  style='height:50px' class='hr hr-invisible   avia-builder-el-8  el_after_av_social_share  el_before_av_comments_list '><span class='hr-inner ' ><span class='hr-inner-style'><\/span><\/span><\/div>\n<div  class='av-buildercomment  av-blog-meta-html-info-disabled av-blog-meta-tag-disabled  '><\/div>\n","protected":false},"excerpt":{"rendered":"","protected":false},"author":1,"featured_media":54198,"comment_status":"closed","ping_status":"closed","sticky":false,"template":"","format":"standard","meta":{"footnotes":""},"categories":[38],"tags":[],"class_list":["post-54197","post","type-post","status-publish","format-standard","has-post-thumbnail","hentry","category-regional"],"jetpack_featured_media_url":"https:\/\/radiorevelacionfm.cl\/wp-content\/uploads\/2025\/05\/firmaentregaterreno-1_optimized-1.jpg","_links":{"self":[{"href":"https:\/\/radiorevelacionfm.cl\/index.php?rest_route=\/wp\/v2\/posts\/54197","targetHints":{"allow":["GET"]}}],"collection":[{"href":"https:\/\/radiorevelacionfm.cl\/index.php?rest_route=\/wp\/v2\/posts"}],"about":[{"href":"https:\/\/radiorevelacionfm.cl\/index.php?rest_route=\/wp\/v2\/types\/post"}],"author":[{"embeddable":true,"href":"https:\/\/radiorevelacionfm.cl\/index.php?rest_route=\/wp\/v2\/users\/1"}],"replies":[{"embeddable":true,"href":"https:\/\/radiorevelacionfm.cl\/index.php?rest_route=%2Fwp%2Fv2%2Fcomments&post=54197"}],"version-history":[{"count":2,"href":"https:\/\/radiorevelacionfm.cl\/index.php?rest_route=\/wp\/v2\/posts\/54197\/revisions"}],"predecessor-version":[{"id":54229,"href":"https:\/\/radiorevelacionfm.cl\/index.php?rest_route=\/wp\/v2\/posts\/54197\/revisions\/54229"}],"wp:featuredmedia":[{"embeddable":true,"href":"https:\/\/radiorevelacionfm.cl\/index.php?rest_route=\/wp\/v2\/media\/54198"}],"wp:attachment":[{"href":"https:\/\/radiorevelacionfm.cl\/index.php?rest_route=%2Fwp%2Fv2%2Fmedia&parent=54197"}],"wp:term":[{"taxonomy":"category","embeddable":true,"href":"https:\/\/radiorevelacionfm.cl\/index.php?rest_route=%2Fwp%2Fv2%2Fcategories&post=54197"},{"taxonomy":"post_tag","embeddable":true,"href":"https:\/\/radiorevelacionfm.cl\/index.php?rest_route=%2Fwp%2Fv2%2Ftags&post=54197"}],"curies":[{"name":"wp","href":"https:\/\/api.w.org\/{rel}","templated":true}]}}