{"id":54193,"date":"2025-05-21T18:06:42","date_gmt":"2025-05-21T21:06:42","guid":{"rendered":"https:\/\/radiorevelacionfm.cl\/?p=54193"},"modified":"2025-05-21T18:06:42","modified_gmt":"2025-05-21T21:06:42","slug":"anuncian-convenio-para-impulsar-sistema-de-transporte-regional","status":"publish","type":"post","link":"https:\/\/radiorevelacionfm.cl\/?p=54193","title":{"rendered":"Anuncian convenio para impulsar sistema de transporte regional"},"content":{"rendered":"<div class=\"flex_column av_one_full  flex_column_div av-zero-column-padding first  avia-builder-el-0  el_before_av_one_full  avia-builder-el-first  \" style='border-radius:0px; '><div  class='avia-image-container  av-styling-    avia-builder-el-1  avia-builder-el-no-sibling  avia-align-center '  itemprop=\"image\" itemscope=\"itemscope\" itemtype=\"https:\/\/schema.org\/ImageObject\"  ><div class='avia-image-container-inner'><div class='avia-image-overlay-wrap'><img decoding=\"async\" class='wp-image-54194 avia-img-lazy-loading-not-54194 avia_image' src=\"https:\/\/radiorevelacionfm.cl\/wp-content\/uploads\/2025\/05\/DSC01618-1-1-1.jpg\" alt='' title='DSC01618 (1) (1) (1)' height=\"600\" width=\"899\"  itemprop=\"thumbnailUrl\" srcset=\"https:\/\/radiorevelacionfm.cl\/wp-content\/uploads\/2025\/05\/DSC01618-1-1-1.jpg 899w, https:\/\/radiorevelacionfm.cl\/wp-content\/uploads\/2025\/05\/DSC01618-1-1-1-300x200.jpg 300w, https:\/\/radiorevelacionfm.cl\/wp-content\/uploads\/2025\/05\/DSC01618-1-1-1-768x513.jpg 768w, https:\/\/radiorevelacionfm.cl\/wp-content\/uploads\/2025\/05\/DSC01618-1-1-1-705x471.jpg 705w, https:\/\/radiorevelacionfm.cl\/wp-content\/uploads\/2025\/05\/DSC01618-1-1-1-450x300.jpg 450w, https:\/\/radiorevelacionfm.cl\/wp-content\/uploads\/2025\/05\/DSC01618-1-1-1-600x400.jpg 600w\" sizes=\"(max-width: 899px) 100vw, 899px\" \/><\/div><\/div><\/div><\/div><div class=\"flex_column av_one_full  flex_column_div av-zero-column-padding first  avia-builder-el-2  el_after_av_one_full  el_before_av_one_full  column-top-margin\" style='border-radius:0px; '><section class=\"av_textblock_section \"  itemscope=\"itemscope\" itemtype=\"https:\/\/schema.org\/BlogPosting\" itemprop=\"blogPost\" ><div class='avia_textblock  '   itemprop=\"text\" ><p style=\"text-align: center;\"><strong><span style=\"font-size: 18pt;\">Anuncian convenio para impulsar sistema de transporte regional <\/span><\/strong><\/p>\n<div id=\"gtx-trans\" style=\"position: absolute; left: -50px; top: 4.31534px;\">\n<div class=\"gtx-trans-icon\"><\/div>\n<\/div>\n<\/div><\/section><\/div><div class=\"flex_column av_one_full  flex_column_div av-zero-column-padding first  avia-builder-el-4  el_after_av_one_full  el_before_av_hr  column-top-margin\" style='border-radius:0px; '><section class=\"av_textblock_section \"  itemscope=\"itemscope\" itemtype=\"https:\/\/schema.org\/BlogPosting\" itemprop=\"blogPost\" ><div class='avia_textblock  '   itemprop=\"text\" ><p style=\"text-align: justify;\">Con el objetivo de abordar integralmente el desarrollo del transporte p\u00fablico en la Regi\u00f3n de Ays\u00e9n, el martes 20 de mayo, el gobernador regional, Marcelo Santana Vargas, y el seremi de Transportes y Telecomunicaciones, Hans Zimmermann, anunciaron la elaboraci\u00f3n de un convenio de programaci\u00f3n que permitir\u00e1 dise\u00f1ar y ejecutar soluciones de transporte para las distintas localidades de la regi\u00f3n, incluido el proyecto de buses para Coyhaique.<\/p>\n<p style=\"text-align: justify;\">El convenio contempla un plan de subsidio a la inversi\u00f3n, lo que significa que se licitar\u00e1 el proyecto a una empresa operadora, la cual realizar\u00e1 la inversi\u00f3n y recibir\u00e1 anualmente un subsidio en el plazo de ocho a\u00f1os. Estos subsidios ser\u00e1n financiados por el Gobierno Regional y el Ministerio de Transportes y Telecomunicaciones.<\/p>\n<p style=\"text-align: justify;\">El gobernador regional, Marcelo Santana, explic\u00f3: \u201cEs un plan que considera mejorar la red de subsidios en la Regi\u00f3n de Ays\u00e9n, que permite tambi\u00e9n el desarrollo de infraestructura, como terminales de buses en gran parte de la Regi\u00f3n de Ays\u00e9n (\u2026) Adem\u00e1s, de dos proyectos emblem\u00e1ticos que tienen que ver, uno, con una red de transporte p\u00fablico de buses para la ciudad de Coyhaique y, el otro, de c\u00f3mo ir avanzando en renovar los taxis colectivos en las ciudades de la regi\u00f3n donde esa red existe\u201d.<\/p>\n<p style=\"text-align: justify;\">El seremi de Transportes y Telecomunicaciones, Hans Zimmermann, explic\u00f3 que esta modalidad es posible gracias a la ley que cre\u00f3 un nuevo marco de financiamiento del transporte p\u00fablico y que fue promulgada en 2024. Asimismo, destac\u00f3 que este convenio de programaci\u00f3n permitir\u00e1 abordar brechas en la regi\u00f3n: \u201cTenemos bastantes requerimientos a lo largo de la regi\u00f3n, m\u00e1s all\u00e1 de la inversi\u00f3n importante que hacemos con 21 mil millones de pesos anuales solamente en subsidios en la regi\u00f3n, siempre hay necesidades que hoy d\u00eda pueden ser cubiertas con recursos del Gobierno Regional y queremos avanzar a poder ir cerrando y eliminando esas brechas a trav\u00e9s de este nuevo marco de financiamiento\u201d.<\/p>\n<p style=\"text-align: justify;\">En la instancia, el gobernador regional explic\u00f3 que abordar las brechas en transporte p\u00fablico ha sido uno de los requerimientos del Consejo Regional y que, este convenio, una vez que est\u00e9 elaborado, debe ser aprobado por el cuerpo colegiado. El convenio \u201cbeneficia a toda la regi\u00f3n, a todas las provincias. Esperamos ser activos en llegar con subsidios donde hoy d\u00eda no existen\u2026Queremos impactar en todas las provincias con un trabajo en conjunto con el Ministerio de Transporte\u201d, agreg\u00f3.<\/p>\n<p style=\"text-align: justify;\"><strong>\u00a0<\/strong><\/p>\n<\/div><\/section><\/div><div  style='height:50px' class='hr hr-invisible   avia-builder-el-6  el_after_av_one_full  el_before_av_social_share '><span class='hr-inner ' ><span class='hr-inner-style'><\/span><\/span><\/div><\/p>\n<div  class='av-social-sharing-box  avia-builder-el-7  el_after_av_hr  el_before_av_hr  '><div class='av-share-box'><h5 class='av-share-link-description av-no-toc '>Compartir esta noticia<\/h5><ul class='av-share-box-list noLightbox'><li class='av-share-link av-social-link-facebook' ><a target=\"_blank\" aria-label=\"Compartir en Facebook\" href='https:\/\/www.facebook.com\/sharer.php?u=https:\/\/radiorevelacionfm.cl\/?p=54193&#038;t=Anuncian%20convenio%20para%20impulsar%20sistema%20de%20transporte%20regional' aria-hidden='false' data-av_icon='\ue8f3' data-av_iconfont='entypo-fontello' title='' data-avia-related-tooltip='Compartir en Facebook' rel=\"noopener\"><span class='avia_hidden_link_text'>Compartir en Facebook<\/span><\/a><\/li><li class='av-share-link av-social-link-twitter' ><a target=\"_blank\" aria-label=\"Compartir en Twitter\" href='https:\/\/twitter.com\/share?text=Anuncian%20convenio%20para%20impulsar%20sistema%20de%20transporte%20regional&#038;url=https:\/\/radiorevelacionfm.cl\/?p=54193' aria-hidden='false' data-av_icon='\ue8f1' data-av_iconfont='entypo-fontello' title='' data-avia-related-tooltip='Compartir en Twitter' rel=\"noopener\"><span class='avia_hidden_link_text'>Compartir en Twitter<\/span><\/a><\/li><li class='av-share-link av-social-link-whatsapp' ><a target=\"_blank\" aria-label=\"Compartir en Whatsapp\" href='https:\/\/api.whatsapp.com\/send?text=https:\/\/radiorevelacionfm.cl\/?p=54193' aria-hidden='false' data-av_icon='\uf232' data-av_iconfont='entypo-fontello' title='' data-avia-related-tooltip='Compartir en Whatsapp' rel=\"noopener\"><span class='avia_hidden_link_text'>Compartir en Whatsapp<\/span><\/a><\/li><li class='av-share-link av-social-link-linkedin' ><a target=\"_blank\" aria-label=\"Compartir en LinkedIn\" href='https:\/\/linkedin.com\/shareArticle?mini=true&#038;title=Anuncian%20convenio%20para%20impulsar%20sistema%20de%20transporte%20regional&#038;url=https:\/\/radiorevelacionfm.cl\/?p=54193' aria-hidden='false' data-av_icon='\ue8fc' data-av_iconfont='entypo-fontello' title='' data-avia-related-tooltip='Compartir en LinkedIn' rel=\"noopener\"><span class='avia_hidden_link_text'>Compartir en LinkedIn<\/span><\/a><\/li><li class='av-share-link av-social-link-mail' ><a  aria-label=\"Compartir por correo\" href='mailto:?subject=Anuncian%20convenio%20para%20impulsar%20sistema%20de%20transporte%20regional&#038;body=https:\/\/radiorevelacionfm.cl\/?p=54193' aria-hidden='false' data-av_icon='\ue805' data-av_iconfont='entypo-fontello' title='' data-avia-related-tooltip='Compartir por correo'><span class='avia_hidden_link_text'>Compartir por correo<\/span><\/a><\/li><\/ul><\/div><\/div>\n<div  style='height:50px' class='hr hr-invisible   avia-builder-el-8  el_after_av_social_share  el_before_av_comments_list '><span class='hr-inner ' ><span class='hr-inner-style'><\/span><\/span><\/div>\n<div  class='av-buildercomment  av-blog-meta-html-info-disabled av-blog-meta-tag-disabled  '><\/div>\n","protected":false},"excerpt":{"rendered":"","protected":false},"author":1,"featured_media":54194,"comment_status":"closed","ping_status":"closed","sticky":false,"template":"","format":"standard","meta":{"footnotes":""},"categories":[38],"tags":[],"class_list":["post-54193","post","type-post","status-publish","format-standard","has-post-thumbnail","hentry","category-regional"],"jetpack_featured_media_url":"https:\/\/radiorevelacionfm.cl\/wp-content\/uploads\/2025\/05\/DSC01618-1-1-1.jpg","_links":{"self":[{"href":"https:\/\/radiorevelacionfm.cl\/index.php?rest_route=\/wp\/v2\/posts\/54193","targetHints":{"allow":["GET"]}}],"collection":[{"href":"https:\/\/radiorevelacionfm.cl\/index.php?rest_route=\/wp\/v2\/posts"}],"about":[{"href":"https:\/\/radiorevelacionfm.cl\/index.php?rest_route=\/wp\/v2\/types\/post"}],"author":[{"embeddable":true,"href":"https:\/\/radiorevelacionfm.cl\/index.php?rest_route=\/wp\/v2\/users\/1"}],"replies":[{"embeddable":true,"href":"https:\/\/radiorevelacionfm.cl\/index.php?rest_route=%2Fwp%2Fv2%2Fcomments&post=54193"}],"version-history":[{"count":2,"href":"https:\/\/radiorevelacionfm.cl\/index.php?rest_route=\/wp\/v2\/posts\/54193\/revisions"}],"predecessor-version":[{"id":54228,"href":"https:\/\/radiorevelacionfm.cl\/index.php?rest_route=\/wp\/v2\/posts\/54193\/revisions\/54228"}],"wp:featuredmedia":[{"embeddable":true,"href":"https:\/\/radiorevelacionfm.cl\/index.php?rest_route=\/wp\/v2\/media\/54194"}],"wp:attachment":[{"href":"https:\/\/radiorevelacionfm.cl\/index.php?rest_route=%2Fwp%2Fv2%2Fmedia&parent=54193"}],"wp:term":[{"taxonomy":"category","embeddable":true,"href":"https:\/\/radiorevelacionfm.cl\/index.php?rest_route=%2Fwp%2Fv2%2Fcategories&post=54193"},{"taxonomy":"post_tag","embeddable":true,"href":"https:\/\/radiorevelacionfm.cl\/index.php?rest_route=%2Fwp%2Fv2%2Ftags&post=54193"}],"curies":[{"name":"wp","href":"https:\/\/api.w.org\/{rel}","templated":true}]}}