{"id":54186,"date":"2025-05-20T19:20:21","date_gmt":"2025-05-20T22:20:21","guid":{"rendered":"https:\/\/radiorevelacionfm.cl\/?p=54186"},"modified":"2025-05-20T19:20:21","modified_gmt":"2025-05-20T22:20:21","slug":"senama-aysen-invita-a-personas-mayores-a-participar-de-concurso-literario-con-historias-autobiograficas","status":"publish","type":"post","link":"https:\/\/radiorevelacionfm.cl\/?p=54186","title":{"rendered":"Senama Ays\u00e9n invita a personas mayores a participar de concurso literario con historias autobiogr\u00e1ficas"},"content":{"rendered":"<div class=\"flex_column av_one_full  flex_column_div av-zero-column-padding first  avia-builder-el-0  el_before_av_one_full  avia-builder-el-first  \" style='border-radius:0px; '><div  class='avia-image-container  av-styling-    avia-builder-el-1  avia-builder-el-no-sibling  avia-align-center '  itemprop=\"image\" itemscope=\"itemscope\" itemtype=\"https:\/\/schema.org\/ImageObject\"  ><div class='avia-image-container-inner'><div class='avia-image-overlay-wrap'><img decoding=\"async\" class='wp-image-54187 avia-img-lazy-loading-not-54187 avia_image' src=\"https:\/\/radiorevelacionfm.cl\/wp-content\/uploads\/2025\/05\/concurso-senama-2025-1_optimized.jpeg\" alt='' title='concurso-senama-2025-(1)_optimized' height=\"600\" width=\"896\"  itemprop=\"thumbnailUrl\" srcset=\"https:\/\/radiorevelacionfm.cl\/wp-content\/uploads\/2025\/05\/concurso-senama-2025-1_optimized.jpeg 896w, https:\/\/radiorevelacionfm.cl\/wp-content\/uploads\/2025\/05\/concurso-senama-2025-1_optimized-300x201.jpeg 300w, https:\/\/radiorevelacionfm.cl\/wp-content\/uploads\/2025\/05\/concurso-senama-2025-1_optimized-768x514.jpeg 768w, https:\/\/radiorevelacionfm.cl\/wp-content\/uploads\/2025\/05\/concurso-senama-2025-1_optimized-705x472.jpeg 705w, https:\/\/radiorevelacionfm.cl\/wp-content\/uploads\/2025\/05\/concurso-senama-2025-1_optimized-450x301.jpeg 450w, https:\/\/radiorevelacionfm.cl\/wp-content\/uploads\/2025\/05\/concurso-senama-2025-1_optimized-600x402.jpeg 600w\" sizes=\"(max-width: 896px) 100vw, 896px\" \/><\/div><\/div><\/div><\/div><div class=\"flex_column av_one_full  flex_column_div av-zero-column-padding first  avia-builder-el-2  el_after_av_one_full  el_before_av_one_full  column-top-margin\" style='border-radius:0px; '><section class=\"av_textblock_section \"  itemscope=\"itemscope\" itemtype=\"https:\/\/schema.org\/BlogPosting\" itemprop=\"blogPost\" ><div class='avia_textblock  '   itemprop=\"text\" ><p style=\"text-align: center;\"><strong><span style=\"font-size: 18pt;\">Senama Ays\u00e9n invita a personas mayores a participar de concurso literario con historias autobiogr\u00e1ficas<\/span><\/strong><\/p>\n<div id=\"gtx-trans\" style=\"position: absolute; left: -50px; top: 4.31534px;\">\n<div class=\"gtx-trans-icon\"><\/div>\n<\/div>\n<\/div><\/section><\/div><div class=\"flex_column av_one_full  flex_column_div av-zero-column-padding first  avia-builder-el-4  el_after_av_one_full  el_before_av_hr  column-top-margin\" style='border-radius:0px; '><section class=\"av_textblock_section \"  itemscope=\"itemscope\" itemtype=\"https:\/\/schema.org\/BlogPosting\" itemprop=\"blogPost\" ><div class='avia_textblock  '   itemprop=\"text\" ><p style=\"text-align: justify;\">El Servicio Nacional del Adulto Mayor (SENAMA), realiz\u00f3 el lanzamiento de la und\u00e9cima\u00a0versi\u00f3n del Concurso Literario Autobiogr\u00e1fico de Personas Mayores, que en esta oportunidad destaca los 80 a\u00f1os del Premio Nobel de Literatura de Gabriela Mistral.<\/p>\n<p style=\"text-align: justify;\">A trav\u00e9s de esta iniciativa, que se enmarca en el Plan Nacional de la Lectura y el Programa Envejecimiento Activo de SENAMA, se abre un espacio para que las personas mayores puedan recordar y compartir sus historias de vida y experiencias significativas con la comunidad, dejando un importante legado para las otras generaciones.<\/p>\n<p style=\"text-align: justify;\">Es as\u00ed como este concurso se ha consolidado como una instancia de promoci\u00f3n de la participaci\u00f3n social, rescatando sus m\u00faltiples vivencias, contribuyendo al traspaso de elementos culturales y fomentando las relaciones intergeneracionales. \u00a0Al respecto la Seremi de Desarrollo Social y Familia Karina Acevedo reforz\u00f3 \u00abHemos dado lanzamiento al concurso literario autobiogr\u00e1fico dirigido a personas mayores, as\u00ed que les invitamos que puedan plasmar sus historias y queremos relevar este a\u00f1o en particular a Gabriela Mistral con la conmemoraci\u00f3n de \u00a080 a\u00f1os de recibir el premio Nobel de Literatura, por lo que valoramos la presencia del Seremi de Culturas Ays\u00e9n Felipe Quiroz en este lanzamiento y esperamos que la gente participe, porque hay mucho que contar sin duda, as\u00ed que contamos con la participaci\u00f3n de todos hasta el 25 de julio\u00bb.<\/p>\n<p style=\"text-align: justify;\">En tanto destac\u00f3 la Coordinadora regional de Senama Claudia Andaur la alianza de la Biblioteca Regional para fomentar la lectoescritura \u00abLa idea es poder recoger estas experiencias de vida que tienen las personas mayores y poder transmitirlas a las generaciones m\u00e1s j\u00f3venes con su relato que puede ser en prosa o verso y en un m\u00e1ximo de 8 hojas, si no tienen experiencia estamos desarrollando una iniciativa en conjunto con la Biblioteca Regional de Coyhaique es un taller de lectoescritura que ser\u00e1 todos los lunes a las 10 de la ma\u00f1ana, as\u00ed que los llamamos a motivarse y participar de este concurso\u00bb.<\/p>\n<p style=\"text-align: justify;\">El a\u00f1o pasado se presentaron 11 relatos en la regi\u00f3n de Ays\u00e9n. La ganadora regional fue la Sra. Julia Oyarzun Gajardo, con la obra \u00abCoraz\u00f3n Resiliente\u00bb. El postulante regional a ganador hist\u00f3rico fue Juan Carlos Bahamonde quien invit\u00f3 a la comunidad a participar \u00abyo voy a participar nuevamente, ya tengo mi cuento que es sobre an\u00e9cdotas con el padre Antonio Ronchi y es muy importante que todas las personas que tienen una historia se atrevan a contarla y si no vengan a la biblioteca donde nos podr\u00e1n apoyar\u00bb.<\/p>\n<p style=\"text-align: justify;\">Los relatos se recibir\u00e1n hasta el 25 de julio a trav\u00e9s del correo concursoliterario@senama.gob.cl o entregadas en f\u00edsico en la oficina regional de SENAMA (calle 12 de octubre #163, Coyhaique). Las bases del concurso se encuentran disponibles en la p\u00e1gina web\u00a0<a href=\"http:\/\/www.senama.gob.cl\/\">www.senama.gob.cl<\/a>\u00a0, Los resultados del concurso ser\u00e1n informados en la p\u00e1gina web de Senama\u00a0<a href=\"http:\/\/www.senama.gob.cl\/\">www.senama.gob.cl<\/a>, el viernes 29 de agosto.<\/p>\n<\/div><\/section><\/div><div  style='height:50px' class='hr hr-invisible   avia-builder-el-6  el_after_av_one_full  el_before_av_social_share '><span class='hr-inner ' ><span class='hr-inner-style'><\/span><\/span><\/div><\/p>\n<div  class='av-social-sharing-box  avia-builder-el-7  el_after_av_hr  el_before_av_hr  '><div class='av-share-box'><h5 class='av-share-link-description av-no-toc '>Compartir esta noticia<\/h5><ul class='av-share-box-list noLightbox'><li class='av-share-link av-social-link-facebook' ><a target=\"_blank\" aria-label=\"Compartir en Facebook\" href='https:\/\/www.facebook.com\/sharer.php?u=https:\/\/radiorevelacionfm.cl\/?p=54186&#038;t=Senama%20Ays%C3%A9n%20invita%20a%20personas%20mayores%20a%20participar%20de%20concurso%20literario%20con%20historias%20autobiogr%C3%A1ficas' aria-hidden='false' data-av_icon='\ue8f3' data-av_iconfont='entypo-fontello' title='' data-avia-related-tooltip='Compartir en Facebook' rel=\"noopener\"><span class='avia_hidden_link_text'>Compartir en Facebook<\/span><\/a><\/li><li class='av-share-link av-social-link-twitter' ><a target=\"_blank\" aria-label=\"Compartir en Twitter\" href='https:\/\/twitter.com\/share?text=Senama%20Ays%C3%A9n%20invita%20a%20personas%20mayores%20a%20participar%20de%20concurso%20literario%20con%20historias%20autobiogr%C3%A1ficas&#038;url=https:\/\/radiorevelacionfm.cl\/?p=54186' aria-hidden='false' data-av_icon='\ue8f1' data-av_iconfont='entypo-fontello' title='' data-avia-related-tooltip='Compartir en Twitter' rel=\"noopener\"><span class='avia_hidden_link_text'>Compartir en Twitter<\/span><\/a><\/li><li class='av-share-link av-social-link-whatsapp' ><a target=\"_blank\" aria-label=\"Compartir en Whatsapp\" href='https:\/\/api.whatsapp.com\/send?text=https:\/\/radiorevelacionfm.cl\/?p=54186' aria-hidden='false' data-av_icon='\uf232' data-av_iconfont='entypo-fontello' title='' data-avia-related-tooltip='Compartir en Whatsapp' rel=\"noopener\"><span class='avia_hidden_link_text'>Compartir en Whatsapp<\/span><\/a><\/li><li class='av-share-link av-social-link-linkedin' ><a target=\"_blank\" aria-label=\"Compartir en LinkedIn\" href='https:\/\/linkedin.com\/shareArticle?mini=true&#038;title=Senama%20Ays%C3%A9n%20invita%20a%20personas%20mayores%20a%20participar%20de%20concurso%20literario%20con%20historias%20autobiogr%C3%A1ficas&#038;url=https:\/\/radiorevelacionfm.cl\/?p=54186' aria-hidden='false' data-av_icon='\ue8fc' data-av_iconfont='entypo-fontello' title='' data-avia-related-tooltip='Compartir en LinkedIn' rel=\"noopener\"><span class='avia_hidden_link_text'>Compartir en LinkedIn<\/span><\/a><\/li><li class='av-share-link av-social-link-mail' ><a  aria-label=\"Compartir por correo\" href='mailto:?subject=Senama%20Ays%C3%A9n%20invita%20a%20personas%20mayores%20a%20participar%20de%20concurso%20literario%20con%20historias%20autobiogr%C3%A1ficas&#038;body=https:\/\/radiorevelacionfm.cl\/?p=54186' aria-hidden='false' data-av_icon='\ue805' data-av_iconfont='entypo-fontello' title='' data-avia-related-tooltip='Compartir por correo'><span class='avia_hidden_link_text'>Compartir por correo<\/span><\/a><\/li><\/ul><\/div><\/div>\n<div  style='height:50px' class='hr hr-invisible   avia-builder-el-8  el_after_av_social_share  el_before_av_comments_list '><span class='hr-inner ' ><span class='hr-inner-style'><\/span><\/span><\/div>\n<div  class='av-buildercomment  av-blog-meta-html-info-disabled av-blog-meta-tag-disabled  '><\/div>\n","protected":false},"excerpt":{"rendered":"","protected":false},"author":1,"featured_media":54187,"comment_status":"closed","ping_status":"closed","sticky":false,"template":"","format":"standard","meta":{"footnotes":""},"categories":[38],"tags":[],"class_list":["post-54186","post","type-post","status-publish","format-standard","has-post-thumbnail","hentry","category-regional"],"jetpack_featured_media_url":"https:\/\/radiorevelacionfm.cl\/wp-content\/uploads\/2025\/05\/concurso-senama-2025-1_optimized.jpeg","_links":{"self":[{"href":"https:\/\/radiorevelacionfm.cl\/index.php?rest_route=\/wp\/v2\/posts\/54186","targetHints":{"allow":["GET"]}}],"collection":[{"href":"https:\/\/radiorevelacionfm.cl\/index.php?rest_route=\/wp\/v2\/posts"}],"about":[{"href":"https:\/\/radiorevelacionfm.cl\/index.php?rest_route=\/wp\/v2\/types\/post"}],"author":[{"embeddable":true,"href":"https:\/\/radiorevelacionfm.cl\/index.php?rest_route=\/wp\/v2\/users\/1"}],"replies":[{"embeddable":true,"href":"https:\/\/radiorevelacionfm.cl\/index.php?rest_route=%2Fwp%2Fv2%2Fcomments&post=54186"}],"version-history":[{"count":2,"href":"https:\/\/radiorevelacionfm.cl\/index.php?rest_route=\/wp\/v2\/posts\/54186\/revisions"}],"predecessor-version":[{"id":54213,"href":"https:\/\/radiorevelacionfm.cl\/index.php?rest_route=\/wp\/v2\/posts\/54186\/revisions\/54213"}],"wp:featuredmedia":[{"embeddable":true,"href":"https:\/\/radiorevelacionfm.cl\/index.php?rest_route=\/wp\/v2\/media\/54187"}],"wp:attachment":[{"href":"https:\/\/radiorevelacionfm.cl\/index.php?rest_route=%2Fwp%2Fv2%2Fmedia&parent=54186"}],"wp:term":[{"taxonomy":"category","embeddable":true,"href":"https:\/\/radiorevelacionfm.cl\/index.php?rest_route=%2Fwp%2Fv2%2Fcategories&post=54186"},{"taxonomy":"post_tag","embeddable":true,"href":"https:\/\/radiorevelacionfm.cl\/index.php?rest_route=%2Fwp%2Fv2%2Ftags&post=54186"}],"curies":[{"name":"wp","href":"https:\/\/api.w.org\/{rel}","templated":true}]}}