{"id":54183,"date":"2025-05-20T17:12:55","date_gmt":"2025-05-20T20:12:55","guid":{"rendered":"https:\/\/radiorevelacionfm.cl\/?p=54183"},"modified":"2025-05-20T17:12:55","modified_gmt":"2025-05-20T20:12:55","slug":"en-el-dia-mundial-de-las-abejas-sag-presenta-guia-sobre-bienestar-animal-en-la-apicultura","status":"publish","type":"post","link":"https:\/\/radiorevelacionfm.cl\/?p=54183","title":{"rendered":"En el D\u00eda Mundial de las Abejas, SAG presenta gu\u00eda sobre bienestar animal en la apicultura"},"content":{"rendered":"<div class=\"flex_column av_one_full  flex_column_div av-zero-column-padding first  avia-builder-el-0  el_before_av_one_full  avia-builder-el-first  \" style='border-radius:0px; '><div  class='avia-image-container  av-styling-    avia-builder-el-1  avia-builder-el-no-sibling  avia-align-center '  itemprop=\"image\" itemscope=\"itemscope\" itemtype=\"https:\/\/schema.org\/ImageObject\"  ><div class='avia-image-container-inner'><div class='avia-image-overlay-wrap'><img decoding=\"async\" class='wp-image-54184 avia-img-lazy-loading-not-54184 avia_image' src=\"https:\/\/radiorevelacionfm.cl\/wp-content\/uploads\/2025\/05\/20220323_114632-1-1_optimized.jpg\" alt='' title='20220323_114632-(1)-(1)_optimized' height=\"600\" width=\"800\"  itemprop=\"thumbnailUrl\" srcset=\"https:\/\/radiorevelacionfm.cl\/wp-content\/uploads\/2025\/05\/20220323_114632-1-1_optimized.jpg 800w, https:\/\/radiorevelacionfm.cl\/wp-content\/uploads\/2025\/05\/20220323_114632-1-1_optimized-300x225.jpg 300w, https:\/\/radiorevelacionfm.cl\/wp-content\/uploads\/2025\/05\/20220323_114632-1-1_optimized-768x576.jpg 768w, https:\/\/radiorevelacionfm.cl\/wp-content\/uploads\/2025\/05\/20220323_114632-1-1_optimized-705x529.jpg 705w, https:\/\/radiorevelacionfm.cl\/wp-content\/uploads\/2025\/05\/20220323_114632-1-1_optimized-450x338.jpg 450w, https:\/\/radiorevelacionfm.cl\/wp-content\/uploads\/2025\/05\/20220323_114632-1-1_optimized-600x450.jpg 600w\" sizes=\"(max-width: 800px) 100vw, 800px\" \/><\/div><\/div><\/div><\/div><div class=\"flex_column av_one_full  flex_column_div av-zero-column-padding first  avia-builder-el-2  el_after_av_one_full  el_before_av_one_full  column-top-margin\" style='border-radius:0px; '><section class=\"av_textblock_section \"  itemscope=\"itemscope\" itemtype=\"https:\/\/schema.org\/BlogPosting\" itemprop=\"blogPost\" ><div class='avia_textblock  '   itemprop=\"text\" ><p style=\"text-align: center;\"><span style=\"font-size: 18pt;\"><b>En el D\u00eda Mundial de las Abejas, SAG presenta gu\u00eda sobre bienestar animal en la apicultura<\/b><\/span><\/p>\n<div id=\"gtx-trans\" style=\"position: absolute; left: -50px; top: 4.31534px;\">\n<div class=\"gtx-trans-icon\"><\/div>\n<\/div>\n<\/div><\/section><\/div><div class=\"flex_column av_one_full  flex_column_div av-zero-column-padding first  avia-builder-el-4  el_after_av_one_full  el_before_av_hr  column-top-margin\" style='border-radius:0px; '><section class=\"av_textblock_section \"  itemscope=\"itemscope\" itemtype=\"https:\/\/schema.org\/BlogPosting\" itemprop=\"blogPost\" ><div class='avia_textblock  '   itemprop=\"text\" ><div style=\"text-align: justify;\"><i>La iniciativa, pionera en Latinoam\u00e9rica, orienta sobre el bienestar de las abejas, protegiendo a estos polinizadores claves para la seguridad alimentaria, la biodiversidad y el equilibrio de los ecosistemas.<\/i><\/div>\n<div style=\"text-align: justify;\"><i>\u00a0<\/i><\/div>\n<div style=\"text-align: justify;\">En el D\u00eda Mundial de las Abejas, el Servicio Agr\u00edcola y Ganadero, SAG, presenta la \u201cGu\u00eda de Buenas Pr\u00e1cticas sobre Bienestar Animal en Sistemas de Producci\u00f3n Ap\u00edcola\u201d, una iniciativa pionera en Latinoam\u00e9rica que entrega orientaciones para promover y mantener el bienestar de las abejas en todas las etapas productivas, y que fue elaborado por profesionales de la Divisi\u00f3n de Protecci\u00f3n Pecuaria del SAG en conjunto con la Federaci\u00f3n Red Ap\u00edcola Nacional. El objetivo de este documento es proteger a estos importantes polinizadores, cuya labor es clave para la seguridad alimentaria, la conservaci\u00f3n de la biodiversidad y el equilibrio de los ecosistemas.<\/div>\n<div style=\"text-align: justify;\"><\/div>\n<div style=\"text-align: justify;\">El director nacional (s) del SAG, Rodrigo Sotomayor, expres\u00f3 su satisfacci\u00f3n por este avance, \u201choy damos un paso m\u00e1s, y de gran relevancia, en la protecci\u00f3n de las abejas, polinizadores fundamentales para el desarrollo agr\u00edcola y el equilibrio de nuestros ecosistemas. Con esta gu\u00eda buscamos resguardar su bienestar, lo cual se suma a otras acciones impulsadas por el Ministerio de Agricultura, como la Ley Ap\u00edcola promulgada en octubre de 2022, reafirmando nuestro compromiso con el desarrollo de una apicultura productiva y sustentable\u201d.<\/div>\n<div style=\"text-align: justify;\"><\/div>\n<div style=\"text-align: justify;\">La gu\u00eda est\u00e1 dirigida a productores y productoras ap\u00edcolas, responsables de tomar decisiones claves para el bienestar de las abejas, considerando su alimentaci\u00f3n, los manejos productivos y sanitarios, as\u00ed como el emplazamiento y transporte de las colmenas. Todas estas acciones son fundamentales para un manejo adecuado de estos polinizadores, lo que permite avanzar hacia una producci\u00f3n m\u00e1s sustentable en el rubro ap\u00edcola.<\/div>\n<div style=\"text-align: justify;\"><\/div>\n<div style=\"text-align: justify;\"><b>La importancia de las colmenas<\/b><\/div>\n<div style=\"text-align: justify;\"><b>\u00a0<\/b><\/div>\n<div style=\"text-align: justify;\">El documento t\u00e9cnico, que se encuentra disponible en el sitio web del SAG para su descarga en forma gratuita, otorga especial relevancia al cuidado de la colmena, ya que es un elemento clave para comprender la aplicaci\u00f3n del concepto de \u201cbienestar animal\u201d en las abejas (<i>Apis mellifera<\/i>). La colmena funciona como un organismo vivo, es decir, una unidad biol\u00f3gica funcional que puede entenderse como un animal: un sistema altamente organizado, capaz de alimentarse, reproducirse, desarrollarse, defenderse, adaptarse, procesar informaci\u00f3n y comunicarse con su entorno de forma social y coordinada.<\/div>\n<div style=\"text-align: justify;\"><\/div>\n<div style=\"text-align: justify;\">Esta interacci\u00f3n es din\u00e1mica y depende de las experiencias previas, las circunstancias actuales y futuras que los individuos que conforman la colmena adquieren como organismo. Cuando se rompe el equilibrio de la colmena con su entorno, se deteriora su salud y repercute en su reproducci\u00f3n y productividad.<\/div>\n<div style=\"text-align: justify;\"><\/div>\n<div style=\"text-align: justify;\">Las pr\u00e1cticas de la apicultura han cambiado a lo largo de los a\u00f1os, las decisiones de manejo, la atenci\u00f3n a las necesidades nutricionales y de salud, siguen siendo requisitos importantes a los que debe enfrentarse cada apicultor\/a con sus colmenas, optando por aspectos vinculados con el bienestar animal. Con ello tambi\u00e9n existen aspectos generales que conciernen al bienestar de la colmena durante el movimiento o transporte de \u00e9stas. En consecuencia, el bienestar de las abejas constituye un desaf\u00edo sanitario y productivo que requiere de la atenci\u00f3n del rubro ap\u00edcola, por ello el SAG realiza este aporte poniendo a disposici\u00f3n de todo p\u00fablico esta \u201cGu\u00eda de Buenas Pr\u00e1cticas sobre Bienestar Animal en Sistemas de Producci\u00f3n Ap\u00edcola\u201d en\u00a0<u><a id=\"m_-5533312335099806145OWA51636cc3-490b-83f8-df2d-2a849207a6a8\" href=\"http:\/\/www.sag.cl\/\" target=\"_blank\" rel=\"noopener\" data-saferedirecturl=\"https:\/\/www.google.com\/url?q=http:\/\/www.sag.cl\/&amp;source=gmail&amp;ust=1747852264842000&amp;usg=AOvVaw2NpBDlBE0pGGYZpBLurlHG\">www.sag.cl<\/a><\/u>.<\/div>\n<div style=\"text-align: justify;\"><\/div>\n<\/div><\/section><\/div><div  style='height:50px' class='hr hr-invisible   avia-builder-el-6  el_after_av_one_full  el_before_av_social_share '><span class='hr-inner ' ><span class='hr-inner-style'><\/span><\/span><\/div><\/p>\n<div  class='av-social-sharing-box  avia-builder-el-7  el_after_av_hr  el_before_av_hr  '><div class='av-share-box'><h5 class='av-share-link-description av-no-toc '>Compartir esta noticia<\/h5><ul class='av-share-box-list noLightbox'><li class='av-share-link av-social-link-facebook' ><a target=\"_blank\" aria-label=\"Compartir en Facebook\" href='https:\/\/www.facebook.com\/sharer.php?u=https:\/\/radiorevelacionfm.cl\/?p=54183&#038;t=En%20el%20D%C3%ADa%20Mundial%20de%20las%20Abejas%2C%20SAG%20presenta%20gu%C3%ADa%20sobre%20bienestar%20animal%20en%20la%20apicultura' aria-hidden='false' data-av_icon='\ue8f3' data-av_iconfont='entypo-fontello' title='' data-avia-related-tooltip='Compartir en Facebook' rel=\"noopener\"><span class='avia_hidden_link_text'>Compartir en Facebook<\/span><\/a><\/li><li class='av-share-link av-social-link-twitter' ><a target=\"_blank\" aria-label=\"Compartir en Twitter\" href='https:\/\/twitter.com\/share?text=En%20el%20D%C3%ADa%20Mundial%20de%20las%20Abejas%2C%20SAG%20presenta%20gu%C3%ADa%20sobre%20bienestar%20animal%20en%20la%20apicultura&#038;url=https:\/\/radiorevelacionfm.cl\/?p=54183' aria-hidden='false' data-av_icon='\ue8f1' data-av_iconfont='entypo-fontello' title='' data-avia-related-tooltip='Compartir en Twitter' rel=\"noopener\"><span class='avia_hidden_link_text'>Compartir en Twitter<\/span><\/a><\/li><li class='av-share-link av-social-link-whatsapp' ><a target=\"_blank\" aria-label=\"Compartir en Whatsapp\" href='https:\/\/api.whatsapp.com\/send?text=https:\/\/radiorevelacionfm.cl\/?p=54183' aria-hidden='false' data-av_icon='\uf232' data-av_iconfont='entypo-fontello' title='' data-avia-related-tooltip='Compartir en Whatsapp' rel=\"noopener\"><span class='avia_hidden_link_text'>Compartir en Whatsapp<\/span><\/a><\/li><li class='av-share-link av-social-link-linkedin' ><a target=\"_blank\" aria-label=\"Compartir en LinkedIn\" href='https:\/\/linkedin.com\/shareArticle?mini=true&#038;title=En%20el%20D%C3%ADa%20Mundial%20de%20las%20Abejas%2C%20SAG%20presenta%20gu%C3%ADa%20sobre%20bienestar%20animal%20en%20la%20apicultura&#038;url=https:\/\/radiorevelacionfm.cl\/?p=54183' aria-hidden='false' data-av_icon='\ue8fc' data-av_iconfont='entypo-fontello' title='' data-avia-related-tooltip='Compartir en LinkedIn' rel=\"noopener\"><span class='avia_hidden_link_text'>Compartir en LinkedIn<\/span><\/a><\/li><li class='av-share-link av-social-link-mail' ><a  aria-label=\"Compartir por correo\" href='mailto:?subject=En%20el%20D%C3%ADa%20Mundial%20de%20las%20Abejas%2C%20SAG%20presenta%20gu%C3%ADa%20sobre%20bienestar%20animal%20en%20la%20apicultura&#038;body=https:\/\/radiorevelacionfm.cl\/?p=54183' aria-hidden='false' data-av_icon='\ue805' data-av_iconfont='entypo-fontello' title='' data-avia-related-tooltip='Compartir por correo'><span class='avia_hidden_link_text'>Compartir por correo<\/span><\/a><\/li><\/ul><\/div><\/div>\n<div  style='height:50px' class='hr hr-invisible   avia-builder-el-8  el_after_av_social_share  el_before_av_comments_list '><span class='hr-inner ' ><span class='hr-inner-style'><\/span><\/span><\/div>\n<div  class='av-buildercomment  av-blog-meta-html-info-disabled av-blog-meta-tag-disabled  '><\/div>\n","protected":false},"excerpt":{"rendered":"","protected":false},"author":1,"featured_media":54184,"comment_status":"closed","ping_status":"closed","sticky":false,"template":"","format":"standard","meta":{"footnotes":""},"categories":[38],"tags":[],"class_list":["post-54183","post","type-post","status-publish","format-standard","has-post-thumbnail","hentry","category-regional"],"jetpack_featured_media_url":"https:\/\/radiorevelacionfm.cl\/wp-content\/uploads\/2025\/05\/20220323_114632-1-1_optimized.jpg","_links":{"self":[{"href":"https:\/\/radiorevelacionfm.cl\/index.php?rest_route=\/wp\/v2\/posts\/54183","targetHints":{"allow":["GET"]}}],"collection":[{"href":"https:\/\/radiorevelacionfm.cl\/index.php?rest_route=\/wp\/v2\/posts"}],"about":[{"href":"https:\/\/radiorevelacionfm.cl\/index.php?rest_route=\/wp\/v2\/types\/post"}],"author":[{"embeddable":true,"href":"https:\/\/radiorevelacionfm.cl\/index.php?rest_route=\/wp\/v2\/users\/1"}],"replies":[{"embeddable":true,"href":"https:\/\/radiorevelacionfm.cl\/index.php?rest_route=%2Fwp%2Fv2%2Fcomments&post=54183"}],"version-history":[{"count":2,"href":"https:\/\/radiorevelacionfm.cl\/index.php?rest_route=\/wp\/v2\/posts\/54183\/revisions"}],"predecessor-version":[{"id":54196,"href":"https:\/\/radiorevelacionfm.cl\/index.php?rest_route=\/wp\/v2\/posts\/54183\/revisions\/54196"}],"wp:featuredmedia":[{"embeddable":true,"href":"https:\/\/radiorevelacionfm.cl\/index.php?rest_route=\/wp\/v2\/media\/54184"}],"wp:attachment":[{"href":"https:\/\/radiorevelacionfm.cl\/index.php?rest_route=%2Fwp%2Fv2%2Fmedia&parent=54183"}],"wp:term":[{"taxonomy":"category","embeddable":true,"href":"https:\/\/radiorevelacionfm.cl\/index.php?rest_route=%2Fwp%2Fv2%2Fcategories&post=54183"},{"taxonomy":"post_tag","embeddable":true,"href":"https:\/\/radiorevelacionfm.cl\/index.php?rest_route=%2Fwp%2Fv2%2Ftags&post=54183"}],"curies":[{"name":"wp","href":"https:\/\/api.w.org\/{rel}","templated":true}]}}