{"id":54167,"date":"2025-05-20T11:54:15","date_gmt":"2025-05-20T14:54:15","guid":{"rendered":"https:\/\/radiorevelacionfm.cl\/?p=54167"},"modified":"2025-05-20T11:54:15","modified_gmt":"2025-05-20T14:54:15","slug":"sercotec-lanzo-programa-para-cooperativas-en-la-region-de-aysen","status":"publish","type":"post","link":"https:\/\/radiorevelacionfm.cl\/?p=54167","title":{"rendered":"Sercotec lanz\u00f3 programa para Cooperativas en la regi\u00f3n de Ays\u00e9n"},"content":{"rendered":"<div class=\"flex_column av_one_full  flex_column_div av-zero-column-padding first  avia-builder-el-0  el_before_av_one_full  avia-builder-el-first  \" style='border-radius:0px; '><div  class='avia-image-container  av-styling-    avia-builder-el-1  avia-builder-el-no-sibling  avia-align-center '  itemprop=\"image\" itemscope=\"itemscope\" itemtype=\"https:\/\/schema.org\/ImageObject\"  ><div class='avia-image-container-inner'><div class='avia-image-overlay-wrap'><img decoding=\"async\" class='wp-image-54168 avia-img-lazy-loading-not-54168 avia_image' src=\"https:\/\/radiorevelacionfm.cl\/wp-content\/uploads\/2025\/05\/captura-de-pantalla-2025-05-19-a-las-16_optimized_optimized.11.51-1-1.jpg\" alt='' title='captura-de-pantalla-2025-05-19-a-la(s)-16_optimized_optimized.11.51-(1)-(1)' height=\"600\" width=\"1004\"  itemprop=\"thumbnailUrl\" srcset=\"https:\/\/radiorevelacionfm.cl\/wp-content\/uploads\/2025\/05\/captura-de-pantalla-2025-05-19-a-las-16_optimized_optimized.11.51-1-1.jpg 1004w, https:\/\/radiorevelacionfm.cl\/wp-content\/uploads\/2025\/05\/captura-de-pantalla-2025-05-19-a-las-16_optimized_optimized.11.51-1-1-300x179.jpg 300w, https:\/\/radiorevelacionfm.cl\/wp-content\/uploads\/2025\/05\/captura-de-pantalla-2025-05-19-a-las-16_optimized_optimized.11.51-1-1-768x459.jpg 768w, https:\/\/radiorevelacionfm.cl\/wp-content\/uploads\/2025\/05\/captura-de-pantalla-2025-05-19-a-las-16_optimized_optimized.11.51-1-1-705x421.jpg 705w, https:\/\/radiorevelacionfm.cl\/wp-content\/uploads\/2025\/05\/captura-de-pantalla-2025-05-19-a-las-16_optimized_optimized.11.51-1-1-450x269.jpg 450w, https:\/\/radiorevelacionfm.cl\/wp-content\/uploads\/2025\/05\/captura-de-pantalla-2025-05-19-a-las-16_optimized_optimized.11.51-1-1-600x359.jpg 600w\" sizes=\"(max-width: 1004px) 100vw, 1004px\" \/><\/div><\/div><\/div><\/div><div class=\"flex_column av_one_full  flex_column_div av-zero-column-padding first  avia-builder-el-2  el_after_av_one_full  el_before_av_one_full  column-top-margin\" style='border-radius:0px; '><section class=\"av_textblock_section \"  itemscope=\"itemscope\" itemtype=\"https:\/\/schema.org\/BlogPosting\" itemprop=\"blogPost\" ><div class='avia_textblock  '   itemprop=\"text\" ><p style=\"text-align: center;\"><strong><span style=\"font-size: 18pt;\">Sercotec lanz\u00f3 programa para Cooperativas en la regi\u00f3n de Ays\u00e9n<\/span><\/strong><\/p>\n<div id=\"gtx-trans\" style=\"position: absolute; left: -50px; top: 4.31534px;\">\n<div class=\"gtx-trans-icon\"><\/div>\n<\/div>\n<\/div><\/section><\/div><div class=\"flex_column av_one_full  flex_column_div av-zero-column-padding first  avia-builder-el-4  el_after_av_one_full  el_before_av_hr  column-top-margin\" style='border-radius:0px; '><section class=\"av_textblock_section \"  itemscope=\"itemscope\" itemtype=\"https:\/\/schema.org\/BlogPosting\" itemprop=\"blogPost\" ><div class='avia_textblock  '   itemprop=\"text\" ><p style=\"text-align: justify;\"><em>El programa otorga subsidios y acompa\u00f1amiento para la creaci\u00f3n y fortalecimiento de este tipo de organizaciones, financiando proyectos con hasta $20 millones. Anuncio se suma a una serie de actividades para conmemorar el A\u00f1o Internacional de las Cooperativas en el pa\u00eds.<\/em><\/p>\n<p style=\"text-align: justify;\">En el marco de la conmemoraci\u00f3n del A\u00f1o Internacional de las Cooperativas proclamado por la ONU, Sercotec anunci\u00f3 la apertura de un fondo de m\u00e1s de $1.300 millones que busca potenciar el desarrollo de este tipo de organizaciones a nivel nacional. Se trata del Programa Fortalecimiento y Creaci\u00f3n de Cooperativas, que otorgar\u00e1 financiamiento de $20 millones para las cooperativas ya existentes que quieran potenciar su desarrollo, y de $8 millones para los grupos interesados en conformarse como una organizaci\u00f3n de este tipo.<\/p>\n<p style=\"text-align: justify;\">En este contexto, la Directora Regional de Sercotec, junto al Seremi de Econom\u00eda Felipe Rojas y otras autoridades, visitaron la planta de producci\u00f3n de la Cooperativa Koonek, beneficiarias 2024 de este programa, para lanzar la versi\u00f3n 2025. La Directora Regional Nelly Vargas realiz\u00f3 un llamado a postular a este programa de Sercotec: <em>\u201c<\/em><em>invitamos a todas las Cooperativas a postular a nuestro programa que est\u00e1 abierto hasta el 12 de junio. Pueden ingresar en ww.sercotec.cl, donde encontrar\u00e1n las bases del concurso, as\u00ed que invitamos a todas y todos para que postulen y fortalezcan su asociatividad, como as\u00ed tambi\u00e9n a quienes deseen crear una cooperativa\u201d.<\/em><\/p>\n<p style=\"text-align: justify;\">Carolina Jara, de Cooperativa Koonek, relev\u00f3 la importancia de este instrumento de fomento a la asociatividad; <em>\u201cpara nosotras fue fundamental este financiamiento, porque gracias a \u00e9l logramos tener puntos de venta y comenzar a trabajar con nuestros primeros productos como Cooperativa. Comenzamos a comercializar nuestra bebida energ\u00e9tica de calafate y yerba mate. Tambi\u00e9n nuestras gomitas de calafate con col\u00e1geno, as\u00ed que estamos muy contentas como Cooperativa. Agradecer adem\u00e1s, el trabajo desarrollado por Sercotec para que nosotros podamos crecer como Cooperativa\u201d.<\/em><\/p>\n<p style=\"text-align: justify;\">Por su parte el Seremi de Econom\u00eda, Fomento y Turismo; Felipe Rojas puso sobre relieve la importancia del trabajo asociativo llevado adelante por Cooperativa Koonek: <em>\u201cesta Cooperativa es un gran ejemplo de emprendimiento regional cooperativo y asociativo, Koonek destaca por el v\u00ednculo entre los productos agr\u00edcolas, la manufactura y la proyecci\u00f3n de venta a lo largo de toda la regi\u00f3n. Por tanto, invitamos a postular y sobre todo a conocer la experiencia Cooperativa en la Regi\u00f3n de Ays\u00e9n\u201d.<\/em><\/p>\n<p style=\"text-align: justify;\">El programa busca beneficiar a las Cooperativas, las que contar\u00e1n con asistencia t\u00e9cnica por hasta 6 meses para llevar a cabo sus planes de inversi\u00f3n, a trav\u00e9s de las cuales se busca robustecer su capacidad de gesti\u00f3n a partir de una gobernanza, un modelo de negocio y una estrategia comercial sostenibles que mejoren su competitividad.<\/p>\n<p style=\"text-align: justify;\">Al respecto, la gerenta general de Sercotec, Mar\u00eda Jos\u00e9 Becerra Moro, detall\u00f3 que <em>\u201ctras el importante encuentro celebrado recientemente durante dos d\u00edas en la Cepal, en el marco del A\u00f1o Internacional de las Cooperativas, podemos decir que se ha avanzado en una robusta agenda productiva para promover el desarrollo de este modelo asociativo en el pa\u00eds. Las cooperativas representan inclusi\u00f3n, trabajo decente y desarrollo productivo, y desde Sercotec buscamos impulsar su productividad, ampliar sus canales de comercializaci\u00f3n nacionales e internacionales y generar mayores oportunidades de inversi\u00f3n. Por ello hoy, acompa\u00f1ados de todo el ecosistema cooperativista del pa\u00eds el que incluye a representantes del directorio del Instituto Nacional de Asociatividad y Cooperativismo, lanzamos nuestro programa Fortalecimiento y Creaci\u00f3n de Cooperativas, con una inversi\u00f3n de $1.302 millones que apoyar\u00e1 a 27 nuevas cooperativas con subsidios no reembolsables de hasta $8 millones, y fortalecer\u00e1 a 40 cooperativas existentes con hasta $20 millones cada una\u201d.<\/em><\/p>\n<p style=\"text-align: justify;\">Las inversiones que se pueden financiar con el programa incluyen capacitaci\u00f3n, asistencia t\u00e9cnica, marketing, ferias, eventos, compra de activos fijos e intangibles, habilitaci\u00f3n de infraestructura y capital de trabajo, entre otros gastos que tengan directa relaci\u00f3n con los objetivos del proyecto.<\/p>\n<p style=\"text-align: justify;\">Las postulaciones estar\u00e1n disponibles hasta el jueves 12 de junio en el sitio <a href=\"http:\/\/www.sercotec.cl\">www.sercotec.cl<\/a><\/p>\n<\/div><\/section><\/div><div  style='height:50px' class='hr hr-invisible   avia-builder-el-6  el_after_av_one_full  el_before_av_social_share '><span class='hr-inner ' ><span class='hr-inner-style'><\/span><\/span><\/div><\/p>\n<div  class='av-social-sharing-box  avia-builder-el-7  el_after_av_hr  el_before_av_hr  '><div class='av-share-box'><h5 class='av-share-link-description av-no-toc '>Compartir esta noticia<\/h5><ul class='av-share-box-list noLightbox'><li class='av-share-link av-social-link-facebook' ><a target=\"_blank\" aria-label=\"Compartir en Facebook\" href='https:\/\/www.facebook.com\/sharer.php?u=https:\/\/radiorevelacionfm.cl\/?p=54167&#038;t=Sercotec%20lanz%C3%B3%20programa%20para%20Cooperativas%20en%20la%20regi%C3%B3n%20de%20Ays%C3%A9n' aria-hidden='false' data-av_icon='\ue8f3' data-av_iconfont='entypo-fontello' title='' data-avia-related-tooltip='Compartir en Facebook' rel=\"noopener\"><span class='avia_hidden_link_text'>Compartir en Facebook<\/span><\/a><\/li><li class='av-share-link av-social-link-twitter' ><a target=\"_blank\" aria-label=\"Compartir en Twitter\" href='https:\/\/twitter.com\/share?text=Sercotec%20lanz%C3%B3%20programa%20para%20Cooperativas%20en%20la%20regi%C3%B3n%20de%20Ays%C3%A9n&#038;url=https:\/\/radiorevelacionfm.cl\/?p=54167' aria-hidden='false' data-av_icon='\ue8f1' data-av_iconfont='entypo-fontello' title='' data-avia-related-tooltip='Compartir en Twitter' rel=\"noopener\"><span class='avia_hidden_link_text'>Compartir en Twitter<\/span><\/a><\/li><li class='av-share-link av-social-link-whatsapp' ><a target=\"_blank\" aria-label=\"Compartir en Whatsapp\" href='https:\/\/api.whatsapp.com\/send?text=https:\/\/radiorevelacionfm.cl\/?p=54167' aria-hidden='false' data-av_icon='\uf232' data-av_iconfont='entypo-fontello' title='' data-avia-related-tooltip='Compartir en Whatsapp' rel=\"noopener\"><span class='avia_hidden_link_text'>Compartir en Whatsapp<\/span><\/a><\/li><li class='av-share-link av-social-link-linkedin' ><a target=\"_blank\" aria-label=\"Compartir en LinkedIn\" href='https:\/\/linkedin.com\/shareArticle?mini=true&#038;title=Sercotec%20lanz%C3%B3%20programa%20para%20Cooperativas%20en%20la%20regi%C3%B3n%20de%20Ays%C3%A9n&#038;url=https:\/\/radiorevelacionfm.cl\/?p=54167' aria-hidden='false' data-av_icon='\ue8fc' data-av_iconfont='entypo-fontello' title='' data-avia-related-tooltip='Compartir en LinkedIn' rel=\"noopener\"><span class='avia_hidden_link_text'>Compartir en LinkedIn<\/span><\/a><\/li><li class='av-share-link av-social-link-mail' ><a  aria-label=\"Compartir por correo\" href='mailto:?subject=Sercotec%20lanz%C3%B3%20programa%20para%20Cooperativas%20en%20la%20regi%C3%B3n%20de%20Ays%C3%A9n&#038;body=https:\/\/radiorevelacionfm.cl\/?p=54167' aria-hidden='false' data-av_icon='\ue805' data-av_iconfont='entypo-fontello' title='' data-avia-related-tooltip='Compartir por correo'><span class='avia_hidden_link_text'>Compartir por correo<\/span><\/a><\/li><\/ul><\/div><\/div>\n<div  style='height:50px' class='hr hr-invisible   avia-builder-el-8  el_after_av_social_share  el_before_av_comments_list '><span class='hr-inner ' ><span class='hr-inner-style'><\/span><\/span><\/div>\n<div  class='av-buildercomment  av-blog-meta-html-info-disabled av-blog-meta-tag-disabled  '><\/div>\n","protected":false},"excerpt":{"rendered":"","protected":false},"author":1,"featured_media":54168,"comment_status":"closed","ping_status":"closed","sticky":false,"template":"","format":"standard","meta":{"footnotes":""},"categories":[38],"tags":[],"class_list":["post-54167","post","type-post","status-publish","format-standard","has-post-thumbnail","hentry","category-regional"],"jetpack_featured_media_url":"https:\/\/radiorevelacionfm.cl\/wp-content\/uploads\/2025\/05\/captura-de-pantalla-2025-05-19-a-las-16_optimized_optimized.11.51-1-1.jpg","_links":{"self":[{"href":"https:\/\/radiorevelacionfm.cl\/index.php?rest_route=\/wp\/v2\/posts\/54167","targetHints":{"allow":["GET"]}}],"collection":[{"href":"https:\/\/radiorevelacionfm.cl\/index.php?rest_route=\/wp\/v2\/posts"}],"about":[{"href":"https:\/\/radiorevelacionfm.cl\/index.php?rest_route=\/wp\/v2\/types\/post"}],"author":[{"embeddable":true,"href":"https:\/\/radiorevelacionfm.cl\/index.php?rest_route=\/wp\/v2\/users\/1"}],"replies":[{"embeddable":true,"href":"https:\/\/radiorevelacionfm.cl\/index.php?rest_route=%2Fwp%2Fv2%2Fcomments&post=54167"}],"version-history":[{"count":2,"href":"https:\/\/radiorevelacionfm.cl\/index.php?rest_route=\/wp\/v2\/posts\/54167\/revisions"}],"predecessor-version":[{"id":54170,"href":"https:\/\/radiorevelacionfm.cl\/index.php?rest_route=\/wp\/v2\/posts\/54167\/revisions\/54170"}],"wp:featuredmedia":[{"embeddable":true,"href":"https:\/\/radiorevelacionfm.cl\/index.php?rest_route=\/wp\/v2\/media\/54168"}],"wp:attachment":[{"href":"https:\/\/radiorevelacionfm.cl\/index.php?rest_route=%2Fwp%2Fv2%2Fmedia&parent=54167"}],"wp:term":[{"taxonomy":"category","embeddable":true,"href":"https:\/\/radiorevelacionfm.cl\/index.php?rest_route=%2Fwp%2Fv2%2Fcategories&post=54167"},{"taxonomy":"post_tag","embeddable":true,"href":"https:\/\/radiorevelacionfm.cl\/index.php?rest_route=%2Fwp%2Fv2%2Ftags&post=54167"}],"curies":[{"name":"wp","href":"https:\/\/api.w.org\/{rel}","templated":true}]}}