{"id":54163,"date":"2025-05-20T11:05:59","date_gmt":"2025-05-20T14:05:59","guid":{"rendered":"https:\/\/radiorevelacionfm.cl\/?p=54163"},"modified":"2025-05-20T11:05:59","modified_gmt":"2025-05-20T14:05:59","slug":"mop-inaugura-mejoramiento-del-acceso-a-bahia-jara-obras-mejoran-la-conectividad-y-calidad-de-vida-en-chile-chico","status":"publish","type":"post","link":"https:\/\/radiorevelacionfm.cl\/?p=54163","title":{"rendered":"MOP inaugura mejoramiento del acceso a Bah\u00eda Jara: Obras mejoran la conectividad y calidad de vida en Chile Chico"},"content":{"rendered":"<div class=\"flex_column av_one_full  flex_column_div av-zero-column-padding first  avia-builder-el-0  el_before_av_one_full  avia-builder-el-first  \" style='border-radius:0px; '><div  class='avia-image-container  av-styling-    avia-builder-el-1  avia-builder-el-no-sibling  avia-align-center '  itemprop=\"image\" itemscope=\"itemscope\" itemtype=\"https:\/\/schema.org\/ImageObject\"  ><div class='avia-image-container-inner'><div class='avia-image-overlay-wrap'><img decoding=\"async\" class='wp-image-54164 avia-img-lazy-loading-not-54164 avia_image' src=\"https:\/\/radiorevelacionfm.cl\/wp-content\/uploads\/2025\/05\/dji_0205-copia-1_optimized-1_optimized-1.jpg\" alt='' title='dji_0205-copia-(1)_optimized-(1)_optimized (1)' height=\"600\" width=\"1067\"  itemprop=\"thumbnailUrl\" srcset=\"https:\/\/radiorevelacionfm.cl\/wp-content\/uploads\/2025\/05\/dji_0205-copia-1_optimized-1_optimized-1.jpg 1067w, https:\/\/radiorevelacionfm.cl\/wp-content\/uploads\/2025\/05\/dji_0205-copia-1_optimized-1_optimized-1-300x169.jpg 300w, https:\/\/radiorevelacionfm.cl\/wp-content\/uploads\/2025\/05\/dji_0205-copia-1_optimized-1_optimized-1-1030x579.jpg 1030w, https:\/\/radiorevelacionfm.cl\/wp-content\/uploads\/2025\/05\/dji_0205-copia-1_optimized-1_optimized-1-768x432.jpg 768w, https:\/\/radiorevelacionfm.cl\/wp-content\/uploads\/2025\/05\/dji_0205-copia-1_optimized-1_optimized-1-705x396.jpg 705w, https:\/\/radiorevelacionfm.cl\/wp-content\/uploads\/2025\/05\/dji_0205-copia-1_optimized-1_optimized-1-450x253.jpg 450w, https:\/\/radiorevelacionfm.cl\/wp-content\/uploads\/2025\/05\/dji_0205-copia-1_optimized-1_optimized-1-600x337.jpg 600w\" sizes=\"(max-width: 1067px) 100vw, 1067px\" \/><\/div><\/div><\/div><\/div><div class=\"flex_column av_one_full  flex_column_div av-zero-column-padding first  avia-builder-el-2  el_after_av_one_full  el_before_av_one_full  column-top-margin\" style='border-radius:0px; '><section class=\"av_textblock_section \"  itemscope=\"itemscope\" itemtype=\"https:\/\/schema.org\/BlogPosting\" itemprop=\"blogPost\" ><div class='avia_textblock  '   itemprop=\"text\" ><p style=\"text-align: center;\"><strong><span style=\"font-size: 18pt;\">MOP inaugura mejoramiento del acceso a Bah\u00eda Jara: Obras mejoran la conectividad y calidad de vida en Chile Chico<\/span><\/strong><\/p>\n<div id=\"gtx-trans\" style=\"position: absolute; left: -50px; top: 4.31534px;\">\n<div class=\"gtx-trans-icon\"><\/div>\n<\/div>\n<\/div><\/section><\/div><div class=\"flex_column av_one_full  flex_column_div av-zero-column-padding first  avia-builder-el-4  el_after_av_one_full  el_before_av_hr  column-top-margin\" style='border-radius:0px; '><section class=\"av_textblock_section \"  itemscope=\"itemscope\" itemtype=\"https:\/\/schema.org\/BlogPosting\" itemprop=\"blogPost\" ><div class='avia_textblock  '   itemprop=\"text\" ><p style=\"text-align: justify;\">El Ministerio de Obras P\u00fablicas (MOP) inaugur\u00f3 las obras de mejoramiento del camino X-763, que conecta la Ruta Internacional 265 con el sector de Bah\u00eda Jara. La iniciativa consider\u00f3 la intervenci\u00f3n de m\u00e1s de 10 kil\u00f3metros de camino mediante la t\u00e9cnica de suelo-cemento con sello asf\u00e1ltico, mejorando sustancialmente la conectividad, seguridad y condiciones de vida de los vecinos y vecinas del sector.<\/p>\n<p style=\"text-align: justify;\">La Seremi del MOP en Ays\u00e9n, Paloma Jara, destac\u00f3 el valor de estas obras que, aunque de menor escala comparada con proyectos de infraestructura mayor, tienen un impacto directo en la vida cotidiana de las personas.<\/p>\n<p style=\"text-align: justify;\">\u201cEstamos inaugurando el suelo cemento que da conectividad a Bah\u00eda Jara a partir de la Ruta 265, nuestra ruta internacional, hasta pr\u00e1cticamente la playa. Estamos muy felices de poder compartir con vecinos y vecinas este trabajo que el MOP ha hecho para mejorar los accesos en caminos interiores. No siempre hay que poner el foco solo en las grandes obras, tambi\u00e9n estas peque\u00f1as obras cambian vidas, como ya ocurri\u00f3 con el acceso al aer\u00f3dromo o el Callej\u00f3n Vel\u00e1zquez\u201d, asever\u00f3 la representante regional de Obras P\u00fablicas.<\/p>\n<p style=\"text-align: justify;\">Las obras \u2014que representaron una inversi\u00f3n de $1.642 millones\u2014 contemplaron la aplicaci\u00f3n de suelo-cemento, capa de protecci\u00f3n asf\u00e1ltica, obras de saneamiento, drenaje y seguridad vial. La intervenci\u00f3n permiti\u00f3 reducir el polvo en suspensi\u00f3n, mejorar la adherencia vehicular y garantizar una ruta m\u00e1s segura en todas las estaciones del a\u00f1o.<\/p>\n<p style=\"text-align: justify;\">Desde la comunidad, el impacto fue inmediato. Cristina V\u00e1squez Foitzick, vecina del sector, expres\u00f3 emocionada: \u201cEsto es un regalo de Dios. Les agradezco a todas las autoridades que se han preocupado por esto, al Presidente Gabriel Boric, porque lo ven\u00edamos pidiendo hace a\u00f1os. Antes no pod\u00edamos salir por la nieve y la escarcha. Ahora estamos OK con todo esto.\u201d<\/p>\n<p style=\"text-align: justify;\">El Delegado Presidencial Regional, Jorge D\u00edaz Guzm\u00e1n, valor\u00f3 el cumplimiento de los compromisos con la ciudadan\u00eda: \u201cVemos la satisfacci\u00f3n de nuestros vecinos. Esta ruta conecta Chile Chico con Bah\u00eda Jara, que no solo es un balneario, sino tambi\u00e9n un centro productivo, donde viven familias, colonos. Antes ten\u00edan que transitar por una v\u00eda muy dificultosa. Con esta obra, el Presidente Gabriel Boric cumple su compromiso de avanzar en equidad y progreso para todas las localidades de nuestra regi\u00f3n.\u201d<\/p>\n<p style=\"text-align: justify;\">Por su parte, el Director Regional de Vialidad, Renzo Sanders, explic\u00f3 los detalles t\u00e9cnicos de la iniciativa:<\/p>\n<p style=\"text-align: justify;\">\u201cEsta obra es una soluci\u00f3n de pavimento rural con suelo cemento y sello asf\u00e1ltico, con una longitud de 10 kil\u00f3metros. Mezclamos la recarga con el asfalto, la extendimos, sellamos con gravilla y luego aplicamos toda la se\u00f1alizaci\u00f3n y demarcaci\u00f3n correspondiente. Lo que tenemos ahora es un camino de excelente calidad, sin tierra, sin baches, que ha dejado a la comunidad muy contenta.\u201d<\/p>\n<p style=\"text-align: justify;\">Con esta intervenci\u00f3n, el Gobierno contin\u00faa avanzando en infraestructura de calidad para todos los territorios, promoviendo la equidad territorial y fortaleciendo la conectividad de las localidades m\u00e1s apartadas de la Regi\u00f3n de Ays\u00e9n.<\/p>\n<\/div><\/section><\/div><div  style='height:50px' class='hr hr-invisible   avia-builder-el-6  el_after_av_one_full  el_before_av_social_share '><span class='hr-inner ' ><span class='hr-inner-style'><\/span><\/span><\/div><\/p>\n<div  class='av-social-sharing-box  avia-builder-el-7  el_after_av_hr  el_before_av_hr  '><div class='av-share-box'><h5 class='av-share-link-description av-no-toc '>Compartir esta noticia<\/h5><ul class='av-share-box-list noLightbox'><li class='av-share-link av-social-link-facebook' ><a target=\"_blank\" aria-label=\"Compartir en Facebook\" href='https:\/\/www.facebook.com\/sharer.php?u=https:\/\/radiorevelacionfm.cl\/?p=54163&#038;t=MOP%20inaugura%20mejoramiento%20del%20acceso%20a%20Bah%C3%ADa%20Jara%3A%20Obras%20mejoran%20la%20conectividad%20y%20calidad%20de%20vida%20en%20Chile%20Chico' aria-hidden='false' data-av_icon='\ue8f3' data-av_iconfont='entypo-fontello' title='' data-avia-related-tooltip='Compartir en Facebook' rel=\"noopener\"><span class='avia_hidden_link_text'>Compartir en Facebook<\/span><\/a><\/li><li class='av-share-link av-social-link-twitter' ><a target=\"_blank\" aria-label=\"Compartir en Twitter\" href='https:\/\/twitter.com\/share?text=MOP%20inaugura%20mejoramiento%20del%20acceso%20a%20Bah%C3%ADa%20Jara%3A%20Obras%20mejoran%20la%20conectividad%20y%20calidad%20de%20vida%20en%20Chile%20Chico&#038;url=https:\/\/radiorevelacionfm.cl\/?p=54163' aria-hidden='false' data-av_icon='\ue8f1' data-av_iconfont='entypo-fontello' title='' data-avia-related-tooltip='Compartir en Twitter' rel=\"noopener\"><span class='avia_hidden_link_text'>Compartir en Twitter<\/span><\/a><\/li><li class='av-share-link av-social-link-whatsapp' ><a target=\"_blank\" aria-label=\"Compartir en Whatsapp\" href='https:\/\/api.whatsapp.com\/send?text=https:\/\/radiorevelacionfm.cl\/?p=54163' aria-hidden='false' data-av_icon='\uf232' data-av_iconfont='entypo-fontello' title='' data-avia-related-tooltip='Compartir en Whatsapp' rel=\"noopener\"><span class='avia_hidden_link_text'>Compartir en Whatsapp<\/span><\/a><\/li><li class='av-share-link av-social-link-linkedin' ><a target=\"_blank\" aria-label=\"Compartir en LinkedIn\" href='https:\/\/linkedin.com\/shareArticle?mini=true&#038;title=MOP%20inaugura%20mejoramiento%20del%20acceso%20a%20Bah%C3%ADa%20Jara%3A%20Obras%20mejoran%20la%20conectividad%20y%20calidad%20de%20vida%20en%20Chile%20Chico&#038;url=https:\/\/radiorevelacionfm.cl\/?p=54163' aria-hidden='false' data-av_icon='\ue8fc' data-av_iconfont='entypo-fontello' title='' data-avia-related-tooltip='Compartir en LinkedIn' rel=\"noopener\"><span class='avia_hidden_link_text'>Compartir en LinkedIn<\/span><\/a><\/li><li class='av-share-link av-social-link-mail' ><a  aria-label=\"Compartir por correo\" href='mailto:?subject=MOP%20inaugura%20mejoramiento%20del%20acceso%20a%20Bah%C3%ADa%20Jara%3A%20Obras%20mejoran%20la%20conectividad%20y%20calidad%20de%20vida%20en%20Chile%20Chico&#038;body=https:\/\/radiorevelacionfm.cl\/?p=54163' aria-hidden='false' data-av_icon='\ue805' data-av_iconfont='entypo-fontello' title='' data-avia-related-tooltip='Compartir por correo'><span class='avia_hidden_link_text'>Compartir por correo<\/span><\/a><\/li><\/ul><\/div><\/div>\n<div  style='height:50px' class='hr hr-invisible   avia-builder-el-8  el_after_av_social_share  el_before_av_comments_list '><span class='hr-inner ' ><span class='hr-inner-style'><\/span><\/span><\/div>\n<div  class='av-buildercomment  av-blog-meta-html-info-disabled av-blog-meta-tag-disabled  '><\/div>\n","protected":false},"excerpt":{"rendered":"","protected":false},"author":1,"featured_media":54164,"comment_status":"closed","ping_status":"closed","sticky":false,"template":"","format":"standard","meta":{"footnotes":""},"categories":[38],"tags":[],"class_list":["post-54163","post","type-post","status-publish","format-standard","has-post-thumbnail","hentry","category-regional"],"jetpack_featured_media_url":"https:\/\/radiorevelacionfm.cl\/wp-content\/uploads\/2025\/05\/dji_0205-copia-1_optimized-1_optimized-1.jpg","_links":{"self":[{"href":"https:\/\/radiorevelacionfm.cl\/index.php?rest_route=\/wp\/v2\/posts\/54163","targetHints":{"allow":["GET"]}}],"collection":[{"href":"https:\/\/radiorevelacionfm.cl\/index.php?rest_route=\/wp\/v2\/posts"}],"about":[{"href":"https:\/\/radiorevelacionfm.cl\/index.php?rest_route=\/wp\/v2\/types\/post"}],"author":[{"embeddable":true,"href":"https:\/\/radiorevelacionfm.cl\/index.php?rest_route=\/wp\/v2\/users\/1"}],"replies":[{"embeddable":true,"href":"https:\/\/radiorevelacionfm.cl\/index.php?rest_route=%2Fwp%2Fv2%2Fcomments&post=54163"}],"version-history":[{"count":2,"href":"https:\/\/radiorevelacionfm.cl\/index.php?rest_route=\/wp\/v2\/posts\/54163\/revisions"}],"predecessor-version":[{"id":54166,"href":"https:\/\/radiorevelacionfm.cl\/index.php?rest_route=\/wp\/v2\/posts\/54163\/revisions\/54166"}],"wp:featuredmedia":[{"embeddable":true,"href":"https:\/\/radiorevelacionfm.cl\/index.php?rest_route=\/wp\/v2\/media\/54164"}],"wp:attachment":[{"href":"https:\/\/radiorevelacionfm.cl\/index.php?rest_route=%2Fwp%2Fv2%2Fmedia&parent=54163"}],"wp:term":[{"taxonomy":"category","embeddable":true,"href":"https:\/\/radiorevelacionfm.cl\/index.php?rest_route=%2Fwp%2Fv2%2Fcategories&post=54163"},{"taxonomy":"post_tag","embeddable":true,"href":"https:\/\/radiorevelacionfm.cl\/index.php?rest_route=%2Fwp%2Fv2%2Ftags&post=54163"}],"curies":[{"name":"wp","href":"https:\/\/api.w.org\/{rel}","templated":true}]}}