{"id":54155,"date":"2025-05-24T12:57:12","date_gmt":"2025-05-24T15:57:12","guid":{"rendered":"https:\/\/radiorevelacionfm.cl\/?p=54155"},"modified":"2025-05-24T12:57:12","modified_gmt":"2025-05-24T15:57:12","slug":"invitan-a-estudiantes-a-participar-en-la-xi-version-del-concurso-de-ensayos-2025","status":"publish","type":"post","link":"https:\/\/radiorevelacionfm.cl\/?p=54155","title":{"rendered":"Invitan a estudiantes a participar en la XI Versi\u00f3n del Concurso de Ensayos 2025"},"content":{"rendered":"<div class=\"flex_column av_one_full  flex_column_div av-zero-column-padding first  avia-builder-el-0  el_before_av_one_full  avia-builder-el-first  \" style='border-radius:0px; '><div  class='avia-image-container  av-styling-    avia-builder-el-1  avia-builder-el-no-sibling  avia-align-center '  itemprop=\"image\" itemscope=\"itemscope\" itemtype=\"https:\/\/schema.org\/ImageObject\"  ><div class='avia-image-container-inner'><div class='avia-image-overlay-wrap'><img decoding=\"async\" class='wp-image-54156 avia-img-lazy-loading-not-54156 avia_image' src=\"https:\/\/radiorevelacionfm.cl\/wp-content\/uploads\/2025\/05\/grafica-lanzamiento-para-redes-sociales-1_optimized.jpeg\" alt='' title='gr\u00e1fica-lanzamiento-para-redes-sociales - (1)_optimized' height=\"800\" width=\"800\"  itemprop=\"thumbnailUrl\" srcset=\"https:\/\/radiorevelacionfm.cl\/wp-content\/uploads\/2025\/05\/grafica-lanzamiento-para-redes-sociales-1_optimized.jpeg 800w, https:\/\/radiorevelacionfm.cl\/wp-content\/uploads\/2025\/05\/grafica-lanzamiento-para-redes-sociales-1_optimized-300x300.jpeg 300w, https:\/\/radiorevelacionfm.cl\/wp-content\/uploads\/2025\/05\/grafica-lanzamiento-para-redes-sociales-1_optimized-80x80.jpeg 80w, https:\/\/radiorevelacionfm.cl\/wp-content\/uploads\/2025\/05\/grafica-lanzamiento-para-redes-sociales-1_optimized-768x768.jpeg 768w, https:\/\/radiorevelacionfm.cl\/wp-content\/uploads\/2025\/05\/grafica-lanzamiento-para-redes-sociales-1_optimized-36x36.jpeg 36w, https:\/\/radiorevelacionfm.cl\/wp-content\/uploads\/2025\/05\/grafica-lanzamiento-para-redes-sociales-1_optimized-180x180.jpeg 180w, https:\/\/radiorevelacionfm.cl\/wp-content\/uploads\/2025\/05\/grafica-lanzamiento-para-redes-sociales-1_optimized-705x705.jpeg 705w, https:\/\/radiorevelacionfm.cl\/wp-content\/uploads\/2025\/05\/grafica-lanzamiento-para-redes-sociales-1_optimized-120x120.jpeg 120w, https:\/\/radiorevelacionfm.cl\/wp-content\/uploads\/2025\/05\/grafica-lanzamiento-para-redes-sociales-1_optimized-450x450.jpeg 450w, https:\/\/radiorevelacionfm.cl\/wp-content\/uploads\/2025\/05\/grafica-lanzamiento-para-redes-sociales-1_optimized-600x600.jpeg 600w, https:\/\/radiorevelacionfm.cl\/wp-content\/uploads\/2025\/05\/grafica-lanzamiento-para-redes-sociales-1_optimized-100x100.jpeg 100w\" sizes=\"(max-width: 800px) 100vw, 800px\" \/><\/div><\/div><\/div><\/div><div class=\"flex_column av_one_full  flex_column_div av-zero-column-padding first  avia-builder-el-2  el_after_av_one_full  el_before_av_one_full  column-top-margin\" style='border-radius:0px; '><section class=\"av_textblock_section \"  itemscope=\"itemscope\" itemtype=\"https:\/\/schema.org\/BlogPosting\" itemprop=\"blogPost\" ><div class='avia_textblock  '   itemprop=\"text\" ><p style=\"text-align: center;\"><strong><span style=\"font-size: 18pt;\">Invitan a estudiantes a participar en la XI Versi\u00f3n del Concurso de Ensayos 2025<\/span><\/strong><\/p>\n<div id=\"gtx-trans\" style=\"position: absolute; left: -50px; top: 4.31534px;\">\n<div class=\"gtx-trans-icon\"><\/div>\n<\/div>\n<\/div><\/section><\/div><div class=\"flex_column av_one_full  flex_column_div av-zero-column-padding first  avia-builder-el-4  el_after_av_one_full  el_before_av_hr  column-top-margin\" style='border-radius:0px; '><section class=\"av_textblock_section \"  itemscope=\"itemscope\" itemtype=\"https:\/\/schema.org\/BlogPosting\" itemprop=\"blogPost\" ><div class='avia_textblock  '   itemprop=\"text\" ><p style=\"text-align: justify;\">Si cursas\u00a0<strong>I o II A\u00f1o de Ense\u00f1anza Media<\/strong>\u00a0de cualquier establecimiento educacional del pa\u00eds y te preocupa un futuro que puede ser mantenido y que no comprometa las necesidades de las futuras generaciones, te invitamos a participar de la\u00a0<strong>Und\u00e9cima Versi\u00f3n del Concurso de Ensayos<\/strong>\u00a0<strong>2025:<em>\u00a0\u201cIMAGINANDO UN FUTURO SOSTENIBLE\u201d<\/em><\/strong>.<\/p>\n<p style=\"text-align: justify;\">Nuestra\u00a0<strong>Academia Parlamentaria<\/strong>\u00a0quiere que estudiantes como t\u00fa se acerquen al trabajo legislativo con la libertad de exponer tus ideas y opiniones sobre la tem\u00e1tica propuesta de manera libre, personal y creativa, sin dejar de lado la honestidad; citando las fuentes de sus argumentos y utilizando un lenguaje claro, adecuado y respetuoso. En este contexto puedes cuestionarte preguntas como \u00e9stas:<\/p>\n<ul style=\"text-align: justify;\">\n<li>\u00bfC\u00f3mo impactan nuestras decisiones de consumo en el Medio Ambiente?<\/li>\n<li>\u00bfConoces el proceso de elaboraci\u00f3n de lo que consumes?<\/li>\n<li>\u00bfQu\u00e9 cambios crees necesarios realizar en tu d\u00eda a d\u00eda para aportar a un futuro sostenible?<\/li>\n<\/ul>\n<p style=\"text-align: justify;\">Para el primer lugar se otorgar\u00e1 un premio de\u00a0<strong>$1.000.000.<\/strong>\u00a0Para el segundo lugar\u00a0<strong>$750.000<\/strong>\u00a0y para el tercer lugar\u00a0<strong>$500.000<\/strong>. Adem\u00e1s, recibir\u00e1n un diploma y su trabajo ser\u00e1 publicado en la Revista Hemiciclo de la Academia Parlamentaria de la C\u00e1mara.<\/p>\n<p style=\"text-align: justify;\">Dependiendo de la regi\u00f3n en la que viva el o la ganadora, los organizadores gestionar\u00e1n y pagar\u00e1n su traslado y el de un acompa\u00f1ante, incluyendo el alojamiento por una noche para los mismos. \u00a0Cualquier consulta se podr\u00e1 realizar al tel\u00e9fono +56 32 2505235 y\/o al correo electr\u00f3nico: ensayos@congreso.cl<\/p>\n<p style=\"text-align: justify;\">Toda la informaci\u00f3n sobre este Concurso podr\u00e1 encontrarla en este LINK: <a href=\"https:\/\/www.academiaparlamentaria.cl\/?p=5281\">https:\/\/www.academiaparlamentaria.cl\/?p=5281<\/a><\/p>\n<p style=\"text-align: justify;\">El plazo de presentaci\u00f3n del ensayo y de la documentaci\u00f3n anexa requerida deber\u00e1n subirse a trav\u00e9s del formulario en l\u00ednea\u00a0 <strong>hasta el 12 de septiembre de 2025.<\/strong><\/p>\n<\/div><\/section><\/div><div  style='height:50px' class='hr hr-invisible   avia-builder-el-6  el_after_av_one_full  el_before_av_social_share '><span class='hr-inner ' ><span class='hr-inner-style'><\/span><\/span><\/div><\/p>\n<div  class='av-social-sharing-box  avia-builder-el-7  el_after_av_hr  el_before_av_hr  '><div class='av-share-box'><h5 class='av-share-link-description av-no-toc '>Compartir esta noticia<\/h5><ul class='av-share-box-list noLightbox'><li class='av-share-link av-social-link-facebook' ><a target=\"_blank\" aria-label=\"Compartir en Facebook\" href='https:\/\/www.facebook.com\/sharer.php?u=https:\/\/radiorevelacionfm.cl\/?p=54155&#038;t=Invitan%20a%20estudiantes%20a%20participar%20en%20la%20XI%20Versi%C3%B3n%20del%20Concurso%20de%20Ensayos%202025' aria-hidden='false' data-av_icon='\ue8f3' data-av_iconfont='entypo-fontello' title='' data-avia-related-tooltip='Compartir en Facebook' rel=\"noopener\"><span class='avia_hidden_link_text'>Compartir en Facebook<\/span><\/a><\/li><li class='av-share-link av-social-link-twitter' ><a target=\"_blank\" aria-label=\"Compartir en Twitter\" href='https:\/\/twitter.com\/share?text=Invitan%20a%20estudiantes%20a%20participar%20en%20la%20XI%20Versi%C3%B3n%20del%20Concurso%20de%20Ensayos%202025&#038;url=https:\/\/radiorevelacionfm.cl\/?p=54155' aria-hidden='false' data-av_icon='\ue8f1' data-av_iconfont='entypo-fontello' title='' data-avia-related-tooltip='Compartir en Twitter' rel=\"noopener\"><span class='avia_hidden_link_text'>Compartir en Twitter<\/span><\/a><\/li><li class='av-share-link av-social-link-whatsapp' ><a target=\"_blank\" aria-label=\"Compartir en Whatsapp\" href='https:\/\/api.whatsapp.com\/send?text=https:\/\/radiorevelacionfm.cl\/?p=54155' aria-hidden='false' data-av_icon='\uf232' data-av_iconfont='entypo-fontello' title='' data-avia-related-tooltip='Compartir en Whatsapp' rel=\"noopener\"><span class='avia_hidden_link_text'>Compartir en Whatsapp<\/span><\/a><\/li><li class='av-share-link av-social-link-linkedin' ><a target=\"_blank\" aria-label=\"Compartir en LinkedIn\" href='https:\/\/linkedin.com\/shareArticle?mini=true&#038;title=Invitan%20a%20estudiantes%20a%20participar%20en%20la%20XI%20Versi%C3%B3n%20del%20Concurso%20de%20Ensayos%202025&#038;url=https:\/\/radiorevelacionfm.cl\/?p=54155' aria-hidden='false' data-av_icon='\ue8fc' data-av_iconfont='entypo-fontello' title='' data-avia-related-tooltip='Compartir en LinkedIn' rel=\"noopener\"><span class='avia_hidden_link_text'>Compartir en LinkedIn<\/span><\/a><\/li><li class='av-share-link av-social-link-mail' ><a  aria-label=\"Compartir por correo\" href='mailto:?subject=Invitan%20a%20estudiantes%20a%20participar%20en%20la%20XI%20Versi%C3%B3n%20del%20Concurso%20de%20Ensayos%202025&#038;body=https:\/\/radiorevelacionfm.cl\/?p=54155' aria-hidden='false' data-av_icon='\ue805' data-av_iconfont='entypo-fontello' title='' data-avia-related-tooltip='Compartir por correo'><span class='avia_hidden_link_text'>Compartir por correo<\/span><\/a><\/li><\/ul><\/div><\/div>\n<div  style='height:50px' class='hr hr-invisible   avia-builder-el-8  el_after_av_social_share  el_before_av_comments_list '><span class='hr-inner ' ><span class='hr-inner-style'><\/span><\/span><\/div>\n<div  class='av-buildercomment  av-blog-meta-html-info-disabled av-blog-meta-tag-disabled  '><\/div>\n","protected":false},"excerpt":{"rendered":"","protected":false},"author":1,"featured_media":54156,"comment_status":"closed","ping_status":"closed","sticky":false,"template":"","format":"standard","meta":{"footnotes":""},"categories":[61],"tags":[],"class_list":["post-54155","post","type-post","status-publish","format-standard","has-post-thumbnail","hentry","category-nacional"],"jetpack_featured_media_url":"https:\/\/radiorevelacionfm.cl\/wp-content\/uploads\/2025\/05\/grafica-lanzamiento-para-redes-sociales-1_optimized.jpeg","_links":{"self":[{"href":"https:\/\/radiorevelacionfm.cl\/index.php?rest_route=\/wp\/v2\/posts\/54155","targetHints":{"allow":["GET"]}}],"collection":[{"href":"https:\/\/radiorevelacionfm.cl\/index.php?rest_route=\/wp\/v2\/posts"}],"about":[{"href":"https:\/\/radiorevelacionfm.cl\/index.php?rest_route=\/wp\/v2\/types\/post"}],"author":[{"embeddable":true,"href":"https:\/\/radiorevelacionfm.cl\/index.php?rest_route=\/wp\/v2\/users\/1"}],"replies":[{"embeddable":true,"href":"https:\/\/radiorevelacionfm.cl\/index.php?rest_route=%2Fwp%2Fv2%2Fcomments&post=54155"}],"version-history":[{"count":2,"href":"https:\/\/radiorevelacionfm.cl\/index.php?rest_route=\/wp\/v2\/posts\/54155\/revisions"}],"predecessor-version":[{"id":54366,"href":"https:\/\/radiorevelacionfm.cl\/index.php?rest_route=\/wp\/v2\/posts\/54155\/revisions\/54366"}],"wp:featuredmedia":[{"embeddable":true,"href":"https:\/\/radiorevelacionfm.cl\/index.php?rest_route=\/wp\/v2\/media\/54156"}],"wp:attachment":[{"href":"https:\/\/radiorevelacionfm.cl\/index.php?rest_route=%2Fwp%2Fv2%2Fmedia&parent=54155"}],"wp:term":[{"taxonomy":"category","embeddable":true,"href":"https:\/\/radiorevelacionfm.cl\/index.php?rest_route=%2Fwp%2Fv2%2Fcategories&post=54155"},{"taxonomy":"post_tag","embeddable":true,"href":"https:\/\/radiorevelacionfm.cl\/index.php?rest_route=%2Fwp%2Fv2%2Ftags&post=54155"}],"curies":[{"name":"wp","href":"https:\/\/api.w.org\/{rel}","templated":true}]}}