{"id":54147,"date":"2025-05-19T20:25:29","date_gmt":"2025-05-19T23:25:29","guid":{"rendered":"https:\/\/radiorevelacionfm.cl\/?p=54147"},"modified":"2025-05-19T20:25:29","modified_gmt":"2025-05-19T23:25:29","slug":"mas-de-80-alumnos-juraron-como-brigadistas-escolares-integrales-en-coyhaique","status":"publish","type":"post","link":"https:\/\/radiorevelacionfm.cl\/?p=54147","title":{"rendered":"M\u00e1s de 80 alumnos juraron como Brigadistas Escolares Integrales en Coyhaique"},"content":{"rendered":"<div class=\"flex_column av_one_full  flex_column_div av-zero-column-padding first  avia-builder-el-0  el_before_av_one_full  avia-builder-el-first  \" style='border-radius:0px; '><div  class='avia-image-container  av-styling-    avia-builder-el-1  avia-builder-el-no-sibling  avia-align-center '  itemprop=\"image\" itemscope=\"itemscope\" itemtype=\"https:\/\/schema.org\/ImageObject\"  ><div class='avia-image-container-inner'><div class='avia-image-overlay-wrap'><img decoding=\"async\" class='wp-image-54148 avia-img-lazy-loading-not-54148 avia_image' src=\"https:\/\/radiorevelacionfm.cl\/wp-content\/uploads\/2025\/05\/grgm_z4xwaamix3-1_optimized.jpg\" alt='' title='grgm_z4xwaamix3-(1)_optimized' height=\"600\" width=\"800\"  itemprop=\"thumbnailUrl\" srcset=\"https:\/\/radiorevelacionfm.cl\/wp-content\/uploads\/2025\/05\/grgm_z4xwaamix3-1_optimized.jpg 800w, https:\/\/radiorevelacionfm.cl\/wp-content\/uploads\/2025\/05\/grgm_z4xwaamix3-1_optimized-300x225.jpg 300w, https:\/\/radiorevelacionfm.cl\/wp-content\/uploads\/2025\/05\/grgm_z4xwaamix3-1_optimized-768x576.jpg 768w, https:\/\/radiorevelacionfm.cl\/wp-content\/uploads\/2025\/05\/grgm_z4xwaamix3-1_optimized-705x529.jpg 705w, https:\/\/radiorevelacionfm.cl\/wp-content\/uploads\/2025\/05\/grgm_z4xwaamix3-1_optimized-450x338.jpg 450w, https:\/\/radiorevelacionfm.cl\/wp-content\/uploads\/2025\/05\/grgm_z4xwaamix3-1_optimized-600x450.jpg 600w\" sizes=\"(max-width: 800px) 100vw, 800px\" \/><\/div><\/div><\/div><\/div><div class=\"flex_column av_one_full  flex_column_div av-zero-column-padding first  avia-builder-el-2  el_after_av_one_full  el_before_av_one_full  column-top-margin\" style='border-radius:0px; '><section class=\"av_textblock_section \"  itemscope=\"itemscope\" itemtype=\"https:\/\/schema.org\/BlogPosting\" itemprop=\"blogPost\" ><div class='avia_textblock  '   itemprop=\"text\" ><p style=\"text-align: center;\"><strong><span style=\"font-size: 18pt;\">M\u00e1s de 80 alumnos juraron como Brigadistas Escolares Integrales en Coyhaique<\/span><\/strong><\/p>\n<div id=\"gtx-trans\" style=\"position: absolute; left: -50px; top: 4.31534px;\">\n<div class=\"gtx-trans-icon\"><\/div>\n<\/div>\n<\/div><\/section><\/div><div class=\"flex_column av_one_full  flex_column_div av-zero-column-padding first  avia-builder-el-4  el_after_av_one_full  el_before_av_hr  column-top-margin\" style='border-radius:0px; '><section class=\"av_textblock_section \"  itemscope=\"itemscope\" itemtype=\"https:\/\/schema.org\/BlogPosting\" itemprop=\"blogPost\" ><div class='avia_textblock  '   itemprop=\"text\" ><p dir=\"ltr\" style=\"text-align: justify;\">En la actividad participaron estudiantes de los colegios Altamira, Uni\u00f3n Fraterna, Mater Dei y Escuela Baquedano.<\/p>\n<p dir=\"ltr\" style=\"text-align: justify;\">En un solemne acto desarrollado en el Gimnasio de la Escuela Baquedano, m\u00e1s de 80 alumnos de cuatro establecimientos educacionales juraron ante la bandera y frente a las autoridades, profesores y apoderados como Brigadistas Escolares Integrales.<\/p>\n<p dir=\"ltr\" style=\"text-align: justify;\">Tras un minuto de silencio en memoria de los m\u00e1rtires institucionales que a lo largo de los 98 a\u00f1os de historia de Carabineros que han rendido la vida en defensa del orden y de la patria, los alumnos de los colegios Altamira, Uni\u00f3n Fraterna, Mater Dei y Escuela Baquedano -acompa\u00f1ados de sus monitores carabineros de la 1ra Comisar\u00eda de Coyhaique, participaron de la ceremonia de juramento.<\/p>\n<p dir=\"ltr\" style=\"text-align: justify;\"><strong>Guardianes del entorno escolar<\/strong><\/p>\n<p dir=\"ltr\" style=\"text-align: justify;\">La celebraci\u00f3n del D\u00eda del Brigadista Escolar constituye una valoraci\u00f3n de entrega silenciosa, vocaci\u00f3n de servicio y el compromiso de los ni\u00f1os, ni\u00f1as y j\u00f3venes con su comunidad.<\/p>\n<p dir=\"ltr\" style=\"text-align: justify;\">Hoy como ayer las Brigadas Escolares en el tr\u00e1nsito son sin\u00f3nimo de formaci\u00f3n ciudadana, de prevenci\u00f3n, de liderazgo y de ejemplo para sus pares, toda vez que ello refleja una comunidad escolar m\u00e1s segura y m\u00e1s comprometida.<\/p>\n<p dir=\"ltr\" style=\"text-align: justify;\">Se trata de un selecto grupo de estudiantes, quienes tras su uniforme y compromiso, se han transformado en guardianes del entorno escolar, protegiendo la integridad de sus compa\u00f1eros y fomentando una cultura vial responsable desde temprana edad.<\/p>\n<p dir=\"ltr\" style=\"text-align: justify;\">La formaci\u00f3n de brigadistas escolares integrales es sin\u00f3nimo de formaci\u00f3n de futuros ciudadanos de bien, comprometidos consigo mismo, con su entorno, responsables y con valores.<\/p>\n<p dir=\"ltr\" style=\"text-align: justify;\">Durante la actividad el Jefe de Zona Ays\u00e9n, General Eduardo Palma Fuentes junto al Subprefecto Administrativo, Teniente Coronel Miguel Cancino Paez, hicieron entrega de un presente al carabinero honorario Carlos Villagr\u00e1n Torner\u00eda.<\/p>\n<p dir=\"ltr\" style=\"text-align: justify;\">Tras la ceremonia de juramento y luego de dos pie de cueca a cargo de alumnos de 6\u00b0 a\u00f1o A de la Escuela Baquedano, el Jefe de Zona otorg\u00f3 un reconocimiento y un est\u00edmulo que simboliza el compromiso permanente en beneficio para cada comunidad escolar. Entre los brigadistas destacados se encuentran los brigadieres: Ignacio Gamin Avil\u00e9s, Fernanda Altamirano Mansilla, Maite Valdebenito Valenzuela y Nataly Sandoval Horstmayer.<\/p>\n<p dir=\"ltr\" style=\"text-align: justify;\"><strong>\u00abEsto es crecer como pa\u00eds\u00bb<\/strong><\/p>\n<p dir=\"ltr\" style=\"text-align: justify;\">Durante la ceremonia el Jefe de Zona Ays\u00e9n, destac\u00f3 la importancia de la formaci\u00f3n de brigadistas escolares, como parte de los esfuerzos y la contribuci\u00f3n que Carabineros hace a diario para formar una mejor sociedad.<\/p>\n<p dir=\"ltr\" style=\"text-align: justify;\">\u00abEs tan importante para nosotros como Instituci\u00f3n retomar este tema de los colegios para poder educar en materia vial en todas las comunas de nuestro pa\u00eds. Esto se celebra a nivel nacional, el D\u00eda del Patrullero Escolar, donde Carabineros est\u00e1 en gran parte de los establecimientos educacionales de nuestro pa\u00eds\u00bb, indic\u00f3 el General Palma.<\/p>\n<p dir=\"ltr\" style=\"text-align: justify;\">Asimismo el Jefe de Zona a\u00f1adi\u00f3 que Carabineros continuar\u00e1 este trabajo junto con incentivar a otros colegios a que se sumen a esta actividad y contar con brigadas escolares.<\/p>\n<p dir=\"ltr\" style=\"text-align: justify;\">\u00abEsto es crecer como pa\u00eds, es educaci\u00f3n c\u00edvica que nos hace muy bien como pa\u00eds y como sociedad (&#8230;) es entender que hay normas, leyes que regulan la conducta humana o del ciudadano, especialmente en este caso como es la ley de tr\u00e1nsito, respetar un paso peatonal, una se\u00f1al pare. Es una educaci\u00f3n c\u00edvica desde el punto de vista legal de lo que es la ley de tr\u00e1nsito\u00bb, complement\u00f3.<\/p>\n<p dir=\"ltr\" style=\"text-align: justify;\">El Jefe de Zona a\u00f1adi\u00f3 que muchas veces los alumnos que ingresan a los Grupos de Formaci\u00f3n o Escuela de Carabineros, cuando ni\u00f1os, formaron parte de las brigadas escolares.<\/p>\n<p dir=\"ltr\" style=\"text-align: justify;\"><strong>Aporte a formarnos como personas<\/strong><\/p>\n<p dir=\"ltr\" style=\"text-align: justify;\">La Seremi de Seguridad P\u00fablica Ruth Vallejos Cuiti\u00f1o -en representaci\u00f3n del Delegado Presidencial Regional de Ays\u00e9n- felicit\u00f3 a los brigadistas escolares por el esfuerzo que realizan a diario en pro de sus compa\u00f1eros.<\/p>\n<p dir=\"ltr\" style=\"text-align: justify;\">\u00a0\u00abEsta iniciativa de Carabineros que lleva tantos a\u00f1os y que me hace recordar mis tiempos de brigadista, ayuda a formarnos como personas conscientes de lo que podemos lograr en ayuda de los dem\u00e1s. En ese sentido, saludo el esfuerzo de todos y de todas para poder cada d\u00eda ser mejor, para poder guiar a nuestros compa\u00f1eros, para poder -con nuestro esfuerzo- demostrar que todo puede ser mejor y que podemos dar lo mejor de nosotros para cuidarnos. El llamado de nuestro gobierno es: sirvan para que podamos ser cada d\u00eda mejores y podamos crear un pa\u00eds mejor\u00bb, indic\u00f3.<\/p>\n<p dir=\"ltr\" style=\"text-align: justify;\">\u00abEs necesario este tipo de esfuerzos, que involucremos a nuestros ni\u00f1os en la seguridad desde que son peque\u00f1os, porque en la medida en que ellos cuidan a sus compa\u00f1eros aprenden a cuidarse a ellos mismos\u00bb, acot\u00f3.<\/p>\n<p dir=\"ltr\" style=\"text-align: justify;\"><strong>Contexto hist\u00f3rico<\/strong><\/p>\n<p dir=\"ltr\" style=\"text-align: justify;\">La historia de la Brigadas Escolares de Tr\u00e1nsitos se remonta a fines de la d\u00e9cada de 1950, luego que el aumento del parque vehicular trajo consigo un aumento en el n\u00famero de accidentes de tr\u00e1nsito.<\/p>\n<p dir=\"ltr\" style=\"text-align: justify;\"><strong>1953<\/strong><\/p>\n<p dir=\"ltr\" style=\"text-align: justify;\">Seg\u00fan el Anuario Estad\u00edstico el a\u00f1o 1953 se registraron 5.665 accidentes, los que dejaron como resultados 114 personas fallecidas, 858 lesiones graves, 648 lesiones menos graves, 1.996 lesiones leves y 3.049 da\u00f1os.<\/p>\n<p dir=\"ltr\" style=\"text-align: justify;\">Frente a lo anterior y por decreto supremo el a\u00f1o 1958 surgen las Brigadas Escolares de Seguridad, ideadas para proteger a los ni\u00f1os de posibles accidentes de tr\u00e1nsito en el trayecto de ida o regreso del colegio.<\/p>\n<p dir=\"ltr\" style=\"text-align: justify;\">A partir de esa fecha y, principalmente, con la incorporaci\u00f3n de la mujer a Carabineros de Chile en 1962, la Instituci\u00f3n asumi\u00f3 de manera ininterrumpida la prevenci\u00f3n y educaci\u00f3n en materia de seguridad vial.<\/p>\n<\/div><\/section><\/div><div  style='height:50px' class='hr hr-invisible   avia-builder-el-6  el_after_av_one_full  el_before_av_social_share '><span class='hr-inner ' ><span class='hr-inner-style'><\/span><\/span><\/div><\/p>\n<div  class='av-social-sharing-box  avia-builder-el-7  el_after_av_hr  el_before_av_hr  '><div class='av-share-box'><h5 class='av-share-link-description av-no-toc '>Compartir esta noticia<\/h5><ul class='av-share-box-list noLightbox'><li class='av-share-link av-social-link-facebook' ><a target=\"_blank\" aria-label=\"Compartir en Facebook\" href='https:\/\/www.facebook.com\/sharer.php?u=https:\/\/radiorevelacionfm.cl\/?p=54147&#038;t=M%C3%A1s%20de%2080%20alumnos%20juraron%20como%20Brigadistas%20Escolares%20Integrales%20en%20Coyhaique' aria-hidden='false' data-av_icon='\ue8f3' data-av_iconfont='entypo-fontello' title='' data-avia-related-tooltip='Compartir en Facebook' rel=\"noopener\"><span class='avia_hidden_link_text'>Compartir en Facebook<\/span><\/a><\/li><li class='av-share-link av-social-link-twitter' ><a target=\"_blank\" aria-label=\"Compartir en Twitter\" href='https:\/\/twitter.com\/share?text=M%C3%A1s%20de%2080%20alumnos%20juraron%20como%20Brigadistas%20Escolares%20Integrales%20en%20Coyhaique&#038;url=https:\/\/radiorevelacionfm.cl\/?p=54147' aria-hidden='false' data-av_icon='\ue8f1' data-av_iconfont='entypo-fontello' title='' data-avia-related-tooltip='Compartir en Twitter' rel=\"noopener\"><span class='avia_hidden_link_text'>Compartir en Twitter<\/span><\/a><\/li><li class='av-share-link av-social-link-whatsapp' ><a target=\"_blank\" aria-label=\"Compartir en Whatsapp\" href='https:\/\/api.whatsapp.com\/send?text=https:\/\/radiorevelacionfm.cl\/?p=54147' aria-hidden='false' data-av_icon='\uf232' data-av_iconfont='entypo-fontello' title='' data-avia-related-tooltip='Compartir en Whatsapp' rel=\"noopener\"><span class='avia_hidden_link_text'>Compartir en Whatsapp<\/span><\/a><\/li><li class='av-share-link av-social-link-linkedin' ><a target=\"_blank\" aria-label=\"Compartir en LinkedIn\" href='https:\/\/linkedin.com\/shareArticle?mini=true&#038;title=M%C3%A1s%20de%2080%20alumnos%20juraron%20como%20Brigadistas%20Escolares%20Integrales%20en%20Coyhaique&#038;url=https:\/\/radiorevelacionfm.cl\/?p=54147' aria-hidden='false' data-av_icon='\ue8fc' data-av_iconfont='entypo-fontello' title='' data-avia-related-tooltip='Compartir en LinkedIn' rel=\"noopener\"><span class='avia_hidden_link_text'>Compartir en LinkedIn<\/span><\/a><\/li><li class='av-share-link av-social-link-mail' ><a  aria-label=\"Compartir por correo\" href='mailto:?subject=M%C3%A1s%20de%2080%20alumnos%20juraron%20como%20Brigadistas%20Escolares%20Integrales%20en%20Coyhaique&#038;body=https:\/\/radiorevelacionfm.cl\/?p=54147' aria-hidden='false' data-av_icon='\ue805' data-av_iconfont='entypo-fontello' title='' data-avia-related-tooltip='Compartir por correo'><span class='avia_hidden_link_text'>Compartir por correo<\/span><\/a><\/li><\/ul><\/div><\/div>\n<div  style='height:50px' class='hr hr-invisible   avia-builder-el-8  el_after_av_social_share  el_before_av_comments_list '><span class='hr-inner ' ><span class='hr-inner-style'><\/span><\/span><\/div>\n<div  class='av-buildercomment  av-blog-meta-html-info-disabled av-blog-meta-tag-disabled  '><\/div>\n","protected":false},"excerpt":{"rendered":"","protected":false},"author":1,"featured_media":54148,"comment_status":"closed","ping_status":"closed","sticky":false,"template":"","format":"standard","meta":{"footnotes":""},"categories":[36],"tags":[],"class_list":["post-54147","post","type-post","status-publish","format-standard","has-post-thumbnail","hentry","category-policial"],"jetpack_featured_media_url":"https:\/\/radiorevelacionfm.cl\/wp-content\/uploads\/2025\/05\/grgm_z4xwaamix3-1_optimized.jpg","_links":{"self":[{"href":"https:\/\/radiorevelacionfm.cl\/index.php?rest_route=\/wp\/v2\/posts\/54147","targetHints":{"allow":["GET"]}}],"collection":[{"href":"https:\/\/radiorevelacionfm.cl\/index.php?rest_route=\/wp\/v2\/posts"}],"about":[{"href":"https:\/\/radiorevelacionfm.cl\/index.php?rest_route=\/wp\/v2\/types\/post"}],"author":[{"embeddable":true,"href":"https:\/\/radiorevelacionfm.cl\/index.php?rest_route=\/wp\/v2\/users\/1"}],"replies":[{"embeddable":true,"href":"https:\/\/radiorevelacionfm.cl\/index.php?rest_route=%2Fwp%2Fv2%2Fcomments&post=54147"}],"version-history":[{"count":2,"href":"https:\/\/radiorevelacionfm.cl\/index.php?rest_route=\/wp\/v2\/posts\/54147\/revisions"}],"predecessor-version":[{"id":54154,"href":"https:\/\/radiorevelacionfm.cl\/index.php?rest_route=\/wp\/v2\/posts\/54147\/revisions\/54154"}],"wp:featuredmedia":[{"embeddable":true,"href":"https:\/\/radiorevelacionfm.cl\/index.php?rest_route=\/wp\/v2\/media\/54148"}],"wp:attachment":[{"href":"https:\/\/radiorevelacionfm.cl\/index.php?rest_route=%2Fwp%2Fv2%2Fmedia&parent=54147"}],"wp:term":[{"taxonomy":"category","embeddable":true,"href":"https:\/\/radiorevelacionfm.cl\/index.php?rest_route=%2Fwp%2Fv2%2Fcategories&post=54147"},{"taxonomy":"post_tag","embeddable":true,"href":"https:\/\/radiorevelacionfm.cl\/index.php?rest_route=%2Fwp%2Fv2%2Ftags&post=54147"}],"curies":[{"name":"wp","href":"https:\/\/api.w.org\/{rel}","templated":true}]}}