{"id":54143,"date":"2025-05-19T18:09:01","date_gmt":"2025-05-19T21:09:01","guid":{"rendered":"https:\/\/radiorevelacionfm.cl\/?p=54143"},"modified":"2025-05-19T18:09:01","modified_gmt":"2025-05-19T21:09:01","slug":"todo-listo-para-una-nueva-version-de-la-historica-maraton-glorias-navales","status":"publish","type":"post","link":"https:\/\/radiorevelacionfm.cl\/?p=54143","title":{"rendered":"Todo listo para una nueva versi\u00f3n de la hist\u00f3rica Marat\u00f3n Glorias Navales"},"content":{"rendered":"<div class=\"flex_column av_one_full  flex_column_div av-zero-column-padding first  avia-builder-el-0  el_before_av_one_full  avia-builder-el-first  \" style='border-radius:0px; '><div  class='avia-image-container  av-styling-    avia-builder-el-1  avia-builder-el-no-sibling  avia-align-center '  itemprop=\"image\" itemscope=\"itemscope\" itemtype=\"https:\/\/schema.org\/ImageObject\"  ><div class='avia-image-container-inner'><div class='avia-image-overlay-wrap'><img decoding=\"async\" class='wp-image-54144 avia-img-lazy-loading-not-54144 avia_image' src=\"https:\/\/radiorevelacionfm.cl\/wp-content\/uploads\/2025\/05\/vlcsnap-2025-05-19-16h42m23s519-1_optimized.jpg\" alt='' title='vlcsnap-2025-05-19-16h42m23s519-(1)_optimized' height=\"600\" width=\"1067\"  itemprop=\"thumbnailUrl\" srcset=\"https:\/\/radiorevelacionfm.cl\/wp-content\/uploads\/2025\/05\/vlcsnap-2025-05-19-16h42m23s519-1_optimized.jpg 1067w, https:\/\/radiorevelacionfm.cl\/wp-content\/uploads\/2025\/05\/vlcsnap-2025-05-19-16h42m23s519-1_optimized-300x169.jpg 300w, https:\/\/radiorevelacionfm.cl\/wp-content\/uploads\/2025\/05\/vlcsnap-2025-05-19-16h42m23s519-1_optimized-1030x579.jpg 1030w, https:\/\/radiorevelacionfm.cl\/wp-content\/uploads\/2025\/05\/vlcsnap-2025-05-19-16h42m23s519-1_optimized-768x432.jpg 768w, https:\/\/radiorevelacionfm.cl\/wp-content\/uploads\/2025\/05\/vlcsnap-2025-05-19-16h42m23s519-1_optimized-705x396.jpg 705w, https:\/\/radiorevelacionfm.cl\/wp-content\/uploads\/2025\/05\/vlcsnap-2025-05-19-16h42m23s519-1_optimized-450x253.jpg 450w, https:\/\/radiorevelacionfm.cl\/wp-content\/uploads\/2025\/05\/vlcsnap-2025-05-19-16h42m23s519-1_optimized-600x337.jpg 600w\" sizes=\"(max-width: 1067px) 100vw, 1067px\" \/><\/div><\/div><\/div><\/div><div class=\"flex_column av_one_full  flex_column_div av-zero-column-padding first  avia-builder-el-2  el_after_av_one_full  el_before_av_one_full  column-top-margin\" style='border-radius:0px; '><section class=\"av_textblock_section \"  itemscope=\"itemscope\" itemtype=\"https:\/\/schema.org\/BlogPosting\" itemprop=\"blogPost\" ><div class='avia_textblock  '   itemprop=\"text\" ><p style=\"text-align: center;\"><strong><span style=\"font-size: 18pt;\">Todo listo para una nueva versi\u00f3n de la hist\u00f3rica Marat\u00f3n Glorias Navales<\/span><\/strong><\/p>\n<div id=\"gtx-trans\" style=\"position: absolute; left: -50px; top: 4.31534px;\">\n<div class=\"gtx-trans-icon\"><\/div>\n<\/div>\n<\/div><\/section><\/div><div class=\"flex_column av_one_full  flex_column_div av-zero-column-padding first  avia-builder-el-4  el_after_av_one_full  el_before_av_hr  column-top-margin\" style='border-radius:0px; '><section class=\"av_textblock_section \"  itemscope=\"itemscope\" itemtype=\"https:\/\/schema.org\/BlogPosting\" itemprop=\"blogPost\" ><div class='avia_textblock  '   itemprop=\"text\" ><p style=\"text-align: justify;\">Este domingo 25 de mayo, la comuna de Ays\u00e9n vivir\u00e1 una nueva versi\u00f3n de una de sus actividades deportivas m\u00e1s emblem\u00e1ticas: la Marat\u00f3n Glorias Navales, una tradici\u00f3n que este a\u00f1o retoma con m\u00e1s fuerza que nunca y que ya cuenta con inscripciones completamente agotadas, reflejando el entusiasmo ciudadano por participar en este homenaje a la historia y al deporte local.<\/p>\n<p style=\"text-align: justify;\">La jornada es organizada en conjunto por la Corporaci\u00f3n de Deportes, la Ilustre Municipalidad de Ays\u00e9n y la Armada de Chile, y contempla tres recorridos: 2.5K, 13K y 21K, con meta final en el Polideportivo 21 de Abril.<\/p>\n<p style=\"text-align: justify;\">Esta corrida naci\u00f3 en 1971, organizada por la extinta Radio Ays\u00e9n CD73, con el objetivo de unir simb\u00f3licamente los puertos de Chacabuco y Ays\u00e9n a trav\u00e9s del deporte, y se transform\u00f3 con los a\u00f1os en una de las actividades m\u00e1s tradicionales del Mes del Mar en la Patagonia.<\/p>\n<p style=\"text-align: justify;\">\u201cInvitamos a todos los vecinos y vecinas a sumarse, a recuperar esa fiesta deportiva que siempre lo fue esta actividad. Tambi\u00e9n a los deportistas, para que participen con entusiasmo y revivamos juntos el esp\u00edritu de nuestras antiguas maratones\u201d, se\u00f1al\u00f3 el alcalde Luis Mart\u00ednez Gallardo, quien adem\u00e1s preside la Corporaci\u00f3n del Deporte.<\/p>\n<p style=\"text-align: justify;\">La actividad contar\u00e1 con la participaci\u00f3n y apoyo de instituciones y un equipo t\u00e9cnico dispuesto para garantizar seguridad, hidrataci\u00f3n y asistencia en ruta.<\/p>\n<p style=\"text-align: justify;\">\u201cComo Armada, en conjunto con la Corporaci\u00f3n y la Municipalidad, buscamos entregar a las familias ayseninas una actividad significativa, recreativa y sana, que nos re\u00fana a todos. Esa es la esencia de esta hermosa actividad\u201d, coment\u00f3 la Teniente Mar\u00eda P\u00eda Barrientos, Oficial de Intereses Mar\u00edtimos de la Gobernaci\u00f3n Mar\u00edtima de Ays\u00e9n.<\/p>\n<p style=\"text-align: justify;\">\u201cHa sido un proceso muy arduo, pero con mucha colaboraci\u00f3n. Hasta ahora todo marcha excelente\u2026 como decimos en el mar: \u2018\u00a1viento en popa!\u2019\u201d, agreg\u00f3 sobre los preparativos.<\/p>\n<p style=\"text-align: justify;\">\u201cEstas actividades forman parte del enfoque que hemos puesto en el deporte desde nuestra gesti\u00f3n, abarcando desde la ni\u00f1ez hasta la adultez mayor. Apostamos por un envejecimiento activo, pero tambi\u00e9n por el desarrollo de nuestros j\u00f3venes como futuros talentos deportivos. El deporte es salud, es comunidad, y es una mejor calidad de vida para todos\u201d, se\u00f1al\u00f3 el alcalde Mart\u00ednez.<\/p>\n<p style=\"text-align: justify;\">A pesar de que los cupos ya se encuentran llenos, la comunidad est\u00e1 invitada a participar como p\u00fablico, a lo largo del recorrido o directamente en el Polideportivo 21 de Abril, donde habr\u00e1 una actividad de Zumba previa a la carrera de 2.5K y diversas actividades abiertas a toda la familia.<\/p>\n<p style=\"text-align: justify;\">\u201cLa invitaci\u00f3n es a acompa\u00f1ar, alentar desde la ruta o sumarse a las actividades en el polideportivo. Esta es una instancia para todos, sin importar la edad o la condici\u00f3n f\u00edsica. El Mes del Mar es de todos\u201d, concluy\u00f3 la Teniente Barrientos.<\/p>\n<p style=\"text-align: justify;\">La largada general ser\u00e1 a las 09:00 hrs, con salidas diferenciadas seg\u00fan distancia y una meta \u00fanica en el Polideportivo, consolidado hoy como el centro neur\u00e1lgico del deporte regional.<\/p>\n<\/div><\/section><\/div><div  style='height:50px' class='hr hr-invisible   avia-builder-el-6  el_after_av_one_full  el_before_av_social_share '><span class='hr-inner ' ><span class='hr-inner-style'><\/span><\/span><\/div><\/p>\n<div  class='av-social-sharing-box  avia-builder-el-7  el_after_av_hr  el_before_av_hr  '><div class='av-share-box'><h5 class='av-share-link-description av-no-toc '>Compartir esta noticia<\/h5><ul class='av-share-box-list noLightbox'><li class='av-share-link av-social-link-facebook' ><a target=\"_blank\" aria-label=\"Compartir en Facebook\" href='https:\/\/www.facebook.com\/sharer.php?u=https:\/\/radiorevelacionfm.cl\/?p=54143&#038;t=Todo%20listo%20para%20una%20nueva%20versi%C3%B3n%20de%20la%20hist%C3%B3rica%20Marat%C3%B3n%20Glorias%20Navales' aria-hidden='false' data-av_icon='\ue8f3' data-av_iconfont='entypo-fontello' title='' data-avia-related-tooltip='Compartir en Facebook' rel=\"noopener\"><span class='avia_hidden_link_text'>Compartir en Facebook<\/span><\/a><\/li><li class='av-share-link av-social-link-twitter' ><a target=\"_blank\" aria-label=\"Compartir en Twitter\" href='https:\/\/twitter.com\/share?text=Todo%20listo%20para%20una%20nueva%20versi%C3%B3n%20de%20la%20hist%C3%B3rica%20Marat%C3%B3n%20Glorias%20Navales&#038;url=https:\/\/radiorevelacionfm.cl\/?p=54143' aria-hidden='false' data-av_icon='\ue8f1' data-av_iconfont='entypo-fontello' title='' data-avia-related-tooltip='Compartir en Twitter' rel=\"noopener\"><span class='avia_hidden_link_text'>Compartir en Twitter<\/span><\/a><\/li><li class='av-share-link av-social-link-whatsapp' ><a target=\"_blank\" aria-label=\"Compartir en Whatsapp\" href='https:\/\/api.whatsapp.com\/send?text=https:\/\/radiorevelacionfm.cl\/?p=54143' aria-hidden='false' data-av_icon='\uf232' data-av_iconfont='entypo-fontello' title='' data-avia-related-tooltip='Compartir en Whatsapp' rel=\"noopener\"><span class='avia_hidden_link_text'>Compartir en Whatsapp<\/span><\/a><\/li><li class='av-share-link av-social-link-linkedin' ><a target=\"_blank\" aria-label=\"Compartir en LinkedIn\" href='https:\/\/linkedin.com\/shareArticle?mini=true&#038;title=Todo%20listo%20para%20una%20nueva%20versi%C3%B3n%20de%20la%20hist%C3%B3rica%20Marat%C3%B3n%20Glorias%20Navales&#038;url=https:\/\/radiorevelacionfm.cl\/?p=54143' aria-hidden='false' data-av_icon='\ue8fc' data-av_iconfont='entypo-fontello' title='' data-avia-related-tooltip='Compartir en LinkedIn' rel=\"noopener\"><span class='avia_hidden_link_text'>Compartir en LinkedIn<\/span><\/a><\/li><li class='av-share-link av-social-link-mail' ><a  aria-label=\"Compartir por correo\" href='mailto:?subject=Todo%20listo%20para%20una%20nueva%20versi%C3%B3n%20de%20la%20hist%C3%B3rica%20Marat%C3%B3n%20Glorias%20Navales&#038;body=https:\/\/radiorevelacionfm.cl\/?p=54143' aria-hidden='false' data-av_icon='\ue805' data-av_iconfont='entypo-fontello' title='' data-avia-related-tooltip='Compartir por correo'><span class='avia_hidden_link_text'>Compartir por correo<\/span><\/a><\/li><\/ul><\/div><\/div>\n<div  style='height:50px' class='hr hr-invisible   avia-builder-el-8  el_after_av_social_share  el_before_av_comments_list '><span class='hr-inner ' ><span class='hr-inner-style'><\/span><\/span><\/div>\n<div  class='av-buildercomment  av-blog-meta-html-info-disabled av-blog-meta-tag-disabled  '><\/div>\n","protected":false},"excerpt":{"rendered":"","protected":false},"author":1,"featured_media":54144,"comment_status":"closed","ping_status":"closed","sticky":false,"template":"","format":"standard","meta":{"footnotes":""},"categories":[38],"tags":[],"class_list":["post-54143","post","type-post","status-publish","format-standard","has-post-thumbnail","hentry","category-regional"],"jetpack_featured_media_url":"https:\/\/radiorevelacionfm.cl\/wp-content\/uploads\/2025\/05\/vlcsnap-2025-05-19-16h42m23s519-1_optimized.jpg","_links":{"self":[{"href":"https:\/\/radiorevelacionfm.cl\/index.php?rest_route=\/wp\/v2\/posts\/54143","targetHints":{"allow":["GET"]}}],"collection":[{"href":"https:\/\/radiorevelacionfm.cl\/index.php?rest_route=\/wp\/v2\/posts"}],"about":[{"href":"https:\/\/radiorevelacionfm.cl\/index.php?rest_route=\/wp\/v2\/types\/post"}],"author":[{"embeddable":true,"href":"https:\/\/radiorevelacionfm.cl\/index.php?rest_route=\/wp\/v2\/users\/1"}],"replies":[{"embeddable":true,"href":"https:\/\/radiorevelacionfm.cl\/index.php?rest_route=%2Fwp%2Fv2%2Fcomments&post=54143"}],"version-history":[{"count":2,"href":"https:\/\/radiorevelacionfm.cl\/index.php?rest_route=\/wp\/v2\/posts\/54143\/revisions"}],"predecessor-version":[{"id":54146,"href":"https:\/\/radiorevelacionfm.cl\/index.php?rest_route=\/wp\/v2\/posts\/54143\/revisions\/54146"}],"wp:featuredmedia":[{"embeddable":true,"href":"https:\/\/radiorevelacionfm.cl\/index.php?rest_route=\/wp\/v2\/media\/54144"}],"wp:attachment":[{"href":"https:\/\/radiorevelacionfm.cl\/index.php?rest_route=%2Fwp%2Fv2%2Fmedia&parent=54143"}],"wp:term":[{"taxonomy":"category","embeddable":true,"href":"https:\/\/radiorevelacionfm.cl\/index.php?rest_route=%2Fwp%2Fv2%2Fcategories&post=54143"},{"taxonomy":"post_tag","embeddable":true,"href":"https:\/\/radiorevelacionfm.cl\/index.php?rest_route=%2Fwp%2Fv2%2Ftags&post=54143"}],"curies":[{"name":"wp","href":"https:\/\/api.w.org\/{rel}","templated":true}]}}