{"id":54139,"date":"2025-05-20T12:26:27","date_gmt":"2025-05-20T15:26:27","guid":{"rendered":"https:\/\/radiorevelacionfm.cl\/?p=54139"},"modified":"2025-05-20T12:26:27","modified_gmt":"2025-05-20T15:26:27","slug":"gobierno-reabre-proceso-2025-de-postulacion-a-patente-minera-rebajada-para-pequena-mineria","status":"publish","type":"post","link":"https:\/\/radiorevelacionfm.cl\/?p=54139","title":{"rendered":"Gobierno reabre proceso 2025 de postulaci\u00f3n a patente minera rebajada para peque\u00f1a miner\u00eda"},"content":{"rendered":"<div class=\"flex_column av_one_full  flex_column_div av-zero-column-padding first  avia-builder-el-0  el_before_av_one_full  avia-builder-el-first  \" style='border-radius:0px; '><div  class='avia-image-container  av-styling-    avia-builder-el-1  avia-builder-el-no-sibling  avia-align-center '  itemprop=\"image\" itemscope=\"itemscope\" itemtype=\"https:\/\/schema.org\/ImageObject\"  ><div class='avia-image-container-inner'><div class='avia-image-overlay-wrap'><img decoding=\"async\" class='wp-image-54140 avia-img-lazy-loading-not-54140 avia_image' src=\"https:\/\/radiorevelacionfm.cl\/wp-content\/uploads\/2025\/05\/img_20250214_141917-1-1_optimized-1_optimized-1.jpg\" alt='' title='img_20250214_141917-(1)-(1)_optimized-(1)_optimized (1)' height=\"600\" width=\"1066\"  itemprop=\"thumbnailUrl\" srcset=\"https:\/\/radiorevelacionfm.cl\/wp-content\/uploads\/2025\/05\/img_20250214_141917-1-1_optimized-1_optimized-1.jpg 1066w, https:\/\/radiorevelacionfm.cl\/wp-content\/uploads\/2025\/05\/img_20250214_141917-1-1_optimized-1_optimized-1-300x169.jpg 300w, https:\/\/radiorevelacionfm.cl\/wp-content\/uploads\/2025\/05\/img_20250214_141917-1-1_optimized-1_optimized-1-1030x580.jpg 1030w, https:\/\/radiorevelacionfm.cl\/wp-content\/uploads\/2025\/05\/img_20250214_141917-1-1_optimized-1_optimized-1-768x432.jpg 768w, https:\/\/radiorevelacionfm.cl\/wp-content\/uploads\/2025\/05\/img_20250214_141917-1-1_optimized-1_optimized-1-705x397.jpg 705w, https:\/\/radiorevelacionfm.cl\/wp-content\/uploads\/2025\/05\/img_20250214_141917-1-1_optimized-1_optimized-1-450x253.jpg 450w, https:\/\/radiorevelacionfm.cl\/wp-content\/uploads\/2025\/05\/img_20250214_141917-1-1_optimized-1_optimized-1-600x338.jpg 600w\" sizes=\"(max-width: 1066px) 100vw, 1066px\" \/><\/div><\/div><\/div><\/div><div class=\"flex_column av_one_full  flex_column_div av-zero-column-padding first  avia-builder-el-2  el_after_av_one_full  el_before_av_one_full  column-top-margin\" style='border-radius:0px; '><section class=\"av_textblock_section \"  itemscope=\"itemscope\" itemtype=\"https:\/\/schema.org\/BlogPosting\" itemprop=\"blogPost\" ><div class='avia_textblock  '   itemprop=\"text\" ><p style=\"text-align: center;\"><strong><span style=\"font-size: 18pt;\">Gobierno reabre proceso 2025 de postulaci\u00f3n a patente minera rebajada para peque\u00f1a miner\u00eda<\/span><\/strong><\/p>\n<div id=\"gtx-trans\" style=\"position: absolute; left: -50px; top: 4.31534px;\">\n<div class=\"gtx-trans-icon\"><\/div>\n<\/div>\n<\/div><\/section><\/div><div class=\"flex_column av_one_full  flex_column_div av-zero-column-padding first  avia-builder-el-4  el_after_av_one_full  el_before_av_hr  column-top-margin\" style='border-radius:0px; '><section class=\"av_textblock_section \"  itemscope=\"itemscope\" itemtype=\"https:\/\/schema.org\/BlogPosting\" itemprop=\"blogPost\" ><div class='avia_textblock  '   itemprop=\"text\" ><p style=\"text-align: justify;\"><em>El llamado es a postular antes del 12 de junio para que en un plazo m\u00e1ximo de 10 d\u00edas las solicitudes sean resueltas por Sernageomin.<\/em><\/p>\n<p style=\"text-align: justify;\">El ministerio de Miner\u00eda anunci\u00f3 la publicaci\u00f3n en el Diario Oficial del Decreto Supremo N\u00b07, que reabre el proceso de postulaci\u00f3n a la patente minera rebajada correspondiente al a\u00f1o 2025, estableciendo un sistema de ventanilla abierta para peque\u00f1os mineros con pertenencias de hasta 500 hect\u00e1reas. Esta iniciativa permitir\u00e1 que los interesados puedan acceder a la patente rebajada en cualquier momento del a\u00f1o, y no s\u00f3lo durante un periodo acotado como ocurr\u00eda hasta ahora.<\/p>\n<p style=\"text-align: justify;\">La medida permitir\u00e1 que las solicitudes aprobadas durante el a\u00f1o tengan un efecto retroactivo, es decir, si el Servicio Nacional de Geolog\u00eda y Miner\u00eda (Sernageomin) aprueba la solicitud durante 2025, la rebaja se aplicar\u00e1 a la patente correspondiente al mes de marzo del a\u00f1o en curso. Con esta apertura, se reconoce y valora el esfuerzo de quienes cumplen con los requisitos, brind\u00e1ndoles una nueva opci\u00f3n incluso si no completaron su postulaci\u00f3n anterior en el plazo establecido.<\/p>\n<p style=\"text-align: justify;\">\u00abCon la modificaci\u00f3n del reglamento reafirmamos el compromiso claro y concreto de nuestro gobierno con la peque\u00f1a miner\u00eda. Esta es una se\u00f1al de respaldo a un sector fundamental para el desarrollo territorial, al que estamos entregando viabilidad, certezas y oportunidades. Con esta medida, avanzamos en una soluci\u00f3n concreta que permite incorporar a m\u00e1s mineros y mineras que merecen ser parte del proceso\u201d, se\u00f1al\u00f3 la ministra de Miner\u00eda, Aurora Williams Baussa, destacando el compromiso del Ejecutivo con el desarrollo del sector.<\/p>\n<p style=\"text-align: justify;\">En tanto, el director nacional de Sernageomin, Patricio Aguilera Poblete, explic\u00f3 que se han adoptado medidas operativas para responder con celeridad a las nuevas solicitudes: \u00abhemos reforzado nuestros equipos para asegurar que todas las solicitudes ingresadas antes del 12 de junio sean resueltas en un plazo m\u00e1ximo de 10 d\u00edas h\u00e1biles. Esta reapertura tambi\u00e9n nos permite cerrar adecuadamente el proceso 2025 y proyectar un proceso 2026 m\u00e1s \u00e1gil y accesible\u00bb.<\/p>\n<p style=\"text-align: justify;\">Justamente, el proceso de postulaci\u00f3n para el a\u00f1o 2026 ya est\u00e1 habilitado y considera varias mejoras orientadas a facilitar los tr\u00e1mites para la peque\u00f1a miner\u00eda. Entre ellas, destaca la posibilidad de reemplazar el certificado de dominio vigente por una declaraci\u00f3n jurada simple, as\u00ed como la eliminaci\u00f3n del requisito de firma ante ministro de fe en los contratos de arriendo, lo que se espera agilice significativamente la tramitaci\u00f3n.<\/p>\n<p style=\"text-align: justify;\">La implementaci\u00f3n de un sistema de postulaci\u00f3n permanente es vista como un paso clave para ampliar el acceso a este tipo de herramientas, especialmente en regiones con alta concentraci\u00f3n de miner\u00eda artesanal y de peque\u00f1a escala. De esta forma, el ministerio de Miner\u00eda y Sernageomin avanzan en soluciones que reconozcan y valoren el trabajo de la peque\u00f1a miner\u00eda a lo largo del pa\u00eds.<\/p>\n<\/div><\/section><\/div><div  style='height:50px' class='hr hr-invisible   avia-builder-el-6  el_after_av_one_full  el_before_av_social_share '><span class='hr-inner ' ><span class='hr-inner-style'><\/span><\/span><\/div><\/p>\n<div  class='av-social-sharing-box  avia-builder-el-7  el_after_av_hr  el_before_av_hr  '><div class='av-share-box'><h5 class='av-share-link-description av-no-toc '>Compartir esta noticia<\/h5><ul class='av-share-box-list noLightbox'><li class='av-share-link av-social-link-facebook' ><a target=\"_blank\" aria-label=\"Compartir en Facebook\" href='https:\/\/www.facebook.com\/sharer.php?u=https:\/\/radiorevelacionfm.cl\/?p=54139&#038;t=Gobierno%20reabre%20proceso%202025%20de%20postulaci%C3%B3n%20a%20patente%20minera%20rebajada%20para%20peque%C3%B1a%20miner%C3%ADa' aria-hidden='false' data-av_icon='\ue8f3' data-av_iconfont='entypo-fontello' title='' data-avia-related-tooltip='Compartir en Facebook' rel=\"noopener\"><span class='avia_hidden_link_text'>Compartir en Facebook<\/span><\/a><\/li><li class='av-share-link av-social-link-twitter' ><a target=\"_blank\" aria-label=\"Compartir en Twitter\" href='https:\/\/twitter.com\/share?text=Gobierno%20reabre%20proceso%202025%20de%20postulaci%C3%B3n%20a%20patente%20minera%20rebajada%20para%20peque%C3%B1a%20miner%C3%ADa&#038;url=https:\/\/radiorevelacionfm.cl\/?p=54139' aria-hidden='false' data-av_icon='\ue8f1' data-av_iconfont='entypo-fontello' title='' data-avia-related-tooltip='Compartir en Twitter' rel=\"noopener\"><span class='avia_hidden_link_text'>Compartir en Twitter<\/span><\/a><\/li><li class='av-share-link av-social-link-whatsapp' ><a target=\"_blank\" aria-label=\"Compartir en Whatsapp\" href='https:\/\/api.whatsapp.com\/send?text=https:\/\/radiorevelacionfm.cl\/?p=54139' aria-hidden='false' data-av_icon='\uf232' data-av_iconfont='entypo-fontello' title='' data-avia-related-tooltip='Compartir en Whatsapp' rel=\"noopener\"><span class='avia_hidden_link_text'>Compartir en Whatsapp<\/span><\/a><\/li><li class='av-share-link av-social-link-linkedin' ><a target=\"_blank\" aria-label=\"Compartir en LinkedIn\" href='https:\/\/linkedin.com\/shareArticle?mini=true&#038;title=Gobierno%20reabre%20proceso%202025%20de%20postulaci%C3%B3n%20a%20patente%20minera%20rebajada%20para%20peque%C3%B1a%20miner%C3%ADa&#038;url=https:\/\/radiorevelacionfm.cl\/?p=54139' aria-hidden='false' data-av_icon='\ue8fc' data-av_iconfont='entypo-fontello' title='' data-avia-related-tooltip='Compartir en LinkedIn' rel=\"noopener\"><span class='avia_hidden_link_text'>Compartir en LinkedIn<\/span><\/a><\/li><li class='av-share-link av-social-link-mail' ><a  aria-label=\"Compartir por correo\" href='mailto:?subject=Gobierno%20reabre%20proceso%202025%20de%20postulaci%C3%B3n%20a%20patente%20minera%20rebajada%20para%20peque%C3%B1a%20miner%C3%ADa&#038;body=https:\/\/radiorevelacionfm.cl\/?p=54139' aria-hidden='false' data-av_icon='\ue805' data-av_iconfont='entypo-fontello' title='' data-avia-related-tooltip='Compartir por correo'><span class='avia_hidden_link_text'>Compartir por correo<\/span><\/a><\/li><\/ul><\/div><\/div>\n<div  style='height:50px' class='hr hr-invisible   avia-builder-el-8  el_after_av_social_share  el_before_av_comments_list '><span class='hr-inner ' ><span class='hr-inner-style'><\/span><\/span><\/div>\n<div  class='av-buildercomment  av-blog-meta-html-info-disabled av-blog-meta-tag-disabled  '><\/div>\n","protected":false},"excerpt":{"rendered":"","protected":false},"author":1,"featured_media":54140,"comment_status":"closed","ping_status":"closed","sticky":false,"template":"","format":"standard","meta":{"footnotes":""},"categories":[61],"tags":[],"class_list":["post-54139","post","type-post","status-publish","format-standard","has-post-thumbnail","hentry","category-nacional"],"jetpack_featured_media_url":"https:\/\/radiorevelacionfm.cl\/wp-content\/uploads\/2025\/05\/img_20250214_141917-1-1_optimized-1_optimized-1.jpg","_links":{"self":[{"href":"https:\/\/radiorevelacionfm.cl\/index.php?rest_route=\/wp\/v2\/posts\/54139","targetHints":{"allow":["GET"]}}],"collection":[{"href":"https:\/\/radiorevelacionfm.cl\/index.php?rest_route=\/wp\/v2\/posts"}],"about":[{"href":"https:\/\/radiorevelacionfm.cl\/index.php?rest_route=\/wp\/v2\/types\/post"}],"author":[{"embeddable":true,"href":"https:\/\/radiorevelacionfm.cl\/index.php?rest_route=\/wp\/v2\/users\/1"}],"replies":[{"embeddable":true,"href":"https:\/\/radiorevelacionfm.cl\/index.php?rest_route=%2Fwp%2Fv2%2Fcomments&post=54139"}],"version-history":[{"count":2,"href":"https:\/\/radiorevelacionfm.cl\/index.php?rest_route=\/wp\/v2\/posts\/54139\/revisions"}],"predecessor-version":[{"id":54177,"href":"https:\/\/radiorevelacionfm.cl\/index.php?rest_route=\/wp\/v2\/posts\/54139\/revisions\/54177"}],"wp:featuredmedia":[{"embeddable":true,"href":"https:\/\/radiorevelacionfm.cl\/index.php?rest_route=\/wp\/v2\/media\/54140"}],"wp:attachment":[{"href":"https:\/\/radiorevelacionfm.cl\/index.php?rest_route=%2Fwp%2Fv2%2Fmedia&parent=54139"}],"wp:term":[{"taxonomy":"category","embeddable":true,"href":"https:\/\/radiorevelacionfm.cl\/index.php?rest_route=%2Fwp%2Fv2%2Fcategories&post=54139"},{"taxonomy":"post_tag","embeddable":true,"href":"https:\/\/radiorevelacionfm.cl\/index.php?rest_route=%2Fwp%2Fv2%2Ftags&post=54139"}],"curies":[{"name":"wp","href":"https:\/\/api.w.org\/{rel}","templated":true}]}}