{"id":54136,"date":"2025-05-21T18:28:34","date_gmt":"2025-05-21T21:28:34","guid":{"rendered":"https:\/\/radiorevelacionfm.cl\/?p=54136"},"modified":"2025-05-21T18:28:34","modified_gmt":"2025-05-21T21:28:34","slug":"seremi-de-gobierno-reitera-llamado-a-vacunarse","status":"publish","type":"post","link":"https:\/\/radiorevelacionfm.cl\/?p=54136","title":{"rendered":"Seremi de Gobierno reitera llamado a vacunarse"},"content":{"rendered":"<div class=\"flex_column av_one_full  flex_column_div av-zero-column-padding first  avia-builder-el-0  el_before_av_one_full  avia-builder-el-first  \" style='border-radius:0px; '><div  class='avia-image-container  av-styling-    avia-builder-el-1  avia-builder-el-no-sibling  avia-align-center '  itemprop=\"image\" itemscope=\"itemscope\" itemtype=\"https:\/\/schema.org\/ImageObject\"  ><div class='avia-image-container-inner'><div class='avia-image-overlay-wrap'><img decoding=\"async\" class='wp-image-54137 avia-img-lazy-loading-not-54137 avia_image' src=\"https:\/\/radiorevelacionfm.cl\/wp-content\/uploads\/2025\/05\/foto-comunicado-vacunas-1-1_optimized-1.jpeg\" alt='' title='foto-comunicado-vacunas-(1)-(1)_optimized (1)' height=\"600\" width=\"800\"  itemprop=\"thumbnailUrl\" srcset=\"https:\/\/radiorevelacionfm.cl\/wp-content\/uploads\/2025\/05\/foto-comunicado-vacunas-1-1_optimized-1.jpeg 800w, https:\/\/radiorevelacionfm.cl\/wp-content\/uploads\/2025\/05\/foto-comunicado-vacunas-1-1_optimized-1-300x225.jpeg 300w, https:\/\/radiorevelacionfm.cl\/wp-content\/uploads\/2025\/05\/foto-comunicado-vacunas-1-1_optimized-1-768x576.jpeg 768w, https:\/\/radiorevelacionfm.cl\/wp-content\/uploads\/2025\/05\/foto-comunicado-vacunas-1-1_optimized-1-705x529.jpeg 705w, https:\/\/radiorevelacionfm.cl\/wp-content\/uploads\/2025\/05\/foto-comunicado-vacunas-1-1_optimized-1-450x338.jpeg 450w, https:\/\/radiorevelacionfm.cl\/wp-content\/uploads\/2025\/05\/foto-comunicado-vacunas-1-1_optimized-1-600x450.jpeg 600w\" sizes=\"(max-width: 800px) 100vw, 800px\" \/><\/div><\/div><\/div><\/div><div class=\"flex_column av_one_full  flex_column_div av-zero-column-padding first  avia-builder-el-2  el_after_av_one_full  el_before_av_one_full  column-top-margin\" style='border-radius:0px; '><section class=\"av_textblock_section \"  itemscope=\"itemscope\" itemtype=\"https:\/\/schema.org\/BlogPosting\" itemprop=\"blogPost\" ><div class='avia_textblock  '   itemprop=\"text\" ><p style=\"text-align: center;\"><span style=\"font-size: 18pt;\"><strong>Seremi de Gobierno reitera llamado a vacunarse<\/strong><\/span><\/p>\n<div id=\"gtx-trans\" style=\"position: absolute; left: -50px; top: 4.31534px;\">\n<div class=\"gtx-trans-icon\"><\/div>\n<\/div>\n<\/div><\/section><\/div><div class=\"flex_column av_one_full  flex_column_div av-zero-column-padding first  avia-builder-el-4  el_after_av_one_full  el_before_av_hr  column-top-margin\" style='border-radius:0px; '><section class=\"av_textblock_section \"  itemscope=\"itemscope\" itemtype=\"https:\/\/schema.org\/BlogPosting\" itemprop=\"blogPost\" ><div class='avia_textblock  '   itemprop=\"text\" ><p style=\"text-align: justify;\">La campa\u00f1a de vacunaci\u00f3n e inmunizaci\u00f3n invernal comenz\u00f3 el primero de marzo, por lo que la Seremi de Gobierno, \u00darsula Mix Jim\u00e9nez, record\u00f3 que el objetivo de la campa\u00f1a es proteger a los grupos de mayor riesgo -embarazadas, adultos mayores y enfermos cr\u00f3nicos-, de los virus respiratorios que se incrementan durante los meses de invierno.<\/p>\n<p style=\"text-align: justify;\">En este sentido, la portavoz se\u00f1al\u00f3 que de acuerdo a lo establecido por el C\u00f3digo del Trabajo, las y los trabajadores que pertenezcan a los grupos objetivos determinados por las campa\u00f1as de vacunaci\u00f3n e inmunizaci\u00f3n, pueden asistir a vacunarse.<\/p>\n<p style=\"text-align: justify;\">\u201cLes pedimos a las personas, principalmente a quienes pertenecen a los grupos objetivos, no retrasar la inmunizaci\u00f3n, considerando que a la fecha solo se ha vacunado poco m\u00e1s del 60% de nuestra poblaci\u00f3n objetivo. Para quienes se encuentren contratados por el C\u00f3digo del Trabajo, cuentan con un permiso laboral que les permite realizar este tr\u00e1mite sin generar un costo o descuento por ausentarse por este motivo, por lo que el llamado es al autocuidado\u201d, se\u00f1al\u00f3 la Seremi de Gobierno.<\/p>\n<p style=\"text-align: justify;\">En tanto, la Seremi del Trabajo y Previsi\u00f3n Social, Camila Covarrubias, reforz\u00f3 el llamado a vacunarse explicando este derecho laboral, \u201cQuisi\u00e9ramos reforzar la importancia de vacunarse, por ello recordamos tanto a los trabajadores como a los empleadores, la existencia de la ley 21.347, que entrega un permiso de medio d\u00eda para vacunarse, ya sea por influenza, Covid o ante cualquier campa\u00f1a que determine el Ministerio de Salud. Este permiso laboral no puede ser negado, ni compensado econ\u00f3micamente, ya que el empleador estar\u00eda incurriendo en una falta. Es un permiso que adem\u00e1s debe ser ampliado con el tiempo suficiente para los traslados hacia y desde el lugar donde se realice la administraci\u00f3n de dosis de la vacuna, tomando en consideraci\u00f3n las condiciones geogr\u00e1ficas y de transporte, teniendo en cuenta que este medio d\u00eda no puede ser descontado de su remuneraci\u00f3n\u201d.<\/p>\n<p style=\"text-align: justify;\">Con respecto a la solicitud de este permiso, la Seremi Covarrubias detall\u00f3, \u201cPara solicitar este permiso laboral, el trabajador debe dar aviso a su empleador con al menos dos d\u00edas de anticipaci\u00f3n, este aviso deber\u00e1 constar por escrito y el trabajador luego debe presentar un certificado o documento que otorgue la autoridad sanitaria, detallando que efectivamente se vacun\u00f3\u201d.<\/p>\n<p style=\"text-align: justify;\">Si eres parte del grupo objetivo, vac\u00fanate gratis. Para m\u00e1s informaci\u00f3n, visita <a href=\"http:\/\/www.minsal.cl\">www.minsal.cl<\/a> o llama gratis a Salud Responde al 600 360 7777.<\/p>\n<\/div><\/section><\/div><div  style='height:50px' class='hr hr-invisible   avia-builder-el-6  el_after_av_one_full  el_before_av_social_share '><span class='hr-inner ' ><span class='hr-inner-style'><\/span><\/span><\/div><\/p>\n<div  class='av-social-sharing-box  avia-builder-el-7  el_after_av_hr  el_before_av_hr  '><div class='av-share-box'><h5 class='av-share-link-description av-no-toc '>Compartir esta noticia<\/h5><ul class='av-share-box-list noLightbox'><li class='av-share-link av-social-link-facebook' ><a target=\"_blank\" aria-label=\"Compartir en Facebook\" href='https:\/\/www.facebook.com\/sharer.php?u=https:\/\/radiorevelacionfm.cl\/?p=54136&#038;t=Seremi%20de%20Gobierno%20reitera%20llamado%20a%20vacunarse' aria-hidden='false' data-av_icon='\ue8f3' data-av_iconfont='entypo-fontello' title='' data-avia-related-tooltip='Compartir en Facebook' rel=\"noopener\"><span class='avia_hidden_link_text'>Compartir en Facebook<\/span><\/a><\/li><li class='av-share-link av-social-link-twitter' ><a target=\"_blank\" aria-label=\"Compartir en Twitter\" href='https:\/\/twitter.com\/share?text=Seremi%20de%20Gobierno%20reitera%20llamado%20a%20vacunarse&#038;url=https:\/\/radiorevelacionfm.cl\/?p=54136' aria-hidden='false' data-av_icon='\ue8f1' data-av_iconfont='entypo-fontello' title='' data-avia-related-tooltip='Compartir en Twitter' rel=\"noopener\"><span class='avia_hidden_link_text'>Compartir en Twitter<\/span><\/a><\/li><li class='av-share-link av-social-link-whatsapp' ><a target=\"_blank\" aria-label=\"Compartir en Whatsapp\" href='https:\/\/api.whatsapp.com\/send?text=https:\/\/radiorevelacionfm.cl\/?p=54136' aria-hidden='false' data-av_icon='\uf232' data-av_iconfont='entypo-fontello' title='' data-avia-related-tooltip='Compartir en Whatsapp' rel=\"noopener\"><span class='avia_hidden_link_text'>Compartir en Whatsapp<\/span><\/a><\/li><li class='av-share-link av-social-link-linkedin' ><a target=\"_blank\" aria-label=\"Compartir en LinkedIn\" href='https:\/\/linkedin.com\/shareArticle?mini=true&#038;title=Seremi%20de%20Gobierno%20reitera%20llamado%20a%20vacunarse&#038;url=https:\/\/radiorevelacionfm.cl\/?p=54136' aria-hidden='false' data-av_icon='\ue8fc' data-av_iconfont='entypo-fontello' title='' data-avia-related-tooltip='Compartir en LinkedIn' rel=\"noopener\"><span class='avia_hidden_link_text'>Compartir en LinkedIn<\/span><\/a><\/li><li class='av-share-link av-social-link-mail' ><a  aria-label=\"Compartir por correo\" href='mailto:?subject=Seremi%20de%20Gobierno%20reitera%20llamado%20a%20vacunarse&#038;body=https:\/\/radiorevelacionfm.cl\/?p=54136' aria-hidden='false' data-av_icon='\ue805' data-av_iconfont='entypo-fontello' title='' data-avia-related-tooltip='Compartir por correo'><span class='avia_hidden_link_text'>Compartir por correo<\/span><\/a><\/li><\/ul><\/div><\/div>\n<div  style='height:50px' class='hr hr-invisible   avia-builder-el-8  el_after_av_social_share  el_before_av_comments_list '><span class='hr-inner ' ><span class='hr-inner-style'><\/span><\/span><\/div>\n<div  class='av-buildercomment  av-blog-meta-html-info-disabled av-blog-meta-tag-disabled  '><\/div>\n","protected":false},"excerpt":{"rendered":"","protected":false},"author":1,"featured_media":54137,"comment_status":"closed","ping_status":"closed","sticky":false,"template":"","format":"standard","meta":{"footnotes":""},"categories":[38],"tags":[],"class_list":["post-54136","post","type-post","status-publish","format-standard","has-post-thumbnail","hentry","category-regional"],"jetpack_featured_media_url":"https:\/\/radiorevelacionfm.cl\/wp-content\/uploads\/2025\/05\/foto-comunicado-vacunas-1-1_optimized-1.jpeg","_links":{"self":[{"href":"https:\/\/radiorevelacionfm.cl\/index.php?rest_route=\/wp\/v2\/posts\/54136","targetHints":{"allow":["GET"]}}],"collection":[{"href":"https:\/\/radiorevelacionfm.cl\/index.php?rest_route=\/wp\/v2\/posts"}],"about":[{"href":"https:\/\/radiorevelacionfm.cl\/index.php?rest_route=\/wp\/v2\/types\/post"}],"author":[{"embeddable":true,"href":"https:\/\/radiorevelacionfm.cl\/index.php?rest_route=\/wp\/v2\/users\/1"}],"replies":[{"embeddable":true,"href":"https:\/\/radiorevelacionfm.cl\/index.php?rest_route=%2Fwp%2Fv2%2Fcomments&post=54136"}],"version-history":[{"count":2,"href":"https:\/\/radiorevelacionfm.cl\/index.php?rest_route=\/wp\/v2\/posts\/54136\/revisions"}],"predecessor-version":[{"id":54230,"href":"https:\/\/radiorevelacionfm.cl\/index.php?rest_route=\/wp\/v2\/posts\/54136\/revisions\/54230"}],"wp:featuredmedia":[{"embeddable":true,"href":"https:\/\/radiorevelacionfm.cl\/index.php?rest_route=\/wp\/v2\/media\/54137"}],"wp:attachment":[{"href":"https:\/\/radiorevelacionfm.cl\/index.php?rest_route=%2Fwp%2Fv2%2Fmedia&parent=54136"}],"wp:term":[{"taxonomy":"category","embeddable":true,"href":"https:\/\/radiorevelacionfm.cl\/index.php?rest_route=%2Fwp%2Fv2%2Fcategories&post=54136"},{"taxonomy":"post_tag","embeddable":true,"href":"https:\/\/radiorevelacionfm.cl\/index.php?rest_route=%2Fwp%2Fv2%2Ftags&post=54136"}],"curies":[{"name":"wp","href":"https:\/\/api.w.org\/{rel}","templated":true}]}}