{"id":54129,"date":"2025-05-20T10:13:17","date_gmt":"2025-05-20T13:13:17","guid":{"rendered":"https:\/\/radiorevelacionfm.cl\/?p=54129"},"modified":"2025-05-20T10:13:17","modified_gmt":"2025-05-20T13:13:17","slug":"concejala-valdebenito-y-problemas-en-planta-de-tratamiento-de-puerto-guadal-estamos-viviendo-una-emergencia-sanitaria","status":"publish","type":"post","link":"https:\/\/radiorevelacionfm.cl\/?p=54129","title":{"rendered":"Concejala Valdebenito y problemas en planta de tratamiento de Puerto Guadal: \u00abEstamos viviendo una emergencia sanitaria\u201d"},"content":{"rendered":"<div class=\"flex_column av_one_full  flex_column_div av-zero-column-padding first  avia-builder-el-0  el_before_av_one_full  avia-builder-el-first  \" style='border-radius:0px; '><div  class='avia-image-container  av-styling-    avia-builder-el-1  avia-builder-el-no-sibling  avia-align-center '  itemprop=\"image\" itemscope=\"itemscope\" itemtype=\"https:\/\/schema.org\/ImageObject\"  ><div class='avia-image-container-inner'><div class='avia-image-overlay-wrap'><img decoding=\"async\" class='wp-image-54130 avia-img-lazy-loading-not-54130 avia_image' src=\"https:\/\/radiorevelacionfm.cl\/wp-content\/uploads\/2025\/05\/aguas-servidas-puerto-guadal-1_optimized-1.jpg\" alt='' title='aguas-servidas-puerto-guadal-(1)_optimized (1)' height=\"600\" width=\"800\"  itemprop=\"thumbnailUrl\" srcset=\"https:\/\/radiorevelacionfm.cl\/wp-content\/uploads\/2025\/05\/aguas-servidas-puerto-guadal-1_optimized-1.jpg 800w, https:\/\/radiorevelacionfm.cl\/wp-content\/uploads\/2025\/05\/aguas-servidas-puerto-guadal-1_optimized-1-300x225.jpg 300w, https:\/\/radiorevelacionfm.cl\/wp-content\/uploads\/2025\/05\/aguas-servidas-puerto-guadal-1_optimized-1-768x576.jpg 768w, https:\/\/radiorevelacionfm.cl\/wp-content\/uploads\/2025\/05\/aguas-servidas-puerto-guadal-1_optimized-1-705x529.jpg 705w, https:\/\/radiorevelacionfm.cl\/wp-content\/uploads\/2025\/05\/aguas-servidas-puerto-guadal-1_optimized-1-450x338.jpg 450w, https:\/\/radiorevelacionfm.cl\/wp-content\/uploads\/2025\/05\/aguas-servidas-puerto-guadal-1_optimized-1-600x450.jpg 600w\" sizes=\"(max-width: 800px) 100vw, 800px\" \/><\/div><\/div><\/div><\/div><div class=\"flex_column av_one_full  flex_column_div av-zero-column-padding first  avia-builder-el-2  el_after_av_one_full  el_before_av_one_full  column-top-margin\" style='border-radius:0px; '><section class=\"av_textblock_section \"  itemscope=\"itemscope\" itemtype=\"https:\/\/schema.org\/BlogPosting\" itemprop=\"blogPost\" ><div class='avia_textblock  '   itemprop=\"text\" ><p style=\"text-align: center;\"><strong><span style=\"font-size: 18pt;\">Concejala Valdebenito y problemas en planta de tratamiento de Puerto Guadal: \u00abEstamos viviendo una emergencia sanitaria\u201d<\/span><\/strong><\/p>\n<div id=\"gtx-trans\" style=\"position: absolute; left: -50px; top: 4.31534px;\">\n<div class=\"gtx-trans-icon\"><\/div>\n<\/div>\n<\/div><\/section><\/div><div class=\"flex_column av_one_full  flex_column_div av-zero-column-padding first  avia-builder-el-4  el_after_av_one_full  el_before_av_hr  column-top-margin\" style='border-radius:0px; '><section class=\"av_textblock_section \"  itemscope=\"itemscope\" itemtype=\"https:\/\/schema.org\/BlogPosting\" itemprop=\"blogPost\" ><div class='avia_textblock  '   itemprop=\"text\" ><p style=\"text-align: justify;\"><em>La representante comunal dice que la situaci\u00f3n no ha tenido la reacci\u00f3n ni la atenci\u00f3n \u201cque los vecinos hubieran esperado\u201d.<\/em><\/p>\n<p style=\"text-align: justify;\">\u201cNo es insistencia es urgencia\u201d. As\u00ed lo manifest\u00f3 la concejala de Chile Chico, Angela Valdebenito ante los reiterados problemas que presenta la planta de tratamiento en la localidad de Puerto Guadal.<\/p>\n<p style=\"text-align: justify;\">Para Valdebenito, la situaci\u00f3n se ha transformado en algo \u201cinsostenible\u201d por lo que lament\u00f3 que el mal funcionamiento de la planta no tenga la reacci\u00f3n ni la atenci\u00f3n \u201cque los vecinos hubieran esperado\u201d. \u201cEllos mismos han tenido que evidenciar todo este tema por medio de fotos y videos, que dejan en evidencia la cr\u00edtica situaci\u00f3n que se vive desde el verano a la fecha, lo que sin duda afecta tanto a emprendedores como comercio y comunidad en general\u201d, puntualiz\u00f3.<\/p>\n<p style=\"text-align: justify;\">La concejala record\u00f3 que en \u00e9poca estival \u201cning\u00fan visitante quer\u00eda quedarse en la localidad, por los malos olores, lo que sin duda trae consecuencias, por ejemplo, para la actividad tur\u00edstica en la zona\u201d.<\/p>\n<p style=\"text-align: justify;\">En esa l\u00ednea, dijo que, si bien desde el municipio se est\u00e1n haciendo los esfuerzos para contener la situaci\u00f3n, el proceso ha sido lento por distintas razones. \u201cExiste un plan de acci\u00f3n, se han inyectado y solicitado recursos, sabiendo que prioridad para el PEDZE 2.0, pero los resultados, en el mejor de los casos, se har\u00e1n visibles en unos dos a\u00f1os, lo que en definitiva es poco esperanzador para los vecinos de Puerto Guadal\u201d, recalc\u00f3.<\/p>\n<p style=\"text-align: justify;\">Por lo mismo, la concejala Valdebenito hizo un llamado a los organismos responsables de estos temas para intervenir y aminorar los plazos. \u201cY as\u00ed podamos devolver la tranquilidad, y por qu\u00e9 no, la dignidad a los vecinos afectados, los que necesitan vivir en un ambiente limpio de contaminaci\u00f3n\u201d, subray\u00f3.<\/p>\n<p style=\"text-align: justify;\">Finalmente, la autoridad comunal considera que es el Servicio de Salud Ays\u00e9n el organismo que debiera decretar emergencia sanitaria en Puerto Guadal.<\/p>\n<\/div><\/section><\/div><div  style='height:50px' class='hr hr-invisible   avia-builder-el-6  el_after_av_one_full  el_before_av_social_share '><span class='hr-inner ' ><span class='hr-inner-style'><\/span><\/span><\/div><\/p>\n<div  class='av-social-sharing-box  avia-builder-el-7  el_after_av_hr  el_before_av_hr  '><div class='av-share-box'><h5 class='av-share-link-description av-no-toc '>Compartir esta noticia<\/h5><ul class='av-share-box-list noLightbox'><li class='av-share-link av-social-link-facebook' ><a target=\"_blank\" aria-label=\"Compartir en Facebook\" href='https:\/\/www.facebook.com\/sharer.php?u=https:\/\/radiorevelacionfm.cl\/?p=54129&#038;t=Concejala%20Valdebenito%20y%20problemas%20en%20planta%20de%20tratamiento%20de%20Puerto%20Guadal%3A%20%C2%ABEstamos%20viviendo%20una%20emergencia%20sanitaria%E2%80%9D' aria-hidden='false' data-av_icon='\ue8f3' data-av_iconfont='entypo-fontello' title='' data-avia-related-tooltip='Compartir en Facebook' rel=\"noopener\"><span class='avia_hidden_link_text'>Compartir en Facebook<\/span><\/a><\/li><li class='av-share-link av-social-link-twitter' ><a target=\"_blank\" aria-label=\"Compartir en Twitter\" href='https:\/\/twitter.com\/share?text=Concejala%20Valdebenito%20y%20problemas%20en%20planta%20de%20tratamiento%20de%20Puerto%20Guadal%3A%20%C2%ABEstamos%20viviendo%20una%20emergencia%20sanitaria%E2%80%9D&#038;url=https:\/\/radiorevelacionfm.cl\/?p=54129' aria-hidden='false' data-av_icon='\ue8f1' data-av_iconfont='entypo-fontello' title='' data-avia-related-tooltip='Compartir en Twitter' rel=\"noopener\"><span class='avia_hidden_link_text'>Compartir en Twitter<\/span><\/a><\/li><li class='av-share-link av-social-link-whatsapp' ><a target=\"_blank\" aria-label=\"Compartir en Whatsapp\" href='https:\/\/api.whatsapp.com\/send?text=https:\/\/radiorevelacionfm.cl\/?p=54129' aria-hidden='false' data-av_icon='\uf232' data-av_iconfont='entypo-fontello' title='' data-avia-related-tooltip='Compartir en Whatsapp' rel=\"noopener\"><span class='avia_hidden_link_text'>Compartir en Whatsapp<\/span><\/a><\/li><li class='av-share-link av-social-link-linkedin' ><a target=\"_blank\" aria-label=\"Compartir en LinkedIn\" href='https:\/\/linkedin.com\/shareArticle?mini=true&#038;title=Concejala%20Valdebenito%20y%20problemas%20en%20planta%20de%20tratamiento%20de%20Puerto%20Guadal%3A%20%C2%ABEstamos%20viviendo%20una%20emergencia%20sanitaria%E2%80%9D&#038;url=https:\/\/radiorevelacionfm.cl\/?p=54129' aria-hidden='false' data-av_icon='\ue8fc' data-av_iconfont='entypo-fontello' title='' data-avia-related-tooltip='Compartir en LinkedIn' rel=\"noopener\"><span class='avia_hidden_link_text'>Compartir en LinkedIn<\/span><\/a><\/li><li class='av-share-link av-social-link-mail' ><a  aria-label=\"Compartir por correo\" href='mailto:?subject=Concejala%20Valdebenito%20y%20problemas%20en%20planta%20de%20tratamiento%20de%20Puerto%20Guadal%3A%20%C2%ABEstamos%20viviendo%20una%20emergencia%20sanitaria%E2%80%9D&#038;body=https:\/\/radiorevelacionfm.cl\/?p=54129' aria-hidden='false' data-av_icon='\ue805' data-av_iconfont='entypo-fontello' title='' data-avia-related-tooltip='Compartir por correo'><span class='avia_hidden_link_text'>Compartir por correo<\/span><\/a><\/li><\/ul><\/div><\/div>\n<div  style='height:50px' class='hr hr-invisible   avia-builder-el-8  el_after_av_social_share  el_before_av_comments_list '><span class='hr-inner ' ><span class='hr-inner-style'><\/span><\/span><\/div>\n<div  class='av-buildercomment  av-blog-meta-html-info-disabled av-blog-meta-tag-disabled  '><\/div>\n","protected":false},"excerpt":{"rendered":"","protected":false},"author":1,"featured_media":54130,"comment_status":"closed","ping_status":"closed","sticky":false,"template":"","format":"standard","meta":{"footnotes":""},"categories":[38],"tags":[],"class_list":["post-54129","post","type-post","status-publish","format-standard","has-post-thumbnail","hentry","category-regional"],"jetpack_featured_media_url":"https:\/\/radiorevelacionfm.cl\/wp-content\/uploads\/2025\/05\/aguas-servidas-puerto-guadal-1_optimized-1.jpg","_links":{"self":[{"href":"https:\/\/radiorevelacionfm.cl\/index.php?rest_route=\/wp\/v2\/posts\/54129","targetHints":{"allow":["GET"]}}],"collection":[{"href":"https:\/\/radiorevelacionfm.cl\/index.php?rest_route=\/wp\/v2\/posts"}],"about":[{"href":"https:\/\/radiorevelacionfm.cl\/index.php?rest_route=\/wp\/v2\/types\/post"}],"author":[{"embeddable":true,"href":"https:\/\/radiorevelacionfm.cl\/index.php?rest_route=\/wp\/v2\/users\/1"}],"replies":[{"embeddable":true,"href":"https:\/\/radiorevelacionfm.cl\/index.php?rest_route=%2Fwp%2Fv2%2Fcomments&post=54129"}],"version-history":[{"count":2,"href":"https:\/\/radiorevelacionfm.cl\/index.php?rest_route=\/wp\/v2\/posts\/54129\/revisions"}],"predecessor-version":[{"id":54160,"href":"https:\/\/radiorevelacionfm.cl\/index.php?rest_route=\/wp\/v2\/posts\/54129\/revisions\/54160"}],"wp:featuredmedia":[{"embeddable":true,"href":"https:\/\/radiorevelacionfm.cl\/index.php?rest_route=\/wp\/v2\/media\/54130"}],"wp:attachment":[{"href":"https:\/\/radiorevelacionfm.cl\/index.php?rest_route=%2Fwp%2Fv2%2Fmedia&parent=54129"}],"wp:term":[{"taxonomy":"category","embeddable":true,"href":"https:\/\/radiorevelacionfm.cl\/index.php?rest_route=%2Fwp%2Fv2%2Fcategories&post=54129"},{"taxonomy":"post_tag","embeddable":true,"href":"https:\/\/radiorevelacionfm.cl\/index.php?rest_route=%2Fwp%2Fv2%2Ftags&post=54129"}],"curies":[{"name":"wp","href":"https:\/\/api.w.org\/{rel}","templated":true}]}}