{"id":54119,"date":"2025-05-19T20:58:26","date_gmt":"2025-05-19T23:58:26","guid":{"rendered":"https:\/\/radiorevelacionfm.cl\/?p=54119"},"modified":"2025-05-19T21:00:54","modified_gmt":"2025-05-20T00:00:54","slug":"dan-inicio-a-obras-de-calefaccion-a-gas-en-hospital-de-cochrane-y-refuerzan-trabajo-territorial-en-villa-ohiggins","status":"publish","type":"post","link":"https:\/\/radiorevelacionfm.cl\/?p=54119","title":{"rendered":"Salud da inicio a obras de calefacci\u00f3n a gas en Hospital de Cochrane y refuerzan trabajo territorial en Villa O\u2019Higgins"},"content":{"rendered":"<div class=\"flex_column av_one_full  flex_column_div av-zero-column-padding first  avia-builder-el-0  el_before_av_one_full  avia-builder-el-first  \" style='border-radius:0px; '><div  class='avia-image-container  av-styling-    avia-builder-el-1  avia-builder-el-no-sibling  avia-align-center '  itemprop=\"image\" itemscope=\"itemscope\" itemtype=\"https:\/\/schema.org\/ImageObject\"  ><div class='avia-image-container-inner'><div class='avia-image-overlay-wrap'><img decoding=\"async\" class='wp-image-54120 avia-img-lazy-loading-not-54120 avia_image' src=\"https:\/\/radiorevelacionfm.cl\/wp-content\/uploads\/2025\/05\/foto-7-ok-1_optimized.jpeg\" alt='' title='foto-7-ok-(1)_optimized' height=\"600\" width=\"800\"  itemprop=\"thumbnailUrl\" srcset=\"https:\/\/radiorevelacionfm.cl\/wp-content\/uploads\/2025\/05\/foto-7-ok-1_optimized.jpeg 800w, https:\/\/radiorevelacionfm.cl\/wp-content\/uploads\/2025\/05\/foto-7-ok-1_optimized-300x225.jpeg 300w, https:\/\/radiorevelacionfm.cl\/wp-content\/uploads\/2025\/05\/foto-7-ok-1_optimized-768x576.jpeg 768w, https:\/\/radiorevelacionfm.cl\/wp-content\/uploads\/2025\/05\/foto-7-ok-1_optimized-705x529.jpeg 705w, https:\/\/radiorevelacionfm.cl\/wp-content\/uploads\/2025\/05\/foto-7-ok-1_optimized-450x338.jpeg 450w, https:\/\/radiorevelacionfm.cl\/wp-content\/uploads\/2025\/05\/foto-7-ok-1_optimized-600x450.jpeg 600w\" sizes=\"(max-width: 800px) 100vw, 800px\" \/><\/div><\/div><\/div><\/div>\n<div class=\"flex_column av_one_full  flex_column_div av-zero-column-padding first  avia-builder-el-2  el_after_av_one_full  el_before_av_one_full  column-top-margin\" style='border-radius:0px; '><section class=\"av_textblock_section \"  itemscope=\"itemscope\" itemtype=\"https:\/\/schema.org\/BlogPosting\" itemprop=\"blogPost\" ><div class='avia_textblock  '   itemprop=\"text\" ><p style=\"text-align: center;\"><strong><span style=\"font-size: 18pt;\">Salud da inicio a obras de calefacci\u00f3n a gas en Hospital de Cochrane y refuerzan trabajo territorial en Villa O\u2019Higgins<\/span><\/strong><\/p>\n<div id=\"gtx-trans\" style=\"position: absolute; left: -50px; top: 4.31534px;\">\n<div class=\"gtx-trans-icon\"><\/div>\n<\/div>\n<\/div><\/section><\/div><div class=\"flex_column av_one_full  flex_column_div av-zero-column-padding first  avia-builder-el-4  el_after_av_one_full  el_before_av_hr  column-top-margin\" style='border-radius:0px; '><section class=\"av_textblock_section \"  itemscope=\"itemscope\" itemtype=\"https:\/\/schema.org\/BlogPosting\" itemprop=\"blogPost\" ><div class='avia_textblock  '   itemprop=\"text\" ><p style=\"font-weight: 400; text-align: justify;\">M\u00e1s de mil kil\u00f3metros recorrieron el director del Servicio de Salud Ays\u00e9n, Juan Pablo Bravo Quintana, y la directora del Hospital Lord Cochrane, Miriam Navarrete Novoa, durante una visita a las comunas de Cochrane y Villa O\u2019Higgins, en la Provincia de Capit\u00e1n Prat. La agenda incluy\u00f3 hitos relevantes para la Red Asistencial del extremo austral de la regi\u00f3n, como el inicio de las obras de recambio del sistema de calefacci\u00f3n del hospital y encuentros comunitarios para fortalecer el acceso a la salud en estos sectores aislados<strong>.<\/strong><\/p>\n<p style=\"font-weight: 400; text-align: justify;\"><strong>Avances en salud y medio ambiente<\/strong><\/p>\n<p style=\"font-weight: 400; text-align: justify;\">En una ceremonia realizada en el Hospital Lord Cochrane, se dio inicio oficial a las obras de recambio del sistema de calefacci\u00f3n, que permitir\u00e1 reemplazar las calderas a le\u00f1a por calefacci\u00f3n a gas. Esta mejora reducir\u00e1 las emisiones contaminantes, mejorar\u00e1 las condiciones t\u00e9rmicas del establecimiento y beneficiar\u00e1 tanto a funcionarios, usuarios y a quienes residen en la comuna.<\/p>\n<p style=\"font-weight: 400; text-align: justify;\">La empresa encargada de ejecutar las obras es Lipigas, con una duraci\u00f3n estimada de 70 d\u00edas y un contrato de operaci\u00f3n por 60 meses.<\/p>\n<p style=\"font-weight: 400; text-align: justify;\">\u201cEs realmente un orgullo para nosotros como instituci\u00f3n, enti\u00e9ndase todos los que trabajamos aqu\u00ed, el poder estar comunicando esta noticia. Es algo muy esperado y no quer\u00edamos seguir siendo el ojo de la opini\u00f3n p\u00fablica cuando est\u00e1bamos hablando de salud y a la vez est\u00e1bamos contaminando, es una satisfacci\u00f3n poder concretar esta soluci\u00f3n y realmente poder aportar a tener un aire m\u00e1s limpio en la comuna de Cochrane\u201d, expres\u00f3 Miriam Navarrete Novoa, directora del Hospital Lord Cochrane.<\/p>\n<p style=\"font-weight: 400; text-align: justify;\">Tambi\u00e9n particip\u00f3 el Consejo Consultivo de Salud del Hospital de Cochrane, cuyos representantes valoraron el cumplimiento de este compromiso largamente esperado por la comunidad.<\/p>\n<p style=\"font-weight: 400; text-align: justify;\">\u201cEsperamos que despu\u00e9s de esto tambi\u00e9n se pueda avanzar con los colegios que usan calderas a le\u00f1a, para tratar de reemplazarlas. La comunidad, a trav\u00e9s del Consejo Consultivo, tambi\u00e9n me hizo llegar la preocupaci\u00f3n por el cambio de la caldera. Esa inquietud se la transmitimos al director\u201d, dijo Jorge Kuyul, presidente del Consejo de Salud del Hospital Lord Cochrane.<\/p>\n<p style=\"font-weight: 400; text-align: justify;\">Desde la Direcci\u00f3n del Servicio de Salud Ays\u00e9n, se subray\u00f3 que esta medida responde a una gesti\u00f3n orientada a mejorar las condiciones de salud en un territorio hist\u00f3ricamente expuesto a altos \u00edndices de contaminaci\u00f3n del aire, especialmente en un periodo cr\u00edtico como el invierno, donde aumentan las enfermedades respiratorias y se refuerzan las estrategias de prevenci\u00f3n y vacunaci\u00f3n.<\/p>\n<p style=\"font-weight: 400; text-align: justify;\">\u201cEste cambio no es solo una modernizaci\u00f3n tecnol\u00f3gica, es un acto de amor por nuestra tierra, nuestra comunidad, por nuestros hijos y por la tierra que nos sustenta (\u2026) Cochrane, el \u00faltimo \u00edndice medido, ten\u00eda 107 de calidad del aire, entre 0 a 50 es bueno, entre 51 y 101 es moderado y entre 101 y 150 es perjudicial para el grupo sensible, los adultos mayores y los ni\u00f1os que habl\u00e1bamos y la poblaci\u00f3n de riesgo ante enfermedades respiratorias\u201d, acot\u00f3 Juan Pablo Bravo Quintana, director del Servicio de Salud Ays\u00e9n.<\/p>\n<p style=\"font-weight: 400; text-align: justify;\">En esa misma l\u00ednea,\u00a0Marta Montiel Alarc\u00f3n, delegada presidencial provincial de Capit\u00e1n Prat, valor\u00f3 la importancia de este tipo de avances, fruto del trabajo articulado entre servicios p\u00fablicos, comunidades organizadas y autoridades locales.<\/p>\n<p style=\"font-weight: 400; text-align: justify;\">\u201cLa directora del hospital nos dec\u00eda en alg\u00fan minuto, \u00abNo es oficial, pero va a ser y estamos muy contentos\u201d. Y la verdad es que s\u00ed, desde el a\u00f1o 2022 que estamos en este rol de representaci\u00f3n del presidente Gabriel Boric, nos hemos encontrado con distintas instancias de trabajo comunitario, con instituciones, con organizaciones y con vecinos comunicando noticias valiosas como esta\u201d, manifest\u00f3 Montiel.<\/p>\n<p style=\"font-weight: 400; text-align: justify;\">Durante la actividad tambi\u00e9n se reconoci\u00f3 a los trabajadores Eleodoro Reinahuel Ay\u00e1n, Leonardo Huaiqu\u00edn C\u00e1ceres y Javier Chacano Aguilar, por su hist\u00f3rico trabajo en la operaci\u00f3n del sistema de calderas a le\u00f1a, contribuyendo al bienestar de la comunidad usuaria.<\/p>\n<p style=\"font-weight: 400; text-align: justify;\"><strong>Villa O\u2019Higgins: segundo di\u00e1logo con comunidad y avances concretos<\/strong><\/p>\n<p style=\"font-weight: 400; text-align: justify;\">El recorrido tambi\u00e9n contempl\u00f3 una visita a Villa O\u2019Higgins, donde se desarroll\u00f3 un nuevo encuentro con el Consejo de Desarrollo Local de Salud, autoridades locales y vecinas y vecinos de la comuna. Esta fue la segunda reuni\u00f3n entre la comunidad y el director del Servicio, en la que se abordaron avances en compromisos levantados en marzo de 2024. Adem\u00e1s, se visit\u00f3 al equipo de la posta rural, reconociendo su trabajo y escuchando sus principales requerimientos.<\/p>\n<p style=\"font-weight: 400; text-align: justify;\">\u201cEl poder trabajar de forma mancomunada con el equipo de la posta, saber cu\u00e1les son sus requerimientos, sus necesidades para en el fondo ir garantizando el acceso a la salud que en esta comuna tan aislada muchas veces se ve transgred\u00eda\u201d, se\u00f1al\u00f3 Elena Tapia, tesorera del Consejo de Desarrollo Local de Villa O\u2019Higgins.<\/p>\n<p style=\"font-weight: 400; text-align: justify;\">Entre los avances destacados se encuentran: priorizaci\u00f3n del proyecto de reposici\u00f3n de la posta rural, incorporaci\u00f3n de una enfermera y un t\u00e9cnico param\u00e9dico, continuidad en la atenci\u00f3n odontol\u00f3gica, refuerzo m\u00e9dico desde el Hospital, Mejoras en infraestructura y espacio de farmacia, proceso de instalaci\u00f3n de centr\u00edfuga para toma de muestras, entre otros.<\/p>\n<p style=\"font-weight: 400; text-align: justify;\">Finalmente, la comitiva tambi\u00e9n se reuni\u00f3 con el Consejo Consultivo del Hospital de Cochrane y concejales de la comuna, con el objetivo de revisar avances en materia de salud y recoger nuevas inquietudes del territorio.<\/p>\n<\/div><\/section><\/div><\/p>\n<div  style='height:50px' class='hr hr-invisible   avia-builder-el-6  el_after_av_one_full  el_before_av_social_share '><span class='hr-inner ' ><span class='hr-inner-style'><\/span><\/span><\/div>\n<div  class='av-social-sharing-box  avia-builder-el-7  el_after_av_hr  el_before_av_hr  '><div class='av-share-box'><h5 class='av-share-link-description av-no-toc '>Compartir esta noticia<\/h5><ul class='av-share-box-list noLightbox'><li class='av-share-link av-social-link-facebook' ><a target=\"_blank\" aria-label=\"Compartir en Facebook\" href='https:\/\/www.facebook.com\/sharer.php?u=https:\/\/radiorevelacionfm.cl\/?p=54119&#038;t=Salud%20da%20inicio%20a%20obras%20de%20calefacci%C3%B3n%20a%20gas%20en%20Hospital%20de%20Cochrane%20y%20refuerzan%20trabajo%20territorial%20en%20Villa%20O%E2%80%99Higgins' aria-hidden='false' data-av_icon='\ue8f3' data-av_iconfont='entypo-fontello' title='' data-avia-related-tooltip='Compartir en Facebook' rel=\"noopener\"><span class='avia_hidden_link_text'>Compartir en Facebook<\/span><\/a><\/li><li class='av-share-link av-social-link-twitter' ><a target=\"_blank\" aria-label=\"Compartir en Twitter\" href='https:\/\/twitter.com\/share?text=Salud%20da%20inicio%20a%20obras%20de%20calefacci%C3%B3n%20a%20gas%20en%20Hospital%20de%20Cochrane%20y%20refuerzan%20trabajo%20territorial%20en%20Villa%20O%E2%80%99Higgins&#038;url=https:\/\/radiorevelacionfm.cl\/?p=54119' aria-hidden='false' data-av_icon='\ue8f1' data-av_iconfont='entypo-fontello' title='' data-avia-related-tooltip='Compartir en Twitter' rel=\"noopener\"><span class='avia_hidden_link_text'>Compartir en Twitter<\/span><\/a><\/li><li class='av-share-link av-social-link-whatsapp' ><a target=\"_blank\" aria-label=\"Compartir en Whatsapp\" href='https:\/\/api.whatsapp.com\/send?text=https:\/\/radiorevelacionfm.cl\/?p=54119' aria-hidden='false' data-av_icon='\uf232' data-av_iconfont='entypo-fontello' title='' data-avia-related-tooltip='Compartir en Whatsapp' rel=\"noopener\"><span class='avia_hidden_link_text'>Compartir en Whatsapp<\/span><\/a><\/li><li class='av-share-link av-social-link-linkedin' ><a target=\"_blank\" aria-label=\"Compartir en LinkedIn\" href='https:\/\/linkedin.com\/shareArticle?mini=true&#038;title=Salud%20da%20inicio%20a%20obras%20de%20calefacci%C3%B3n%20a%20gas%20en%20Hospital%20de%20Cochrane%20y%20refuerzan%20trabajo%20territorial%20en%20Villa%20O%E2%80%99Higgins&#038;url=https:\/\/radiorevelacionfm.cl\/?p=54119' aria-hidden='false' data-av_icon='\ue8fc' data-av_iconfont='entypo-fontello' title='' data-avia-related-tooltip='Compartir en LinkedIn' rel=\"noopener\"><span class='avia_hidden_link_text'>Compartir en LinkedIn<\/span><\/a><\/li><li class='av-share-link av-social-link-mail' ><a  aria-label=\"Compartir por correo\" href='mailto:?subject=Salud%20da%20inicio%20a%20obras%20de%20calefacci%C3%B3n%20a%20gas%20en%20Hospital%20de%20Cochrane%20y%20refuerzan%20trabajo%20territorial%20en%20Villa%20O%E2%80%99Higgins&#038;body=https:\/\/radiorevelacionfm.cl\/?p=54119' aria-hidden='false' data-av_icon='\ue805' data-av_iconfont='entypo-fontello' title='' data-avia-related-tooltip='Compartir por correo'><span class='avia_hidden_link_text'>Compartir por correo<\/span><\/a><\/li><\/ul><\/div><\/div>\n<div  style='height:50px' class='hr hr-invisible   avia-builder-el-8  el_after_av_social_share  el_before_av_comments_list '><span class='hr-inner ' ><span class='hr-inner-style'><\/span><\/span><\/div>\n<div  class='av-buildercomment  av-blog-meta-html-info-disabled av-blog-meta-tag-disabled  '><\/div>\n","protected":false},"excerpt":{"rendered":"","protected":false},"author":1,"featured_media":54120,"comment_status":"closed","ping_status":"closed","sticky":false,"template":"","format":"standard","meta":{"footnotes":""},"categories":[46],"tags":[],"class_list":["post-54119","post","type-post","status-publish","format-standard","has-post-thumbnail","hentry","category-salud"],"jetpack_featured_media_url":"https:\/\/radiorevelacionfm.cl\/wp-content\/uploads\/2025\/05\/foto-7-ok-1_optimized.jpeg","_links":{"self":[{"href":"https:\/\/radiorevelacionfm.cl\/index.php?rest_route=\/wp\/v2\/posts\/54119","targetHints":{"allow":["GET"]}}],"collection":[{"href":"https:\/\/radiorevelacionfm.cl\/index.php?rest_route=\/wp\/v2\/posts"}],"about":[{"href":"https:\/\/radiorevelacionfm.cl\/index.php?rest_route=\/wp\/v2\/types\/post"}],"author":[{"embeddable":true,"href":"https:\/\/radiorevelacionfm.cl\/index.php?rest_route=\/wp\/v2\/users\/1"}],"replies":[{"embeddable":true,"href":"https:\/\/radiorevelacionfm.cl\/index.php?rest_route=%2Fwp%2Fv2%2Fcomments&post=54119"}],"version-history":[{"count":3,"href":"https:\/\/radiorevelacionfm.cl\/index.php?rest_route=\/wp\/v2\/posts\/54119\/revisions"}],"predecessor-version":[{"id":54158,"href":"https:\/\/radiorevelacionfm.cl\/index.php?rest_route=\/wp\/v2\/posts\/54119\/revisions\/54158"}],"wp:featuredmedia":[{"embeddable":true,"href":"https:\/\/radiorevelacionfm.cl\/index.php?rest_route=\/wp\/v2\/media\/54120"}],"wp:attachment":[{"href":"https:\/\/radiorevelacionfm.cl\/index.php?rest_route=%2Fwp%2Fv2%2Fmedia&parent=54119"}],"wp:term":[{"taxonomy":"category","embeddable":true,"href":"https:\/\/radiorevelacionfm.cl\/index.php?rest_route=%2Fwp%2Fv2%2Fcategories&post=54119"},{"taxonomy":"post_tag","embeddable":true,"href":"https:\/\/radiorevelacionfm.cl\/index.php?rest_route=%2Fwp%2Fv2%2Ftags&post=54119"}],"curies":[{"name":"wp","href":"https:\/\/api.w.org\/{rel}","templated":true}]}}