{"id":54115,"date":"2025-05-19T17:55:57","date_gmt":"2025-05-19T20:55:57","guid":{"rendered":"https:\/\/radiorevelacionfm.cl\/?p=54115"},"modified":"2025-05-19T17:55:57","modified_gmt":"2025-05-19T20:55:57","slug":"municipio-aysenino-obtiene-rs-para-ejecucion-de-proyecto-terminal-rodoviario-en-puerto-aysen","status":"publish","type":"post","link":"https:\/\/radiorevelacionfm.cl\/?p=54115","title":{"rendered":"Municipio aysenino obtiene RS para ejecuci\u00f3n de proyecto Terminal Rodoviario en Puerto Ays\u00e9n"},"content":{"rendered":"<div class=\"flex_column av_one_full  flex_column_div av-zero-column-padding first  avia-builder-el-0  el_before_av_one_full  avia-builder-el-first  \" style='border-radius:0px; '><div  class='avia-image-container  av-styling-    avia-builder-el-1  avia-builder-el-no-sibling  avia-align-center '  itemprop=\"image\" itemscope=\"itemscope\" itemtype=\"https:\/\/schema.org\/ImageObject\"  ><div class='avia-image-container-inner'><div class='avia-image-overlay-wrap'><img decoding=\"async\" class='wp-image-54116 avia-img-lazy-loading-not-54116 avia_image' src=\"https:\/\/radiorevelacionfm.cl\/wp-content\/uploads\/2025\/05\/arq-302-video-tba_optimized.mp4_snapshot_01.25_2025-05-19_12.27.29-1.jpg\" alt='' title='arq - -302 - -video-tba_optimized.mp4_snapshot_01.25_[2025-05-19_12.27.29]-(1)' height=\"600\" width=\"1201\"  itemprop=\"thumbnailUrl\" srcset=\"https:\/\/radiorevelacionfm.cl\/wp-content\/uploads\/2025\/05\/arq-302-video-tba_optimized.mp4_snapshot_01.25_2025-05-19_12.27.29-1.jpg 1201w, https:\/\/radiorevelacionfm.cl\/wp-content\/uploads\/2025\/05\/arq-302-video-tba_optimized.mp4_snapshot_01.25_2025-05-19_12.27.29-1-300x150.jpg 300w, https:\/\/radiorevelacionfm.cl\/wp-content\/uploads\/2025\/05\/arq-302-video-tba_optimized.mp4_snapshot_01.25_2025-05-19_12.27.29-1-1030x515.jpg 1030w, https:\/\/radiorevelacionfm.cl\/wp-content\/uploads\/2025\/05\/arq-302-video-tba_optimized.mp4_snapshot_01.25_2025-05-19_12.27.29-1-768x384.jpg 768w, https:\/\/radiorevelacionfm.cl\/wp-content\/uploads\/2025\/05\/arq-302-video-tba_optimized.mp4_snapshot_01.25_2025-05-19_12.27.29-1-705x352.jpg 705w, https:\/\/radiorevelacionfm.cl\/wp-content\/uploads\/2025\/05\/arq-302-video-tba_optimized.mp4_snapshot_01.25_2025-05-19_12.27.29-1-450x225.jpg 450w, https:\/\/radiorevelacionfm.cl\/wp-content\/uploads\/2025\/05\/arq-302-video-tba_optimized.mp4_snapshot_01.25_2025-05-19_12.27.29-1-600x300.jpg 600w\" sizes=\"(max-width: 1201px) 100vw, 1201px\" \/><\/div><\/div><\/div><\/div><div class=\"flex_column av_one_full  flex_column_div av-zero-column-padding first  avia-builder-el-2  el_after_av_one_full  el_before_av_one_full  column-top-margin\" style='border-radius:0px; '><section class=\"av_textblock_section \"  itemscope=\"itemscope\" itemtype=\"https:\/\/schema.org\/BlogPosting\" itemprop=\"blogPost\" ><div class='avia_textblock  '   itemprop=\"text\" ><p style=\"text-align: center;\"><strong><span style=\"font-size: 18pt;\">Municipio aysenino obtiene RS para ejecuci\u00f3n de proyecto Terminal Rodoviario en Puerto Ays\u00e9n<\/span><\/strong><\/p>\n<div id=\"gtx-trans\" style=\"position: absolute; left: -50px; top: 4.31534px;\">\n<div class=\"gtx-trans-icon\"><\/div>\n<\/div>\n<\/div><\/section><\/div><div class=\"flex_column av_one_full  flex_column_div av-zero-column-padding first  avia-builder-el-4  el_after_av_one_full  el_before_av_hr  column-top-margin\" style='border-radius:0px; '><section class=\"av_textblock_section \"  itemscope=\"itemscope\" itemtype=\"https:\/\/schema.org\/BlogPosting\" itemprop=\"blogPost\" ><div class='avia_textblock  '   itemprop=\"text\" ><p style=\"text-align: justify;\">Este viernes \u00faltimo, y tras cinco a\u00f1os de haberse gestado la iniciativa, durante la primera administraci\u00f3n del alcalde Luis Mart\u00ednez, la comuna aysenina fue informada respecto a la obtenci\u00f3n de la Recomendaci\u00f3n Satisfactoria (RS) por parte del Ministerio de Desarrollo Social y Familia (MIDESOF) a la iniciativa \u201cConstrucci\u00f3n terminal de buses de Puerto Ays\u00e9n\u201d.<\/p>\n<p style=\"text-align: justify;\">Este proyecto, impulsado por el municipio porte\u00f1o a trav\u00e9s de sus direcciones Secretar\u00eda Comunal de Planificaci\u00f3n, y en sus inicios por Tr\u00e1nsito y Transporte P\u00fablico, contempla una inversi\u00f3n total de M$ 6.485.225.- los que esperan obtener prontamente por parte del Gobierno Regional, para la posterior ejecuci\u00f3n de obras.<\/p>\n<p style=\"text-align: justify;\">La concreci\u00f3n de este terminal rodoviario vendr\u00eda a dar soluci\u00f3n a una problem\u00e1tica palpable en la capital comunal, la cual con el pasar de los a\u00f1os se ha ido acrecentado, como son las deficientes condiciones de acceso al sistema de transporte p\u00fablico de pasajeros. Lo que se manifiesta en paradas informales para el embarque y desembarque de pasajeros, debido a la escasa infraestructura tanto para \u00e9stos como para operadores, lo que conlleva al desorden en el desplazamiento de los buses en diversos puntos de la ciudad. Esto implica, congesti\u00f3n y caos vial en puntos urbanos, alto riesgo de accidente de peatones, conductores y pasajeros del transporte p\u00fablico, mayores tiempos de viajes en los recorridos, entre otros.<\/p>\n<p style=\"text-align: justify;\">De esta manera, esta iniciativa -cuya ubicaci\u00f3n se proyecta en el acceso oriente a la ciudad de Puerto Ays\u00e9n.\u00a0 Espec\u00edficamente en el kil\u00f3metro 3 de la ruta Ch-240, en un terreno de 7.700 m2 de propiedad de Bienes Nacionales, el cual est\u00e1 en concesi\u00f3n de la Ilustre Municipalidad de Ays\u00e9n-, apunta a responder todas estas necesidades, apostando principalmente a la mejora de la conectividad territorial, facilitando el flujo ordenando de personas hacia y desde otras comunas de la regi\u00f3n. Relevando, adem\u00e1s, la dinamizaci\u00f3n del comercio y turismo local, al ofrecer una mejor experiencia de llegada a los visitantes. Asimismo, el fortalecimiento de la infraestructura urbana, la reducci\u00f3n de externalidades negativas en el tr\u00e1nsito urbano, contribuyendo a una ciudad m\u00e1s ordenada, eficiente y segura. Promoviendo la equidad territorial, la movilidad sustentable y la integraci\u00f3n de zonas aisladas.<\/p>\n<p style=\"text-align: justify;\">Al respecto, el alcalde de la comuna de Ays\u00e9n, Luis Mart\u00ednez, valor\u00f3 la obtenci\u00f3n de la RS como un hito, especialmente enmarcado en el cumplimiento de los cien a\u00f1os de Puerto Ays\u00e9n. \u201cAcabamos de recibir una gran noticia de un proyecto que iniciamos a fines de 2019 e inicios de 2020, con dineros para la consultor\u00eda de dise\u00f1o junto al ministerio de Transporte, el cual avanz\u00f3 en el tiempo, y al llegar nuevamente a la alcald\u00eda retomamos junto a nuestro equipo de SECPLAN. Esta es una iniciativa muy anhelada por la comunidad, as\u00ed es que estamos felices con esta noticia que nos acaban de dar, como es el RS, es decir, que est\u00e1 listo para ir a financiamiento, lo cual esperamos ocurra durante las pr\u00f3ximas semanas\u201d.<\/p>\n<p style=\"text-align: justify;\">Agreg\u00f3 que \u201cfelicitamos a nuestros equipos por su gran trabajo, qu\u00e9 mejor que este proyecto centenario haya salido ahora, y esperamos continuar con las buenas noticias\u201d.<\/p>\n<p style=\"text-align: justify;\">Con la RS obtenida este viernes \u00faltimo, el proyecto est\u00e1 ahora a la espera de financiamiento por parte del Gobierno Regional de Ays\u00e9n. Desde el municipio esperan que esta iniciativa sea priorizada para este a\u00f1o, lo cual implicar\u00eda que su ejecuci\u00f3n marque un antes y un despu\u00e9s en cuanto a contar oficialmente con una infraestructura adecuada para el transporte intercomunal, con el correcto resguardo para los pasajeros y su bienestar.<\/p>\n<\/div><\/section><\/div><div  style='height:50px' class='hr hr-invisible   avia-builder-el-6  el_after_av_one_full  el_before_av_social_share '><span class='hr-inner ' ><span class='hr-inner-style'><\/span><\/span><\/div><\/p>\n<div  class='av-social-sharing-box  avia-builder-el-7  el_after_av_hr  el_before_av_hr  '><div class='av-share-box'><h5 class='av-share-link-description av-no-toc '>Compartir esta noticia<\/h5><ul class='av-share-box-list noLightbox'><li class='av-share-link av-social-link-facebook' ><a target=\"_blank\" aria-label=\"Compartir en Facebook\" href='https:\/\/www.facebook.com\/sharer.php?u=https:\/\/radiorevelacionfm.cl\/?p=54115&#038;t=Municipio%20aysenino%20obtiene%20RS%20para%20ejecuci%C3%B3n%20de%20proyecto%20Terminal%20Rodoviario%20en%20Puerto%20Ays%C3%A9n' aria-hidden='false' data-av_icon='\ue8f3' data-av_iconfont='entypo-fontello' title='' data-avia-related-tooltip='Compartir en Facebook' rel=\"noopener\"><span class='avia_hidden_link_text'>Compartir en Facebook<\/span><\/a><\/li><li class='av-share-link av-social-link-twitter' ><a target=\"_blank\" aria-label=\"Compartir en Twitter\" href='https:\/\/twitter.com\/share?text=Municipio%20aysenino%20obtiene%20RS%20para%20ejecuci%C3%B3n%20de%20proyecto%20Terminal%20Rodoviario%20en%20Puerto%20Ays%C3%A9n&#038;url=https:\/\/radiorevelacionfm.cl\/?p=54115' aria-hidden='false' data-av_icon='\ue8f1' data-av_iconfont='entypo-fontello' title='' data-avia-related-tooltip='Compartir en Twitter' rel=\"noopener\"><span class='avia_hidden_link_text'>Compartir en Twitter<\/span><\/a><\/li><li class='av-share-link av-social-link-whatsapp' ><a target=\"_blank\" aria-label=\"Compartir en Whatsapp\" href='https:\/\/api.whatsapp.com\/send?text=https:\/\/radiorevelacionfm.cl\/?p=54115' aria-hidden='false' data-av_icon='\uf232' data-av_iconfont='entypo-fontello' title='' data-avia-related-tooltip='Compartir en Whatsapp' rel=\"noopener\"><span class='avia_hidden_link_text'>Compartir en Whatsapp<\/span><\/a><\/li><li class='av-share-link av-social-link-linkedin' ><a target=\"_blank\" aria-label=\"Compartir en LinkedIn\" href='https:\/\/linkedin.com\/shareArticle?mini=true&#038;title=Municipio%20aysenino%20obtiene%20RS%20para%20ejecuci%C3%B3n%20de%20proyecto%20Terminal%20Rodoviario%20en%20Puerto%20Ays%C3%A9n&#038;url=https:\/\/radiorevelacionfm.cl\/?p=54115' aria-hidden='false' data-av_icon='\ue8fc' data-av_iconfont='entypo-fontello' title='' data-avia-related-tooltip='Compartir en LinkedIn' rel=\"noopener\"><span class='avia_hidden_link_text'>Compartir en LinkedIn<\/span><\/a><\/li><li class='av-share-link av-social-link-mail' ><a  aria-label=\"Compartir por correo\" href='mailto:?subject=Municipio%20aysenino%20obtiene%20RS%20para%20ejecuci%C3%B3n%20de%20proyecto%20Terminal%20Rodoviario%20en%20Puerto%20Ays%C3%A9n&#038;body=https:\/\/radiorevelacionfm.cl\/?p=54115' aria-hidden='false' data-av_icon='\ue805' data-av_iconfont='entypo-fontello' title='' data-avia-related-tooltip='Compartir por correo'><span class='avia_hidden_link_text'>Compartir por correo<\/span><\/a><\/li><\/ul><\/div><\/div>\n<div  style='height:50px' class='hr hr-invisible   avia-builder-el-8  el_after_av_social_share  el_before_av_comments_list '><span class='hr-inner ' ><span class='hr-inner-style'><\/span><\/span><\/div>\n<div  class='av-buildercomment  av-blog-meta-html-info-disabled av-blog-meta-tag-disabled  '><\/div>\n","protected":false},"excerpt":{"rendered":"","protected":false},"author":1,"featured_media":54116,"comment_status":"closed","ping_status":"closed","sticky":false,"template":"","format":"standard","meta":{"footnotes":""},"categories":[38],"tags":[],"class_list":["post-54115","post","type-post","status-publish","format-standard","has-post-thumbnail","hentry","category-regional"],"jetpack_featured_media_url":"https:\/\/radiorevelacionfm.cl\/wp-content\/uploads\/2025\/05\/arq-302-video-tba_optimized.mp4_snapshot_01.25_2025-05-19_12.27.29-1.jpg","_links":{"self":[{"href":"https:\/\/radiorevelacionfm.cl\/index.php?rest_route=\/wp\/v2\/posts\/54115","targetHints":{"allow":["GET"]}}],"collection":[{"href":"https:\/\/radiorevelacionfm.cl\/index.php?rest_route=\/wp\/v2\/posts"}],"about":[{"href":"https:\/\/radiorevelacionfm.cl\/index.php?rest_route=\/wp\/v2\/types\/post"}],"author":[{"embeddable":true,"href":"https:\/\/radiorevelacionfm.cl\/index.php?rest_route=\/wp\/v2\/users\/1"}],"replies":[{"embeddable":true,"href":"https:\/\/radiorevelacionfm.cl\/index.php?rest_route=%2Fwp%2Fv2%2Fcomments&post=54115"}],"version-history":[{"count":2,"href":"https:\/\/radiorevelacionfm.cl\/index.php?rest_route=\/wp\/v2\/posts\/54115\/revisions"}],"predecessor-version":[{"id":54142,"href":"https:\/\/radiorevelacionfm.cl\/index.php?rest_route=\/wp\/v2\/posts\/54115\/revisions\/54142"}],"wp:featuredmedia":[{"embeddable":true,"href":"https:\/\/radiorevelacionfm.cl\/index.php?rest_route=\/wp\/v2\/media\/54116"}],"wp:attachment":[{"href":"https:\/\/radiorevelacionfm.cl\/index.php?rest_route=%2Fwp%2Fv2%2Fmedia&parent=54115"}],"wp:term":[{"taxonomy":"category","embeddable":true,"href":"https:\/\/radiorevelacionfm.cl\/index.php?rest_route=%2Fwp%2Fv2%2Fcategories&post=54115"},{"taxonomy":"post_tag","embeddable":true,"href":"https:\/\/radiorevelacionfm.cl\/index.php?rest_route=%2Fwp%2Fv2%2Ftags&post=54115"}],"curies":[{"name":"wp","href":"https:\/\/api.w.org\/{rel}","templated":true}]}}