{"id":54112,"date":"2025-05-19T15:42:39","date_gmt":"2025-05-19T18:42:39","guid":{"rendered":"https:\/\/radiorevelacionfm.cl\/?p=54112"},"modified":"2025-05-19T15:42:39","modified_gmt":"2025-05-19T18:42:39","slug":"vinculacion-y-produccion-local-inacap-sede-coyhaique-fortalece-la-agroindustria-regional","status":"publish","type":"post","link":"https:\/\/radiorevelacionfm.cl\/?p=54112","title":{"rendered":"Vinculaci\u00f3n y producci\u00f3n local: Inacap Sede Coyhaique fortalece la agroindustria regional"},"content":{"rendered":"<div class=\"flex_column av_one_full  flex_column_div av-zero-column-padding first  avia-builder-el-0  el_before_av_one_full  avia-builder-el-first  \" style='border-radius:0px; '><div  class='avia-image-container  av-styling-    avia-builder-el-1  avia-builder-el-no-sibling  avia-align-center '  itemprop=\"image\" itemscope=\"itemscope\" itemtype=\"https:\/\/schema.org\/ImageObject\"  ><div class='avia-image-container-inner'><div class='avia-image-overlay-wrap'><img decoding=\"async\" class='wp-image-54113 avia-img-lazy-loading-not-54113 avia_image' src=\"https:\/\/radiorevelacionfm.cl\/wp-content\/uploads\/2025\/05\/Imagen-de-WhatsApp-2025-05-16-a-las-11.25.06_99baa101-1-1.jpg\" alt='' title='Imagen de WhatsApp 2025-05-16 a las 11.25.06_99baa101 (1) (1)' height=\"600\" width=\"1067\"  itemprop=\"thumbnailUrl\" srcset=\"https:\/\/radiorevelacionfm.cl\/wp-content\/uploads\/2025\/05\/Imagen-de-WhatsApp-2025-05-16-a-las-11.25.06_99baa101-1-1.jpg 1067w, https:\/\/radiorevelacionfm.cl\/wp-content\/uploads\/2025\/05\/Imagen-de-WhatsApp-2025-05-16-a-las-11.25.06_99baa101-1-1-300x169.jpg 300w, https:\/\/radiorevelacionfm.cl\/wp-content\/uploads\/2025\/05\/Imagen-de-WhatsApp-2025-05-16-a-las-11.25.06_99baa101-1-1-1030x579.jpg 1030w, https:\/\/radiorevelacionfm.cl\/wp-content\/uploads\/2025\/05\/Imagen-de-WhatsApp-2025-05-16-a-las-11.25.06_99baa101-1-1-768x432.jpg 768w, https:\/\/radiorevelacionfm.cl\/wp-content\/uploads\/2025\/05\/Imagen-de-WhatsApp-2025-05-16-a-las-11.25.06_99baa101-1-1-705x396.jpg 705w, https:\/\/radiorevelacionfm.cl\/wp-content\/uploads\/2025\/05\/Imagen-de-WhatsApp-2025-05-16-a-las-11.25.06_99baa101-1-1-450x253.jpg 450w, https:\/\/radiorevelacionfm.cl\/wp-content\/uploads\/2025\/05\/Imagen-de-WhatsApp-2025-05-16-a-las-11.25.06_99baa101-1-1-600x337.jpg 600w\" sizes=\"(max-width: 1067px) 100vw, 1067px\" \/><\/div><\/div><\/div><\/div><div class=\"flex_column av_one_full  flex_column_div av-zero-column-padding first  avia-builder-el-2  el_after_av_one_full  el_before_av_one_full  column-top-margin\" style='border-radius:0px; '><section class=\"av_textblock_section \"  itemscope=\"itemscope\" itemtype=\"https:\/\/schema.org\/BlogPosting\" itemprop=\"blogPost\" ><div class='avia_textblock  '   itemprop=\"text\" ><p style=\"text-align: center;\"><strong><span style=\"font-size: 18pt;\">Vinculaci\u00f3n y producci\u00f3n local: Inacap Sede Coyhaique fortalece la agroindustria regional<\/span><\/strong><\/p>\n<div id=\"gtx-trans\" style=\"position: absolute; left: -50px; top: 4.31534px;\">\n<div class=\"gtx-trans-icon\"><\/div>\n<\/div>\n<\/div><\/section><\/div><div class=\"flex_column av_one_full  flex_column_div av-zero-column-padding first  avia-builder-el-4  el_after_av_one_full  el_before_av_hr  column-top-margin\" style='border-radius:0px; '><section class=\"av_textblock_section \"  itemscope=\"itemscope\" itemtype=\"https:\/\/schema.org\/BlogPosting\" itemprop=\"blogPost\" ><div class='avia_textblock  '   itemprop=\"text\" ><p style=\"text-align: justify;\">El \u00c1rea de Agroindustria de INACAP Sede Coyhaique, en conjunto con el \u00c1rea de Gastronom\u00eda,\u00a0llevaron\u00a0a cabo una enriquecedora experiencia que destac\u00f3 la transformaci\u00f3n de alimentos provenientes del Domo Hidrop\u00f3nico, con la participaci\u00f3n de destacados Productores regionales.<\/p>\n<p style=\"text-align: justify;\">Esta iniciativa se enmarca en el Proyecto de Difusi\u00f3n Tecnol\u00f3gica, una apuesta financiada por CORFO que busca fortalecer la innovaci\u00f3n y el desarrollo sustentable en la regi\u00f3n de Ays\u00e9n, promoviendo el v\u00ednculo entre la academia, los productores locales y el desarrollo gastron\u00f3mico.<\/p>\n<p style=\"text-align: justify;\">Mario P\u00e9rez, director Acad\u00e9mico de INACAP Sede Coyhaique, destac\u00f3 la relevancia de estas actividades para la formaci\u00f3n de los estudiantes: \u201cEste tipo de instancias permite que nuestros estudiantes experimenten de primera mano los procesos productivos y de transformaci\u00f3n de alimentos, conectando el saber te\u00f3rico con la pr\u00e1ctica real. Sin duda, es un aporte significativo para su desarrollo profesional y el fortalecimiento de la agroindustria regional.\u201d<\/p>\n<p style=\"text-align: justify;\">Por su parte, C\u00e9sar Silva, docente del \u00c1rea de Gastronom\u00eda, valor\u00f3 la iniciativa y el impacto que genera en los futuros profesionales: \u201cEl trabajo conjunto con los productores locales nos permite no solo aprender sobre t\u00e9cnicas de transformaci\u00f3n de alimentos, sino tambi\u00e9n valorar el esfuerzo y la calidad de los productos de nuestra regi\u00f3n. Los estudiantes logran apreciar el proceso completo, desde la producci\u00f3n hasta la transformaci\u00f3n culinaria.\u201d<\/p>\n<p style=\"text-align: justify;\">La actividad refuerza el compromiso de INACAP Sede Coyhaique con el desarrollo sostenible y el fomento de la producci\u00f3n local, contribuyendo al fortalecimiento de la cadena de valor agroindustrial en Ays\u00e9n.<\/p>\n<\/div><\/section><\/div><div  style='height:50px' class='hr hr-invisible   avia-builder-el-6  el_after_av_one_full  el_before_av_social_share '><span class='hr-inner ' ><span class='hr-inner-style'><\/span><\/span><\/div><\/p>\n<div  class='av-social-sharing-box  avia-builder-el-7  el_after_av_hr  el_before_av_hr  '><div class='av-share-box'><h5 class='av-share-link-description av-no-toc '>Compartir esta noticia<\/h5><ul class='av-share-box-list noLightbox'><li class='av-share-link av-social-link-facebook' ><a target=\"_blank\" aria-label=\"Compartir en Facebook\" href='https:\/\/www.facebook.com\/sharer.php?u=https:\/\/radiorevelacionfm.cl\/?p=54112&#038;t=Vinculaci%C3%B3n%20y%20producci%C3%B3n%20local%3A%20Inacap%20Sede%20Coyhaique%20fortalece%20la%20agroindustria%20regional' aria-hidden='false' data-av_icon='\ue8f3' data-av_iconfont='entypo-fontello' title='' data-avia-related-tooltip='Compartir en Facebook' rel=\"noopener\"><span class='avia_hidden_link_text'>Compartir en Facebook<\/span><\/a><\/li><li class='av-share-link av-social-link-twitter' ><a target=\"_blank\" aria-label=\"Compartir en Twitter\" href='https:\/\/twitter.com\/share?text=Vinculaci%C3%B3n%20y%20producci%C3%B3n%20local%3A%20Inacap%20Sede%20Coyhaique%20fortalece%20la%20agroindustria%20regional&#038;url=https:\/\/radiorevelacionfm.cl\/?p=54112' aria-hidden='false' data-av_icon='\ue8f1' data-av_iconfont='entypo-fontello' title='' data-avia-related-tooltip='Compartir en Twitter' rel=\"noopener\"><span class='avia_hidden_link_text'>Compartir en Twitter<\/span><\/a><\/li><li class='av-share-link av-social-link-whatsapp' ><a target=\"_blank\" aria-label=\"Compartir en Whatsapp\" href='https:\/\/api.whatsapp.com\/send?text=https:\/\/radiorevelacionfm.cl\/?p=54112' aria-hidden='false' data-av_icon='\uf232' data-av_iconfont='entypo-fontello' title='' data-avia-related-tooltip='Compartir en Whatsapp' rel=\"noopener\"><span class='avia_hidden_link_text'>Compartir en Whatsapp<\/span><\/a><\/li><li class='av-share-link av-social-link-linkedin' ><a target=\"_blank\" aria-label=\"Compartir en LinkedIn\" href='https:\/\/linkedin.com\/shareArticle?mini=true&#038;title=Vinculaci%C3%B3n%20y%20producci%C3%B3n%20local%3A%20Inacap%20Sede%20Coyhaique%20fortalece%20la%20agroindustria%20regional&#038;url=https:\/\/radiorevelacionfm.cl\/?p=54112' aria-hidden='false' data-av_icon='\ue8fc' data-av_iconfont='entypo-fontello' title='' data-avia-related-tooltip='Compartir en LinkedIn' rel=\"noopener\"><span class='avia_hidden_link_text'>Compartir en LinkedIn<\/span><\/a><\/li><li class='av-share-link av-social-link-mail' ><a  aria-label=\"Compartir por correo\" href='mailto:?subject=Vinculaci%C3%B3n%20y%20producci%C3%B3n%20local%3A%20Inacap%20Sede%20Coyhaique%20fortalece%20la%20agroindustria%20regional&#038;body=https:\/\/radiorevelacionfm.cl\/?p=54112' aria-hidden='false' data-av_icon='\ue805' data-av_iconfont='entypo-fontello' title='' data-avia-related-tooltip='Compartir por correo'><span class='avia_hidden_link_text'>Compartir por correo<\/span><\/a><\/li><\/ul><\/div><\/div>\n<div  style='height:50px' class='hr hr-invisible   avia-builder-el-8  el_after_av_social_share  el_before_av_comments_list '><span class='hr-inner ' ><span class='hr-inner-style'><\/span><\/span><\/div>\n<div  class='av-buildercomment  av-blog-meta-html-info-disabled av-blog-meta-tag-disabled  '><\/div>\n","protected":false},"excerpt":{"rendered":"","protected":false},"author":1,"featured_media":54113,"comment_status":"closed","ping_status":"closed","sticky":false,"template":"","format":"standard","meta":{"footnotes":""},"categories":[49],"tags":[],"class_list":["post-54112","post","type-post","status-publish","format-standard","has-post-thumbnail","hentry","category-educacion"],"jetpack_featured_media_url":"https:\/\/radiorevelacionfm.cl\/wp-content\/uploads\/2025\/05\/Imagen-de-WhatsApp-2025-05-16-a-las-11.25.06_99baa101-1-1.jpg","_links":{"self":[{"href":"https:\/\/radiorevelacionfm.cl\/index.php?rest_route=\/wp\/v2\/posts\/54112","targetHints":{"allow":["GET"]}}],"collection":[{"href":"https:\/\/radiorevelacionfm.cl\/index.php?rest_route=\/wp\/v2\/posts"}],"about":[{"href":"https:\/\/radiorevelacionfm.cl\/index.php?rest_route=\/wp\/v2\/types\/post"}],"author":[{"embeddable":true,"href":"https:\/\/radiorevelacionfm.cl\/index.php?rest_route=\/wp\/v2\/users\/1"}],"replies":[{"embeddable":true,"href":"https:\/\/radiorevelacionfm.cl\/index.php?rest_route=%2Fwp%2Fv2%2Fcomments&post=54112"}],"version-history":[{"count":2,"href":"https:\/\/radiorevelacionfm.cl\/index.php?rest_route=\/wp\/v2\/posts\/54112\/revisions"}],"predecessor-version":[{"id":54118,"href":"https:\/\/radiorevelacionfm.cl\/index.php?rest_route=\/wp\/v2\/posts\/54112\/revisions\/54118"}],"wp:featuredmedia":[{"embeddable":true,"href":"https:\/\/radiorevelacionfm.cl\/index.php?rest_route=\/wp\/v2\/media\/54113"}],"wp:attachment":[{"href":"https:\/\/radiorevelacionfm.cl\/index.php?rest_route=%2Fwp%2Fv2%2Fmedia&parent=54112"}],"wp:term":[{"taxonomy":"category","embeddable":true,"href":"https:\/\/radiorevelacionfm.cl\/index.php?rest_route=%2Fwp%2Fv2%2Fcategories&post=54112"},{"taxonomy":"post_tag","embeddable":true,"href":"https:\/\/radiorevelacionfm.cl\/index.php?rest_route=%2Fwp%2Fv2%2Ftags&post=54112"}],"curies":[{"name":"wp","href":"https:\/\/api.w.org\/{rel}","templated":true}]}}