{"id":54108,"date":"2025-05-19T15:08:34","date_gmt":"2025-05-19T18:08:34","guid":{"rendered":"https:\/\/radiorevelacionfm.cl\/?p=54108"},"modified":"2025-05-19T15:08:34","modified_gmt":"2025-05-19T18:08:34","slug":"ciep-presenta-potencial-de-energias-renovables-en-la-patagonia-norte","status":"publish","type":"post","link":"https:\/\/radiorevelacionfm.cl\/?p=54108","title":{"rendered":"CIEP presenta potencial de energ\u00edas renovables en la Patagonia norte"},"content":{"rendered":"<div class=\"flex_column av_one_full  flex_column_div av-zero-column-padding first  avia-builder-el-0  el_before_av_one_full  avia-builder-el-first  \" style='border-radius:0px; '><div  class='avia-image-container  av-styling-    avia-builder-el-1  avia-builder-el-no-sibling  avia-align-center '  itemprop=\"image\" itemscope=\"itemscope\" itemtype=\"https:\/\/schema.org\/ImageObject\"  ><div class='avia-image-container-inner'><div class='avia-image-overlay-wrap'><img decoding=\"async\" class='wp-image-54109 avia-img-lazy-loading-not-54109 avia_image' src=\"https:\/\/radiorevelacionfm.cl\/wp-content\/uploads\/2025\/05\/ciep_exposicion_2-1_optimized.jpg\" alt='' title='ciep_exposicion_2-(1)_optimized' height=\"600\" width=\"1067\"  itemprop=\"thumbnailUrl\" srcset=\"https:\/\/radiorevelacionfm.cl\/wp-content\/uploads\/2025\/05\/ciep_exposicion_2-1_optimized.jpg 1067w, https:\/\/radiorevelacionfm.cl\/wp-content\/uploads\/2025\/05\/ciep_exposicion_2-1_optimized-300x169.jpg 300w, https:\/\/radiorevelacionfm.cl\/wp-content\/uploads\/2025\/05\/ciep_exposicion_2-1_optimized-1030x579.jpg 1030w, https:\/\/radiorevelacionfm.cl\/wp-content\/uploads\/2025\/05\/ciep_exposicion_2-1_optimized-768x432.jpg 768w, https:\/\/radiorevelacionfm.cl\/wp-content\/uploads\/2025\/05\/ciep_exposicion_2-1_optimized-705x396.jpg 705w, https:\/\/radiorevelacionfm.cl\/wp-content\/uploads\/2025\/05\/ciep_exposicion_2-1_optimized-450x253.jpg 450w, https:\/\/radiorevelacionfm.cl\/wp-content\/uploads\/2025\/05\/ciep_exposicion_2-1_optimized-600x337.jpg 600w\" sizes=\"(max-width: 1067px) 100vw, 1067px\" \/><\/div><\/div><\/div><\/div><div class=\"flex_column av_one_full  flex_column_div av-zero-column-padding first  avia-builder-el-2  el_after_av_one_full  el_before_av_one_full  column-top-margin\" style='border-radius:0px; '><section class=\"av_textblock_section \"  itemscope=\"itemscope\" itemtype=\"https:\/\/schema.org\/BlogPosting\" itemprop=\"blogPost\" ><div class='avia_textblock  '   itemprop=\"text\" ><p style=\"text-align: center;\"><strong><span style=\"font-size: 18pt;\">CIEP presenta potencial de energ\u00edas renovables en la Patagonia norte<\/span><\/strong><\/p>\n<div id=\"gtx-trans\" style=\"position: absolute; left: -50px; top: 4.31534px;\">\n<div class=\"gtx-trans-icon\"><\/div>\n<\/div>\n<\/div><\/section><\/div><div class=\"flex_column av_one_full  flex_column_div av-zero-column-padding first  avia-builder-el-4  el_after_av_one_full  el_before_av_hr  column-top-margin\" style='border-radius:0px; '><section class=\"av_textblock_section \"  itemscope=\"itemscope\" itemtype=\"https:\/\/schema.org\/BlogPosting\" itemprop=\"blogPost\" ><div class='avia_textblock  '   itemprop=\"text\" ><p style=\"text-align: justify;\"><em>Vecinos de La Junta y alrededores participaron en una charla organizada por el Centro de Investigaci\u00f3n CIEP, donde se mostraron alternativas para el uso de r\u00edos y esteros para la generaci\u00f3n de energ\u00eda a baja escala.<\/em><\/p>\n<p style=\"text-align: justify;\">En un esfuerzo por impulsar la autonom\u00eda energ\u00e9tica y reducir costos en sectores aislados, la comunidad de La Junta particip\u00f3 en un taller sobre microcentrales hidr\u00e1ulicas y la Ley NET Billing, organizado por el Centro de Investigaci\u00f3n CIEP. Durante la instancia, vecinos expresaron su inter\u00e9s en desarrollar proyectos comunitarios para aprovechar los recursos naturales de la regi\u00f3n.<\/p>\n<p style=\"text-align: justify;\">Sergio Vera, vecino de La Junta, y que vive en el sector desde 1976, coment\u00f3 sobre la importancia de aprovechar los peque\u00f1os caudales disponibles en el territorio. \u00abMe parece excelente que podamos utilizar esta tecnolog\u00eda que ya est\u00e1 funcionando en otros lugares y que, adem\u00e1s, es m\u00e1s barata. Generar nuestra propia energ\u00eda de manera comunitaria ser\u00eda fant\u00e1stico,\u201d coment\u00f3.<\/p>\n<p style=\"text-align: justify;\">Por su parte, Erasmo Soto, residente de Las Nalcas, enfatiz\u00f3 el potencial de la energ\u00eda natural en la regi\u00f3n. Ante esto, indic\u00f3 que ser\u00eda una gran opci\u00f3n para ellos, \u201chay mucha energ\u00eda en los r\u00edos y aprovecharla significar\u00eda un beneficio para muchas familias.\u00bb Si bien Erasmo a\u00fan depende del tendido el\u00e9ctrico, se\u00f1al\u00f3 que proyectos comunitarios ayudar\u00edan a mejorar la calidad de vida de los habitantes del sector.<\/p>\n<p style=\"text-align: justify;\">El taller tambi\u00e9n cont\u00f3 con la participaci\u00f3n de Santos Altamirano, vecino de la zona, quien expres\u00f3 su entusiasmo por la iniciativa. Si bien afirm\u00f3 no saber mucho de los proyectos comunitarios, \u201cahora entiendo c\u00f3mo podr\u00edamos organizarnos para hacer realidad la generaci\u00f3n de energ\u00eda comunitaria. Es un desaf\u00edo, pero no es imposible.\u00bb<\/p>\n<p style=\"text-align: justify;\">Desde el Centro de Investigaci\u00f3n CIEP recalcaron la relevancia de la informaci\u00f3n y la necesidad de difundir los alcances de la Ley NET Billing, que permite la autogeneraci\u00f3n energ\u00e9tica de las comunidades. \u00abNuestro objetivo es que los vecinos conozcan las posibilidades y los mecanismos para desarrollar estos proyectos, que sin duda representan un gran beneficio para los territorios rurales,\u00bb se\u00f1al\u00f3 Patricio Campos investigador de CIEP.<\/p>\n<p style=\"text-align: justify;\">Cabe destacar que varias autoridades regionales muestran inter\u00e9s en respaldar estos proyectos, fomentando la descarbonizaci\u00f3n y la autosuficiencia energ\u00e9tica en la Patagonia. A futuro, los habitantes de La Junta esperan poder concretar iniciativas que les permitan generar energ\u00eda limpia, sustentable y accesible para todos.<\/p>\n<p style=\"text-align: justify;\">Esta visita a La Junta forma parte del desarrollo del estudio de Investigaci\u00f3n en Generaci\u00f3n por Microcentrales el cual es financiado por el Gobierno Regional de Ays\u00e9n y su Consejo.<\/p>\n<\/div><\/section><\/div><div  style='height:50px' class='hr hr-invisible   avia-builder-el-6  el_after_av_one_full  el_before_av_social_share '><span class='hr-inner ' ><span class='hr-inner-style'><\/span><\/span><\/div><\/p>\n<div  class='av-social-sharing-box  avia-builder-el-7  el_after_av_hr  el_before_av_hr  '><div class='av-share-box'><h5 class='av-share-link-description av-no-toc '>Compartir esta noticia<\/h5><ul class='av-share-box-list noLightbox'><li class='av-share-link av-social-link-facebook' ><a target=\"_blank\" aria-label=\"Compartir en Facebook\" href='https:\/\/www.facebook.com\/sharer.php?u=https:\/\/radiorevelacionfm.cl\/?p=54108&#038;t=CIEP%20presenta%20potencial%20de%20energ%C3%ADas%20renovables%20en%20la%20Patagonia%20norte' aria-hidden='false' data-av_icon='\ue8f3' data-av_iconfont='entypo-fontello' title='' data-avia-related-tooltip='Compartir en Facebook' rel=\"noopener\"><span class='avia_hidden_link_text'>Compartir en Facebook<\/span><\/a><\/li><li class='av-share-link av-social-link-twitter' ><a target=\"_blank\" aria-label=\"Compartir en Twitter\" href='https:\/\/twitter.com\/share?text=CIEP%20presenta%20potencial%20de%20energ%C3%ADas%20renovables%20en%20la%20Patagonia%20norte&#038;url=https:\/\/radiorevelacionfm.cl\/?p=54108' aria-hidden='false' data-av_icon='\ue8f1' data-av_iconfont='entypo-fontello' title='' data-avia-related-tooltip='Compartir en Twitter' rel=\"noopener\"><span class='avia_hidden_link_text'>Compartir en Twitter<\/span><\/a><\/li><li class='av-share-link av-social-link-whatsapp' ><a target=\"_blank\" aria-label=\"Compartir en Whatsapp\" href='https:\/\/api.whatsapp.com\/send?text=https:\/\/radiorevelacionfm.cl\/?p=54108' aria-hidden='false' data-av_icon='\uf232' data-av_iconfont='entypo-fontello' title='' data-avia-related-tooltip='Compartir en Whatsapp' rel=\"noopener\"><span class='avia_hidden_link_text'>Compartir en Whatsapp<\/span><\/a><\/li><li class='av-share-link av-social-link-linkedin' ><a target=\"_blank\" aria-label=\"Compartir en LinkedIn\" href='https:\/\/linkedin.com\/shareArticle?mini=true&#038;title=CIEP%20presenta%20potencial%20de%20energ%C3%ADas%20renovables%20en%20la%20Patagonia%20norte&#038;url=https:\/\/radiorevelacionfm.cl\/?p=54108' aria-hidden='false' data-av_icon='\ue8fc' data-av_iconfont='entypo-fontello' title='' data-avia-related-tooltip='Compartir en LinkedIn' rel=\"noopener\"><span class='avia_hidden_link_text'>Compartir en LinkedIn<\/span><\/a><\/li><li class='av-share-link av-social-link-mail' ><a  aria-label=\"Compartir por correo\" href='mailto:?subject=CIEP%20presenta%20potencial%20de%20energ%C3%ADas%20renovables%20en%20la%20Patagonia%20norte&#038;body=https:\/\/radiorevelacionfm.cl\/?p=54108' aria-hidden='false' data-av_icon='\ue805' data-av_iconfont='entypo-fontello' title='' data-avia-related-tooltip='Compartir por correo'><span class='avia_hidden_link_text'>Compartir por correo<\/span><\/a><\/li><\/ul><\/div><\/div>\n<div  style='height:50px' class='hr hr-invisible   avia-builder-el-8  el_after_av_social_share  el_before_av_comments_list '><span class='hr-inner ' ><span class='hr-inner-style'><\/span><\/span><\/div>\n<div  class='av-buildercomment  av-blog-meta-html-info-disabled av-blog-meta-tag-disabled  '><\/div>\n","protected":false},"excerpt":{"rendered":"","protected":false},"author":1,"featured_media":54109,"comment_status":"closed","ping_status":"closed","sticky":false,"template":"","format":"standard","meta":{"footnotes":""},"categories":[38],"tags":[],"class_list":["post-54108","post","type-post","status-publish","format-standard","has-post-thumbnail","hentry","category-regional"],"jetpack_featured_media_url":"https:\/\/radiorevelacionfm.cl\/wp-content\/uploads\/2025\/05\/ciep_exposicion_2-1_optimized.jpg","_links":{"self":[{"href":"https:\/\/radiorevelacionfm.cl\/index.php?rest_route=\/wp\/v2\/posts\/54108","targetHints":{"allow":["GET"]}}],"collection":[{"href":"https:\/\/radiorevelacionfm.cl\/index.php?rest_route=\/wp\/v2\/posts"}],"about":[{"href":"https:\/\/radiorevelacionfm.cl\/index.php?rest_route=\/wp\/v2\/types\/post"}],"author":[{"embeddable":true,"href":"https:\/\/radiorevelacionfm.cl\/index.php?rest_route=\/wp\/v2\/users\/1"}],"replies":[{"embeddable":true,"href":"https:\/\/radiorevelacionfm.cl\/index.php?rest_route=%2Fwp%2Fv2%2Fcomments&post=54108"}],"version-history":[{"count":2,"href":"https:\/\/radiorevelacionfm.cl\/index.php?rest_route=\/wp\/v2\/posts\/54108\/revisions"}],"predecessor-version":[{"id":54111,"href":"https:\/\/radiorevelacionfm.cl\/index.php?rest_route=\/wp\/v2\/posts\/54108\/revisions\/54111"}],"wp:featuredmedia":[{"embeddable":true,"href":"https:\/\/radiorevelacionfm.cl\/index.php?rest_route=\/wp\/v2\/media\/54109"}],"wp:attachment":[{"href":"https:\/\/radiorevelacionfm.cl\/index.php?rest_route=%2Fwp%2Fv2%2Fmedia&parent=54108"}],"wp:term":[{"taxonomy":"category","embeddable":true,"href":"https:\/\/radiorevelacionfm.cl\/index.php?rest_route=%2Fwp%2Fv2%2Fcategories&post=54108"},{"taxonomy":"post_tag","embeddable":true,"href":"https:\/\/radiorevelacionfm.cl\/index.php?rest_route=%2Fwp%2Fv2%2Ftags&post=54108"}],"curies":[{"name":"wp","href":"https:\/\/api.w.org\/{rel}","templated":true}]}}