{"id":54093,"date":"2025-05-19T11:56:34","date_gmt":"2025-05-19T14:56:34","guid":{"rendered":"https:\/\/radiorevelacionfm.cl\/?p=54093"},"modified":"2025-05-19T12:05:39","modified_gmt":"2025-05-19T15:05:39","slug":"puyuhuapi-da-un-paso-clave-hacia-una-nueva-costanera-proyecto-podra-ser-licitado","status":"publish","type":"post","link":"https:\/\/radiorevelacionfm.cl\/?p=54093","title":{"rendered":"Puyuhuapi da un paso clave hacia una nueva costanera: proyecto podr\u00e1 ser licitado"},"content":{"rendered":"<div class=\"flex_column av_one_full  flex_column_div av-zero-column-padding first  avia-builder-el-0  el_before_av_one_full  avia-builder-el-first  \" style='border-radius:0px; '><div  class='avia-image-container  av-styling-    avia-builder-el-1  avia-builder-el-no-sibling  avia-align-center '  itemprop=\"image\" itemscope=\"itemscope\" itemtype=\"https:\/\/schema.org\/ImageObject\"  ><div class='avia-image-container-inner'><div class='avia-image-overlay-wrap'><img decoding=\"async\" class='wp-image-54101 avia-img-lazy-loading-not-54101 avia_image' src=\"https:\/\/radiorevelacionfm.cl\/wp-content\/uploads\/2025\/05\/Foto-BC-Puyuhuapi-1-1.jpeg\" alt='' title='Foto BC Puyuhuapi (1) (1)' height=\"600\" width=\"1068\"  itemprop=\"thumbnailUrl\" srcset=\"https:\/\/radiorevelacionfm.cl\/wp-content\/uploads\/2025\/05\/Foto-BC-Puyuhuapi-1-1.jpeg 1068w, https:\/\/radiorevelacionfm.cl\/wp-content\/uploads\/2025\/05\/Foto-BC-Puyuhuapi-1-1-300x169.jpeg 300w, https:\/\/radiorevelacionfm.cl\/wp-content\/uploads\/2025\/05\/Foto-BC-Puyuhuapi-1-1-1030x579.jpeg 1030w, https:\/\/radiorevelacionfm.cl\/wp-content\/uploads\/2025\/05\/Foto-BC-Puyuhuapi-1-1-768x431.jpeg 768w, https:\/\/radiorevelacionfm.cl\/wp-content\/uploads\/2025\/05\/Foto-BC-Puyuhuapi-1-1-705x396.jpeg 705w, https:\/\/radiorevelacionfm.cl\/wp-content\/uploads\/2025\/05\/Foto-BC-Puyuhuapi-1-1-450x253.jpeg 450w, https:\/\/radiorevelacionfm.cl\/wp-content\/uploads\/2025\/05\/Foto-BC-Puyuhuapi-1-1-600x337.jpeg 600w\" sizes=\"(max-width: 1068px) 100vw, 1068px\" \/><\/div><\/div><\/div><\/div><div class=\"flex_column av_one_full  flex_column_div av-zero-column-padding first  avia-builder-el-2  el_after_av_one_full  el_before_av_one_full  column-top-margin\" style='border-radius:0px; '><section class=\"av_textblock_section \"  itemscope=\"itemscope\" itemtype=\"https:\/\/schema.org\/BlogPosting\" itemprop=\"blogPost\" ><div class='avia_textblock  '   itemprop=\"text\" ><p style=\"text-align: center;\"><strong><span style=\"font-size: 18pt;\">Puyuhuapi da un paso clave hacia una nueva costanera: proyecto podr\u00e1 ser licitado<\/span><\/strong><\/p>\n<div id=\"gtx-trans\" style=\"position: absolute; left: -50px; top: 4.31534px;\">\n<div class=\"gtx-trans-icon\"><\/div>\n<\/div>\n<\/div><\/section><\/div><\/p>\n<div class=\"flex_column av_one_full  flex_column_div av-zero-column-padding first  avia-builder-el-4  el_after_av_one_full  el_before_av_hr  column-top-margin\" style='border-radius:0px; '><section class=\"av_textblock_section \"  itemscope=\"itemscope\" itemtype=\"https:\/\/schema.org\/BlogPosting\" itemprop=\"blogPost\" ><div class='avia_textblock  '   itemprop=\"text\" ><p style=\"text-align: justify;\">Un importante hito para la comuna de Cisnes se concret\u00f3 esta semana con la obtenci\u00f3n de la Recomendaci\u00f3n Satisfactoria (RS) QUE ENTREGA EL Ministerio de Desarrollo Social, lo que permitir\u00e1 avanzar hacia la licitaci\u00f3n del proyecto de construcci\u00f3n de la nueva Costanera de Puyuhuapi. Se trata de una obra largamente esperada por la comunidad, que busca transformar el borde costero de esta localidad tur\u00edstica en un espacio moderno, seguro y amigable con el entorno.<\/p>\n<p style=\"text-align: justify;\">Este avance fue posible gracias al trabajo comprometido y colaborativo de los equipos t\u00e9cnicos de la Direcci\u00f3n de Obras Portuarias del Ministerio de Obras P\u00fablicas de Ays\u00e9n y del Ministerio de Desarrollo Social y Familia de Ays\u00e9n, quienes trabajaron arduamente en la formulaci\u00f3n, revisi\u00f3n y validaci\u00f3n del proyecto hasta alcanzar el RS. Su labor permiti\u00f3 materializar una iniciativa que lleva m\u00e1s de una d\u00e9cada siendo impulsada por los vecinos y vecinas de Puyuhuapi.<\/p>\n<p style=\"text-align: justify;\">La Seremi del MOP Ays\u00e9n, Paloma Jara, valor\u00f3 este avance se\u00f1alando:<\/p>\n<p style=\"text-align: justify;\">\u201cEstamos muy contentos porque hoy d\u00eda ya hemos recibido la recomendaci\u00f3n satisfactoria que nos va a permitir licitar el proyecto de la Costanera Puyuhuapi, un borde costero innovador, con una materialidad nueva que conversa con el medio ambiente y que conversa tambi\u00e9n con las necesidades que nos han expuesto las y los vecinos. Esta inversi\u00f3n va a alcanzar cerca de los 7.500 millones de pesos y va a cambiar la cara de Puyuhuapi.\u201d<\/p>\n<p style=\"text-align: justify;\">Por su parte, el Delegado Presidencial Regional, Jorge D\u00edaz Guzm\u00e1n, enfatiz\u00f3 el cumplimiento de los compromisos asumidos con la comunidad:<\/p>\n<p style=\"text-align: justify;\">\u201cTal como nos comprometimos con los vecinos hace unos d\u00edas atr\u00e1s, hoy tenemos ya la recomendaci\u00f3n para que se pueda licitar la ansiada y anhelada Costanera de Puyuhuapi, que le va a dar una nueva din\u00e1mica a toda la industria del turismo, a los emprendedores, a la comunidad. Va a tener un espacio tambi\u00e9n para poder reunirse con sus vecinos.\u201d<\/p>\n<p style=\"text-align: justify;\">El proyecto considera la intervenci\u00f3n de aproximadamente 700 metros lineales de borde costero, incluyendo obras de protecci\u00f3n, paseos peatonales, iluminaci\u00f3n y nuevos espacios p\u00fablicos cercanos al mar. Todo ello busca potenciar el desarrollo social y tur\u00edstico de Puyuhuapi, en l\u00ednea con la pol\u00edtica sectorial del MOP que promueve el mejoramiento integral del borde costero.<\/p>\n<p style=\"text-align: justify;\">Finalmente, el concejal de la comuna de Cisnes, Francisco Abarca, recalc\u00f3 el impacto que tendr\u00e1 esta iniciativa en la zona norte de la comuna:<\/p>\n<p style=\"text-align: justify;\">\u201cEsto sin duda va a cambiar de forma importante la realidad que se vive en la zona norte de nuestra comuna y regi\u00f3n de Ays\u00e9n, y va a venir a cumplir con un anhelado sue\u00f1o de toda la localidad que se viene trabajando por m\u00e1s de una d\u00e9cada. As\u00ed es que esperamos que esto se pueda sumar a las obras de los puentes y sea tambi\u00e9n un impulso de reactivaci\u00f3n a la econom\u00eda de nuestra localidad.\u201d<\/p>\n<p style=\"text-align: justify;\">El proyecto, con un presupuesto estimado de m\u00e1s de 7.400 millones de pesos, se enmarca en el programa nacional de Infraestructura de Mejoramiento del Borde Costero y representa una inversi\u00f3n estrat\u00e9gica para mejorar la calidad de vida en Puyuhuapi y abrir nuevas oportunidades para el desarrollo sustentable de la regi\u00f3n.<\/p>\n<\/div><\/section><\/div>\n<div  style='height:50px' class='hr hr-invisible   avia-builder-el-6  el_after_av_one_full  el_before_av_social_share '><span class='hr-inner ' ><span class='hr-inner-style'><\/span><\/span><\/div>\n<div  class='av-social-sharing-box  avia-builder-el-7  el_after_av_hr  el_before_av_hr  '><div class='av-share-box'><h5 class='av-share-link-description av-no-toc '>Compartir esta noticia<\/h5><ul class='av-share-box-list noLightbox'><li class='av-share-link av-social-link-facebook' ><a target=\"_blank\" aria-label=\"Compartir en Facebook\" href='https:\/\/www.facebook.com\/sharer.php?u=https:\/\/radiorevelacionfm.cl\/?p=54093&#038;t=Puyuhuapi%20da%20un%20paso%20clave%20hacia%20una%20nueva%20costanera%3A%20proyecto%20podr%C3%A1%20ser%20licitado' aria-hidden='false' data-av_icon='\ue8f3' data-av_iconfont='entypo-fontello' title='' data-avia-related-tooltip='Compartir en Facebook' rel=\"noopener\"><span class='avia_hidden_link_text'>Compartir en Facebook<\/span><\/a><\/li><li class='av-share-link av-social-link-twitter' ><a target=\"_blank\" aria-label=\"Compartir en Twitter\" href='https:\/\/twitter.com\/share?text=Puyuhuapi%20da%20un%20paso%20clave%20hacia%20una%20nueva%20costanera%3A%20proyecto%20podr%C3%A1%20ser%20licitado&#038;url=https:\/\/radiorevelacionfm.cl\/?p=54093' aria-hidden='false' data-av_icon='\ue8f1' data-av_iconfont='entypo-fontello' title='' data-avia-related-tooltip='Compartir en Twitter' rel=\"noopener\"><span class='avia_hidden_link_text'>Compartir en Twitter<\/span><\/a><\/li><li class='av-share-link av-social-link-whatsapp' ><a target=\"_blank\" aria-label=\"Compartir en Whatsapp\" href='https:\/\/api.whatsapp.com\/send?text=https:\/\/radiorevelacionfm.cl\/?p=54093' aria-hidden='false' data-av_icon='\uf232' data-av_iconfont='entypo-fontello' title='' data-avia-related-tooltip='Compartir en Whatsapp' rel=\"noopener\"><span class='avia_hidden_link_text'>Compartir en Whatsapp<\/span><\/a><\/li><li class='av-share-link av-social-link-linkedin' ><a target=\"_blank\" aria-label=\"Compartir en LinkedIn\" href='https:\/\/linkedin.com\/shareArticle?mini=true&#038;title=Puyuhuapi%20da%20un%20paso%20clave%20hacia%20una%20nueva%20costanera%3A%20proyecto%20podr%C3%A1%20ser%20licitado&#038;url=https:\/\/radiorevelacionfm.cl\/?p=54093' aria-hidden='false' data-av_icon='\ue8fc' data-av_iconfont='entypo-fontello' title='' data-avia-related-tooltip='Compartir en LinkedIn' rel=\"noopener\"><span class='avia_hidden_link_text'>Compartir en LinkedIn<\/span><\/a><\/li><li class='av-share-link av-social-link-mail' ><a  aria-label=\"Compartir por correo\" href='mailto:?subject=Puyuhuapi%20da%20un%20paso%20clave%20hacia%20una%20nueva%20costanera%3A%20proyecto%20podr%C3%A1%20ser%20licitado&#038;body=https:\/\/radiorevelacionfm.cl\/?p=54093' aria-hidden='false' data-av_icon='\ue805' data-av_iconfont='entypo-fontello' title='' data-avia-related-tooltip='Compartir por correo'><span class='avia_hidden_link_text'>Compartir por correo<\/span><\/a><\/li><\/ul><\/div><\/div>\n<div  style='height:50px' class='hr hr-invisible   avia-builder-el-8  el_after_av_social_share  el_before_av_comments_list '><span class='hr-inner ' ><span class='hr-inner-style'><\/span><\/span><\/div>\n<div  class='av-buildercomment  av-blog-meta-html-info-disabled av-blog-meta-tag-disabled  '><\/div>\n","protected":false},"excerpt":{"rendered":"","protected":false},"author":1,"featured_media":54101,"comment_status":"closed","ping_status":"closed","sticky":false,"template":"","format":"standard","meta":{"footnotes":""},"categories":[38],"tags":[],"class_list":["post-54093","post","type-post","status-publish","format-standard","has-post-thumbnail","hentry","category-regional"],"jetpack_featured_media_url":"https:\/\/radiorevelacionfm.cl\/wp-content\/uploads\/2025\/05\/Foto-BC-Puyuhuapi-1-1.jpeg","_links":{"self":[{"href":"https:\/\/radiorevelacionfm.cl\/index.php?rest_route=\/wp\/v2\/posts\/54093","targetHints":{"allow":["GET"]}}],"collection":[{"href":"https:\/\/radiorevelacionfm.cl\/index.php?rest_route=\/wp\/v2\/posts"}],"about":[{"href":"https:\/\/radiorevelacionfm.cl\/index.php?rest_route=\/wp\/v2\/types\/post"}],"author":[{"embeddable":true,"href":"https:\/\/radiorevelacionfm.cl\/index.php?rest_route=\/wp\/v2\/users\/1"}],"replies":[{"embeddable":true,"href":"https:\/\/radiorevelacionfm.cl\/index.php?rest_route=%2Fwp%2Fv2%2Fcomments&post=54093"}],"version-history":[{"count":4,"href":"https:\/\/radiorevelacionfm.cl\/index.php?rest_route=\/wp\/v2\/posts\/54093\/revisions"}],"predecessor-version":[{"id":54103,"href":"https:\/\/radiorevelacionfm.cl\/index.php?rest_route=\/wp\/v2\/posts\/54093\/revisions\/54103"}],"wp:featuredmedia":[{"embeddable":true,"href":"https:\/\/radiorevelacionfm.cl\/index.php?rest_route=\/wp\/v2\/media\/54101"}],"wp:attachment":[{"href":"https:\/\/radiorevelacionfm.cl\/index.php?rest_route=%2Fwp%2Fv2%2Fmedia&parent=54093"}],"wp:term":[{"taxonomy":"category","embeddable":true,"href":"https:\/\/radiorevelacionfm.cl\/index.php?rest_route=%2Fwp%2Fv2%2Fcategories&post=54093"},{"taxonomy":"post_tag","embeddable":true,"href":"https:\/\/radiorevelacionfm.cl\/index.php?rest_route=%2Fwp%2Fv2%2Ftags&post=54093"}],"curies":[{"name":"wp","href":"https:\/\/api.w.org\/{rel}","templated":true}]}}