{"id":54089,"date":"2025-05-19T11:20:38","date_gmt":"2025-05-19T14:20:38","guid":{"rendered":"https:\/\/radiorevelacionfm.cl\/?p=54089"},"modified":"2025-05-19T11:20:38","modified_gmt":"2025-05-19T14:20:38","slug":"conaf-aysen-conmemora-55-anos-de-compromiso-con-la-conservacion-y-manejo-sustentable-de-los-bosques","status":"publish","type":"post","link":"https:\/\/radiorevelacionfm.cl\/?p=54089","title":{"rendered":"Conaf Ays\u00e9n conmemora 55 a\u00f1os de compromiso con la conservaci\u00f3n y manejo sustentable de los bosques"},"content":{"rendered":"<div class=\"flex_column av_one_full  flex_column_div av-zero-column-padding first  avia-builder-el-0  el_before_av_one_full  avia-builder-el-first  \" style='border-radius:0px; '><div  class='avia-image-container  av-styling-    avia-builder-el-1  avia-builder-el-no-sibling  avia-align-center '  itemprop=\"image\" itemscope=\"itemscope\" itemtype=\"https:\/\/schema.org\/ImageObject\"  ><div class='avia-image-container-inner'><div class='avia-image-overlay-wrap'><img decoding=\"async\" class='wp-image-54090 avia-img-lazy-loading-not-54090 avia_image' src=\"https:\/\/radiorevelacionfm.cl\/wp-content\/uploads\/2025\/05\/10-2-1-1-1.jpg\" alt='' title='10 (2) (1) (1) (1)' height=\"600\" width=\"1067\"  itemprop=\"thumbnailUrl\" srcset=\"https:\/\/radiorevelacionfm.cl\/wp-content\/uploads\/2025\/05\/10-2-1-1-1.jpg 1067w, https:\/\/radiorevelacionfm.cl\/wp-content\/uploads\/2025\/05\/10-2-1-1-1-300x169.jpg 300w, https:\/\/radiorevelacionfm.cl\/wp-content\/uploads\/2025\/05\/10-2-1-1-1-1030x579.jpg 1030w, https:\/\/radiorevelacionfm.cl\/wp-content\/uploads\/2025\/05\/10-2-1-1-1-768x432.jpg 768w, https:\/\/radiorevelacionfm.cl\/wp-content\/uploads\/2025\/05\/10-2-1-1-1-705x396.jpg 705w, https:\/\/radiorevelacionfm.cl\/wp-content\/uploads\/2025\/05\/10-2-1-1-1-450x253.jpg 450w, https:\/\/radiorevelacionfm.cl\/wp-content\/uploads\/2025\/05\/10-2-1-1-1-600x337.jpg 600w\" sizes=\"(max-width: 1067px) 100vw, 1067px\" \/><\/div><\/div><\/div><\/div><div class=\"flex_column av_one_full  flex_column_div av-zero-column-padding first  avia-builder-el-2  el_after_av_one_full  el_before_av_one_full  column-top-margin\" style='border-radius:0px; '><section class=\"av_textblock_section \"  itemscope=\"itemscope\" itemtype=\"https:\/\/schema.org\/BlogPosting\" itemprop=\"blogPost\" ><div class='avia_textblock  '   itemprop=\"text\" ><p style=\"text-align: center;\"><strong><span style=\"font-size: 18pt;\">Conaf Ays\u00e9n conmemora 55 a\u00f1os de compromiso con la conservaci\u00f3n y manejo sustentable de los bosques<\/span><\/strong><\/p>\n<div id=\"gtx-trans\" style=\"position: absolute; left: -50px; top: 4.31534px;\">\n<div class=\"gtx-trans-icon\"><\/div>\n<\/div>\n<\/div><\/section><\/div><div class=\"flex_column av_one_full  flex_column_div av-zero-column-padding first  avia-builder-el-4  el_after_av_one_full  el_before_av_hr  column-top-margin\" style='border-radius:0px; '><section class=\"av_textblock_section \"  itemscope=\"itemscope\" itemtype=\"https:\/\/schema.org\/BlogPosting\" itemprop=\"blogPost\" ><div class='avia_textblock  '   itemprop=\"text\" ><p style=\"font-weight: 400; text-align: justify;\"><em>Una actividad marcada por el reconocimiento por a\u00f1os de servicio de trabajadores de la instituci\u00f3n y por ser el a\u00f1o en que se promulg\u00f3 el Servicio Nacional Forestal.<\/em><\/p>\n<p style=\"font-weight: 400; text-align: justify;\">En una emotiva ceremonia realizada en el auditorio de la IV Divisi\u00f3n del Ej\u00e9rcito de Coyhaique, la Corporaci\u00f3n Nacional Forestal (CONAF) de la regi\u00f3n de Ays\u00e9n, conmemor\u00f3 este 16 de mayo su 55\u00b0 aniversario, destacando su labor en la protecci\u00f3n del patrimonio natural de Chile y los nuevos desaf\u00edos con una estructura jur\u00eddica p\u00fablica, tras la promulgaci\u00f3n de la ley que crea el Servicio Nacional Forestal.<\/p>\n<p style=\"font-weight: 400; text-align: justify;\">La actividad encabezada por el director regional de CONAF Ays\u00e9n, Ronald Valenzuela cont\u00f3 con la presencia de diversas autoridades regionales; jefe de divisi\u00f3n del Gobierno Regional, Mauricio Quezada; representantes de servicios p\u00fablicos; Seremi de Agricultura, Eugenio Ruiz; fuerzas armadas, directores de Servicio del AGRO, y dirigentes sindicales, quienes acompa\u00f1aron a funcionarios y funcionarias en esta conmemoraci\u00f3n.<\/p>\n<p style=\"font-weight: 400; text-align: justify;\">Se dio inicio a la ceremonia con las palabras de los sindicatos de trabajadores de CONAF, Mireya Az\u00f3car Bahamondes, en representaci\u00f3n del Sindicato Nacional de Guardaparques y Trabajadores de las \u00c1reas Protegidas de CONAF, expres\u00f3 que \u201cen estos 55 a\u00f1os han pasado muchos funcionarios y funcionarias por CONAF. Estamos celebrando, quiz\u00e1s el \u00faltimo aniversario junto a ellos\u201d. A su vez, Luis Az\u00f3car Carrillo, tambi\u00e9n sostuvo palabras en este nuevo aniversario de la Corporaci\u00f3n en representaci\u00f3n del Sindicato de Trabajadores de la CONAF regi\u00f3n de Ays\u00e9n.<\/p>\n<p style=\"font-weight: 400; text-align: justify;\">Durante el acto, el director regional de CONAF Ays\u00e9n, Ronald Valenzuela, destac\u00f3 la labor y despliegue de los 484 trabajadores y trabajadoras que integran la instituci\u00f3n en la regi\u00f3n. \u201cCONAF ha tenido como misi\u00f3n la conservaci\u00f3n, protecci\u00f3n, restauraci\u00f3n y manejo sostenible del bosque nativo, las plantaciones forestales y los ecosistemas vegetacionales, adem\u00e1s de la prevenci\u00f3n y combate de los incendios forestales, y el cuidado de las \u00e1reas protegidas. Este 6 de mayo se promulg\u00f3 la ley que crea al Servicio Nacional Forestal, un anhelo institucional largamente postergado. Con esto, se concreta la transformaci\u00f3n de CONAF en un servicio p\u00fablico con competencias reforzadas y una estructura moderna acorde a los desaf\u00edos del siglo XXI. Se vienen nuevos desaf\u00edos que habremos de afrontar con la misma impronta, dedicaci\u00f3n y profesionalismo que han caracterizado y distinguido a la instituci\u00f3n durante estos 55 a\u00f1os\u201d.<\/p>\n<p style=\"font-weight: 400; text-align: justify;\">Uno de los momentos m\u00e1s emotivos fue la entrega de reconocimientos por a\u00f1os de servicio a m\u00e1s de 25 trabajadores que han dedicado entre 15 y 40 a\u00f1os al servicio de la ciudadan\u00eda y la conservaci\u00f3n del patrimonio natural y cultural del pa\u00eds. Este homenaje fue otorgado en compa\u00f1\u00eda de Forest\u00edn.<\/p>\n<p style=\"font-weight: 400; text-align: justify;\">Adem\u00e1s, se resalta la participaci\u00f3n art\u00edstica del Conservatorio de M\u00fasica de Coyhaique, con interpretaciones de piano de Naomi Dur\u00e1n y del director del Conservatorio, Carlos Fa\u00fandez.<\/p>\n<p style=\"font-weight: 400; text-align: justify;\">El cierre de la ceremonia estuvo a cargo del Seremi de Agricultura, Eugenio Ruiz, quien entreg\u00f3 un mensaje a la labor de las y los trabajadores de CONAF. \u201cEn la regi\u00f3n de Ays\u00e9n tenemos m\u00e1s de 5 millones de hect\u00e1reas de bosque nativo donde la Corporaci\u00f3n Nacional Forestal ha estado trabajando con mucho compromiso por su comunidad. Su labor ha sido fundamental tambi\u00e9n para la conservaci\u00f3n de las \u00c1reas Silvestres Protegidas, que contemplan un 52 % del territorio. Y es por esto, que con mucho orgullo felicitamos a las y los funcionarios de la regi\u00f3n y a quienes recibieron hoy su reconocimiento de hasta 40 a\u00f1os de trayectoria\u201d.<\/p>\n<p style=\"font-weight: 400; text-align: justify;\">Listado de reconocimiento por a\u00f1os de servicio en la Corporaci\u00f3n Nacional Forestal:<\/p>\n<table width=\"576\">\n<tbody>\n<tr>\n<td width=\"57\"><strong>N\u00b0<\/strong><\/td>\n<td width=\"113\"><strong>Ap. Paterno<\/strong><\/td>\n<td width=\"151\"><strong>Ap. Materno<\/strong><\/td>\n<td width=\"170\"><strong>Nombres<\/strong><\/td>\n<td width=\"85\"><strong>A\u00f1os<\/strong><\/td>\n<\/tr>\n<tr>\n<td width=\"57\">1<\/td>\n<td width=\"113\">G\u00c1LVEZ<\/td>\n<td width=\"151\">SANDOVAL<\/td>\n<td width=\"170\">JOS\u00c9 MIGUEL<\/td>\n<td width=\"85\">15<\/td>\n<\/tr>\n<tr>\n<td width=\"57\">2<\/td>\n<td width=\"113\">AZ\u00d3CAR<\/td>\n<td width=\"151\">BAHAMONDE<\/td>\n<td width=\"170\">MIREYA DE LA CRUZ<\/td>\n<td width=\"85\">15<\/td>\n<\/tr>\n<tr>\n<td width=\"57\">3<\/td>\n<td width=\"113\">VALENZUELA<\/td>\n<td width=\"151\">CAMPOS<\/td>\n<td width=\"170\">RONALD ALBERTO<\/td>\n<td width=\"85\">15<\/td>\n<\/tr>\n<tr>\n<td width=\"57\">4<\/td>\n<td width=\"113\">BAHAMONDE<\/td>\n<td width=\"151\">VALENZUELA<\/td>\n<td width=\"170\">ANDREA DEL PILAR<\/td>\n<td width=\"85\">15<\/td>\n<\/tr>\n<tr>\n<td width=\"57\">5<\/td>\n<td width=\"113\">TRIVINO<\/td>\n<td width=\"151\">WHITE<\/td>\n<td width=\"170\">DANIEL ENR\u00cdQUE<\/td>\n<td width=\"85\">15<\/td>\n<\/tr>\n<tr>\n<td width=\"57\">6<\/td>\n<td width=\"113\">P\u00c9REZ<\/td>\n<td width=\"151\">VARGAS<\/td>\n<td width=\"170\">JOS\u00c9 LUIS<\/td>\n<td width=\"85\">15<\/td>\n<\/tr>\n<tr>\n<td width=\"57\">7<\/td>\n<td width=\"113\">DORNER<\/td>\n<td width=\"151\">ALARC\u00d3N<\/td>\n<td width=\"170\">MARCELO TEOBALDO<\/td>\n<td width=\"85\">20<\/td>\n<\/tr>\n<tr>\n<td width=\"57\">8<\/td>\n<td width=\"113\">CAVIGLIA<\/td>\n<td width=\"151\">FUENTES<\/td>\n<td width=\"170\">PIERO MARIO<\/td>\n<td width=\"85\">20<\/td>\n<\/tr>\n<tr>\n<td width=\"57\">9<\/td>\n<td width=\"113\">CATAL\u00c1N<\/td>\n<td width=\"151\">MANSILLA<\/td>\n<td width=\"170\">LUCRECIA EDITH<\/td>\n<td width=\"85\">20<\/td>\n<\/tr>\n<tr>\n<td width=\"57\">10<\/td>\n<td width=\"113\">DAMICO<\/td>\n<td width=\"151\">NAJUM<\/td>\n<td width=\"170\">\u00c1LVARO ANDR\u00c9S<\/td>\n<td width=\"85\">20<\/td>\n<\/tr>\n<tr>\n<td width=\"57\">11<\/td>\n<td width=\"113\">COSSIO<\/td>\n<td width=\"151\">URIBE<\/td>\n<td width=\"170\">JUAN ANDR\u00c9S<\/td>\n<td width=\"85\">20<\/td>\n<\/tr>\n<tr>\n<td width=\"57\">12<\/td>\n<td width=\"113\">CATRIAN<\/td>\n<td width=\"151\">PICTICAR<\/td>\n<td width=\"170\">CRISTI\u00c1N ALEJANDRO<\/td>\n<td width=\"85\">20<\/td>\n<\/tr>\n<tr>\n<td width=\"57\">13<\/td>\n<td width=\"113\">PALMA<\/td>\n<td width=\"151\">MORALES<\/td>\n<td width=\"170\">WILDO SALVADOR<\/td>\n<td width=\"85\">25<\/td>\n<\/tr>\n<tr>\n<td width=\"57\">14<\/td>\n<td width=\"113\">HENR\u00cdQUEZ<\/td>\n<td width=\"151\">QUIJADA<\/td>\n<td width=\"170\">H\u00c9CTOR HERN\u00c1N<\/td>\n<td width=\"85\">25<\/td>\n<\/tr>\n<tr>\n<td width=\"57\">15<\/td>\n<td width=\"113\">OJEDA<\/td>\n<td width=\"151\">JOFR\u00c9<\/td>\n<td width=\"170\">M\u00d3NICA LUISA<\/td>\n<td width=\"85\">25<\/td>\n<\/tr>\n<tr>\n<td width=\"57\">16<\/td>\n<td width=\"113\">C\u00c1RDENAS<\/td>\n<td width=\"151\">V\u00c1SQUEZ<\/td>\n<td width=\"170\">ELIANA MIRIAM<\/td>\n<td width=\"85\">25<\/td>\n<\/tr>\n<tr>\n<td width=\"57\">17<\/td>\n<td width=\"113\">PINEDA<\/td>\n<td width=\"151\">BARRIENTOS<\/td>\n<td width=\"170\">HUGO BALTAZAR<\/td>\n<td width=\"85\">30<\/td>\n<\/tr>\n<tr>\n<td width=\"57\">18<\/td>\n<td width=\"113\">PARRA<\/td>\n<td width=\"151\">NAVARRO<\/td>\n<td width=\"170\">MYRIAM LUZ<\/td>\n<td width=\"85\">30<\/td>\n<\/tr>\n<tr>\n<td width=\"57\">19<\/td>\n<td width=\"113\">AZ\u00d3CAR<\/td>\n<td width=\"151\">CARRILLO<\/td>\n<td width=\"170\">LUIS ALBERTO<\/td>\n<td width=\"85\">30<\/td>\n<\/tr>\n<tr>\n<td width=\"57\">20<\/td>\n<td width=\"113\">FERREIRA<\/td>\n<td width=\"151\">ALIAGA<\/td>\n<td width=\"170\">SERGIO ALEJANDRO<\/td>\n<td width=\"85\">30<\/td>\n<\/tr>\n<tr>\n<td width=\"57\">21<\/td>\n<td width=\"113\">VALENCIA<\/td>\n<td width=\"151\">PARRA<\/td>\n<td width=\"170\">LUIS FELIPE<\/td>\n<td width=\"85\">30<\/td>\n<\/tr>\n<tr>\n<td width=\"57\">22<\/td>\n<td width=\"113\">CARRENO<\/td>\n<td width=\"151\">HUBNER<\/td>\n<td width=\"170\">ANA GLORIA<\/td>\n<td width=\"85\">30<\/td>\n<\/tr>\n<tr>\n<td width=\"57\">23<\/td>\n<td width=\"113\">ALTAMIRANO<\/td>\n<td width=\"151\">MANCILLA<\/td>\n<td width=\"170\">HUGO NELSON<\/td>\n<td width=\"85\">35<\/td>\n<\/tr>\n<tr>\n<td width=\"57\">24<\/td>\n<td width=\"113\">ASENCIO<\/td>\n<td width=\"151\">PAREDES<\/td>\n<td width=\"170\">NELSON DEL CARMEN<\/td>\n<td width=\"85\">35<\/td>\n<\/tr>\n<tr>\n<td width=\"57\">25<\/td>\n<td width=\"113\">PEDRASA<\/td>\n<td width=\"151\">MANIEU<\/td>\n<td width=\"170\">MAR\u00cdA LORETO<\/td>\n<td width=\"85\">35<\/td>\n<\/tr>\n<tr>\n<td width=\"57\">26<\/td>\n<td width=\"113\">GUERRERO<\/td>\n<td width=\"151\">MANCILLA<\/td>\n<td width=\"170\">ROSA\u00a0 EDITH<\/td>\n<td width=\"85\">35<\/td>\n<\/tr>\n<tr>\n<td width=\"57\">27<\/td>\n<td width=\"113\">ORELLANA<\/td>\n<td width=\"151\">COLIVORO<\/td>\n<td width=\"170\">RITA MARIBEL<\/td>\n<td width=\"85\">35<\/td>\n<\/tr>\n<tr>\n<td width=\"57\">28<\/td>\n<td width=\"113\">URRUTIA<\/td>\n<td width=\"151\">BUSTOS<\/td>\n<td width=\"170\">JOS\u00c9 RAIMUNDO<\/td>\n<td width=\"85\">40<\/td>\n<\/tr>\n<tr>\n<td width=\"57\">29<\/td>\n<td width=\"113\">VERA<\/td>\n<td width=\"151\">MART\u00cdNEZ<\/td>\n<td width=\"170\">JORGE HOMERO<\/td>\n<td width=\"85\">40<\/td>\n<\/tr>\n<tr>\n<td width=\"57\">30<\/td>\n<td width=\"113\">MONTECINOS<\/td>\n<td width=\"151\">C\u00c9SPED<\/td>\n<td width=\"170\">LUIS LORENZO<\/td>\n<td width=\"85\">40<\/td>\n<\/tr>\n<\/tbody>\n<\/table>\n<\/div><\/section><\/div><div  style='height:50px' class='hr hr-invisible   avia-builder-el-6  el_after_av_one_full  el_before_av_social_share '><span class='hr-inner ' ><span class='hr-inner-style'><\/span><\/span><\/div><\/p>\n<div  class='av-social-sharing-box  avia-builder-el-7  el_after_av_hr  el_before_av_hr  '><div class='av-share-box'><h5 class='av-share-link-description av-no-toc '>Compartir esta noticia<\/h5><ul class='av-share-box-list noLightbox'><li class='av-share-link av-social-link-facebook' ><a target=\"_blank\" aria-label=\"Compartir en Facebook\" href='https:\/\/www.facebook.com\/sharer.php?u=https:\/\/radiorevelacionfm.cl\/?p=54089&#038;t=Conaf%20Ays%C3%A9n%20conmemora%2055%20a%C3%B1os%20de%20compromiso%20con%20la%20conservaci%C3%B3n%20y%20manejo%20sustentable%20de%20los%20bosques' aria-hidden='false' data-av_icon='\ue8f3' data-av_iconfont='entypo-fontello' title='' data-avia-related-tooltip='Compartir en Facebook' rel=\"noopener\"><span class='avia_hidden_link_text'>Compartir en Facebook<\/span><\/a><\/li><li class='av-share-link av-social-link-twitter' ><a target=\"_blank\" aria-label=\"Compartir en Twitter\" href='https:\/\/twitter.com\/share?text=Conaf%20Ays%C3%A9n%20conmemora%2055%20a%C3%B1os%20de%20compromiso%20con%20la%20conservaci%C3%B3n%20y%20manejo%20sustentable%20de%20los%20bosques&#038;url=https:\/\/radiorevelacionfm.cl\/?p=54089' aria-hidden='false' data-av_icon='\ue8f1' data-av_iconfont='entypo-fontello' title='' data-avia-related-tooltip='Compartir en Twitter' rel=\"noopener\"><span class='avia_hidden_link_text'>Compartir en Twitter<\/span><\/a><\/li><li class='av-share-link av-social-link-whatsapp' ><a target=\"_blank\" aria-label=\"Compartir en Whatsapp\" href='https:\/\/api.whatsapp.com\/send?text=https:\/\/radiorevelacionfm.cl\/?p=54089' aria-hidden='false' data-av_icon='\uf232' data-av_iconfont='entypo-fontello' title='' data-avia-related-tooltip='Compartir en Whatsapp' rel=\"noopener\"><span class='avia_hidden_link_text'>Compartir en Whatsapp<\/span><\/a><\/li><li class='av-share-link av-social-link-linkedin' ><a target=\"_blank\" aria-label=\"Compartir en LinkedIn\" href='https:\/\/linkedin.com\/shareArticle?mini=true&#038;title=Conaf%20Ays%C3%A9n%20conmemora%2055%20a%C3%B1os%20de%20compromiso%20con%20la%20conservaci%C3%B3n%20y%20manejo%20sustentable%20de%20los%20bosques&#038;url=https:\/\/radiorevelacionfm.cl\/?p=54089' aria-hidden='false' data-av_icon='\ue8fc' data-av_iconfont='entypo-fontello' title='' data-avia-related-tooltip='Compartir en LinkedIn' rel=\"noopener\"><span class='avia_hidden_link_text'>Compartir en LinkedIn<\/span><\/a><\/li><li class='av-share-link av-social-link-mail' ><a  aria-label=\"Compartir por correo\" href='mailto:?subject=Conaf%20Ays%C3%A9n%20conmemora%2055%20a%C3%B1os%20de%20compromiso%20con%20la%20conservaci%C3%B3n%20y%20manejo%20sustentable%20de%20los%20bosques&#038;body=https:\/\/radiorevelacionfm.cl\/?p=54089' aria-hidden='false' data-av_icon='\ue805' data-av_iconfont='entypo-fontello' title='' data-avia-related-tooltip='Compartir por correo'><span class='avia_hidden_link_text'>Compartir por correo<\/span><\/a><\/li><\/ul><\/div><\/div>\n<div  style='height:50px' class='hr hr-invisible   avia-builder-el-8  el_after_av_social_share  el_before_av_comments_list '><span class='hr-inner ' ><span class='hr-inner-style'><\/span><\/span><\/div>\n<div  class='av-buildercomment  av-blog-meta-html-info-disabled av-blog-meta-tag-disabled  '><\/div>\n","protected":false},"excerpt":{"rendered":"","protected":false},"author":1,"featured_media":54090,"comment_status":"closed","ping_status":"closed","sticky":false,"template":"","format":"standard","meta":{"footnotes":""},"categories":[38],"tags":[],"class_list":["post-54089","post","type-post","status-publish","format-standard","has-post-thumbnail","hentry","category-regional"],"jetpack_featured_media_url":"https:\/\/radiorevelacionfm.cl\/wp-content\/uploads\/2025\/05\/10-2-1-1-1.jpg","_links":{"self":[{"href":"https:\/\/radiorevelacionfm.cl\/index.php?rest_route=\/wp\/v2\/posts\/54089","targetHints":{"allow":["GET"]}}],"collection":[{"href":"https:\/\/radiorevelacionfm.cl\/index.php?rest_route=\/wp\/v2\/posts"}],"about":[{"href":"https:\/\/radiorevelacionfm.cl\/index.php?rest_route=\/wp\/v2\/types\/post"}],"author":[{"embeddable":true,"href":"https:\/\/radiorevelacionfm.cl\/index.php?rest_route=\/wp\/v2\/users\/1"}],"replies":[{"embeddable":true,"href":"https:\/\/radiorevelacionfm.cl\/index.php?rest_route=%2Fwp%2Fv2%2Fcomments&post=54089"}],"version-history":[{"count":2,"href":"https:\/\/radiorevelacionfm.cl\/index.php?rest_route=\/wp\/v2\/posts\/54089\/revisions"}],"predecessor-version":[{"id":54092,"href":"https:\/\/radiorevelacionfm.cl\/index.php?rest_route=\/wp\/v2\/posts\/54089\/revisions\/54092"}],"wp:featuredmedia":[{"embeddable":true,"href":"https:\/\/radiorevelacionfm.cl\/index.php?rest_route=\/wp\/v2\/media\/54090"}],"wp:attachment":[{"href":"https:\/\/radiorevelacionfm.cl\/index.php?rest_route=%2Fwp%2Fv2%2Fmedia&parent=54089"}],"wp:term":[{"taxonomy":"category","embeddable":true,"href":"https:\/\/radiorevelacionfm.cl\/index.php?rest_route=%2Fwp%2Fv2%2Fcategories&post=54089"},{"taxonomy":"post_tag","embeddable":true,"href":"https:\/\/radiorevelacionfm.cl\/index.php?rest_route=%2Fwp%2Fv2%2Ftags&post=54089"}],"curies":[{"name":"wp","href":"https:\/\/api.w.org\/{rel}","templated":true}]}}