{"id":54086,"date":"2025-05-19T17:17:56","date_gmt":"2025-05-19T20:17:56","guid":{"rendered":"https:\/\/radiorevelacionfm.cl\/?p=54086"},"modified":"2025-05-19T17:17:56","modified_gmt":"2025-05-19T20:17:56","slug":"consejera-martinez-por-buses-electricos-de-coyhaique-el-proyecto-no-esta-a-fojas-cero","status":"publish","type":"post","link":"https:\/\/radiorevelacionfm.cl\/?p=54086","title":{"rendered":"Consejera Mart\u00ednez por Buses El\u00e9ctricos de Coyhaique: \u201cEl proyecto no est\u00e1 a fojas cero\u201d"},"content":{"rendered":"<div class=\"flex_column av_one_full  flex_column_div av-zero-column-padding first  avia-builder-el-0  el_before_av_one_full  avia-builder-el-first  \" style='border-radius:0px; '><div  class='avia-image-container  av-styling-    avia-builder-el-1  avia-builder-el-no-sibling  avia-align-center '  itemprop=\"image\" itemscope=\"itemscope\" itemtype=\"https:\/\/schema.org\/ImageObject\"  ><div class='avia-image-container-inner'><div class='avia-image-overlay-wrap'><img decoding=\"async\" class='wp-image-40867 avia-img-lazy-loading-not-40867 avia_image' src=\"https:\/\/radiorevelacionfm.cl\/wp-content\/uploads\/2024\/03\/buses-electricos-2024-03-27-at-4_optimized.23.45-pm-1-1-1.jpeg\" alt='' title='buses-electricos-2024-03-27-at-4_optimized.23.45-pm-(1)-(1) (1)' height=\"600\" width=\"901\"  itemprop=\"thumbnailUrl\" srcset=\"https:\/\/radiorevelacionfm.cl\/wp-content\/uploads\/2024\/03\/buses-electricos-2024-03-27-at-4_optimized.23.45-pm-1-1-1.jpeg 901w, https:\/\/radiorevelacionfm.cl\/wp-content\/uploads\/2024\/03\/buses-electricos-2024-03-27-at-4_optimized.23.45-pm-1-1-1-300x200.jpeg 300w, https:\/\/radiorevelacionfm.cl\/wp-content\/uploads\/2024\/03\/buses-electricos-2024-03-27-at-4_optimized.23.45-pm-1-1-1-768x511.jpeg 768w, https:\/\/radiorevelacionfm.cl\/wp-content\/uploads\/2024\/03\/buses-electricos-2024-03-27-at-4_optimized.23.45-pm-1-1-1-705x469.jpeg 705w, https:\/\/radiorevelacionfm.cl\/wp-content\/uploads\/2024\/03\/buses-electricos-2024-03-27-at-4_optimized.23.45-pm-1-1-1-450x300.jpeg 450w, https:\/\/radiorevelacionfm.cl\/wp-content\/uploads\/2024\/03\/buses-electricos-2024-03-27-at-4_optimized.23.45-pm-1-1-1-600x400.jpeg 600w\" sizes=\"(max-width: 901px) 100vw, 901px\" \/><\/div><\/div><\/div><\/div><div class=\"flex_column av_one_full  flex_column_div av-zero-column-padding first  avia-builder-el-2  el_after_av_one_full  el_before_av_one_full  column-top-margin\" style='border-radius:0px; '><section class=\"av_textblock_section \"  itemscope=\"itemscope\" itemtype=\"https:\/\/schema.org\/BlogPosting\" itemprop=\"blogPost\" ><div class='avia_textblock  '   itemprop=\"text\" ><p style=\"text-align: center;\"><strong><span style=\"font-size: 18pt;\">Consejera Mart\u00ednez por Buses El\u00e9ctricos de Coyhaique: \u201cEl proyecto no est\u00e1 a fojas cero\u201d<\/span><\/strong><\/p>\n<div id=\"gtx-trans\" style=\"position: absolute; left: -50px; top: 4.31534px;\">\n<div class=\"gtx-trans-icon\"><\/div>\n<\/div>\n<\/div><\/section><\/div><div class=\"flex_column av_one_full  flex_column_div av-zero-column-padding first  avia-builder-el-4  el_after_av_one_full  el_before_av_hr  column-top-margin\" style='border-radius:0px; '><section class=\"av_textblock_section \"  itemscope=\"itemscope\" itemtype=\"https:\/\/schema.org\/BlogPosting\" itemprop=\"blogPost\" ><div class='avia_textblock  '   itemprop=\"text\" ><p style=\"text-align: justify;\">Frente a las recientes declaraciones del Gobernador Regional en medios de comunicaci\u00f3n, quien se\u00f1al\u00f3 que el proyecto de Sistema de Transporte P\u00fablico para Coyhaique \u201cest\u00e1 a fojas cero\u201d, la consejera regional por la provincia de Coyhaique, Marisol Mart\u00ednez, abord\u00f3 el tema en la \u00faltima sesi\u00f3n plenaria del Consejo Regional.<\/p>\n<p style=\"text-align: justify;\">La consejera aclar\u00f3 que este proyecto no parti\u00f3 de cero, sino que ha tenido una extensa trayectoria. \u201cHubo discusi\u00f3n regional, plazos de evaluaci\u00f3n, votaciones sucesivas en el CORE y un acuerdo adoptado en 2023 que aprob\u00f3 recursos e inici\u00f3 la firma del convenio respectivo, en el marco de la Ley de Presupuestos de ese a\u00f1o\u201d, detall\u00f3.<\/p>\n<p style=\"text-align: justify;\">Mart\u00ednez explic\u00f3 que, debido a la demora en la tramitaci\u00f3n final del acuerdo, el proyecto pas\u00f3 al presupuesto 2024, donde el marco legal cambi\u00f3 y ya no fue posible continuar con el dise\u00f1o original. Esto motiv\u00f3 observaciones de la Contralor\u00eda. \u201cSin embargo, eso no significa que el trabajo se haya perdido. La Seremi de Transporte ha seguido trabajando sobre la base de todo lo ya avanzado, adaptando la propuesta para cumplir con las exigencias actuales de la ley\u201d, sostuvo.<\/p>\n<p style=\"text-align: justify;\">En la misma sesi\u00f3n plenaria, la consejera inform\u00f3 que el Consejo Regional aprob\u00f3 la creaci\u00f3n de la\u00a0<strong>Comisi\u00f3n Especial de Personas Mayores<\/strong>, instancia que abordar\u00e1 de manera prioritaria las necesidades de este grupo. \u201cLas personas mayores fueron precisamente quienes m\u00e1s valoraron la iniciativa de los buses el\u00e9ctricos, que inclu\u00eda un subsidio para reducir sus pasajes, al igual que los de los estudiantes. Hoy, nuestra regi\u00f3n no cuenta con ese beneficio\u201d, se\u00f1al\u00f3.<\/p>\n<p style=\"text-align: justify;\">Por lo mismo, Mart\u00ednez solicit\u00f3 al Gobernador Regional, Marcelo Santana, que retome esta tem\u00e1tica como una prioridad para Ays\u00e9n. \u201cInvit\u00f3 al gobernador a traer nuevamente esta propuesta al Consejo y convocar al Seremi de Transporte para que exponga el estado actual del proyecto. No podemos quedarnos como la \u00fanica regi\u00f3n sin un sistema de transporte p\u00fablico moderno y accesible para quienes m\u00e1s lo necesitan\u201d, concluy\u00f3.<\/p>\n<\/div><\/section><\/div><div  style='height:50px' class='hr hr-invisible   avia-builder-el-6  el_after_av_one_full  el_before_av_social_share '><span class='hr-inner ' ><span class='hr-inner-style'><\/span><\/span><\/div><\/p>\n<div  class='av-social-sharing-box  avia-builder-el-7  el_after_av_hr  el_before_av_hr  '><div class='av-share-box'><h5 class='av-share-link-description av-no-toc '>Compartir esta noticia<\/h5><ul class='av-share-box-list noLightbox'><li class='av-share-link av-social-link-facebook' ><a target=\"_blank\" aria-label=\"Compartir en Facebook\" href='https:\/\/www.facebook.com\/sharer.php?u=https:\/\/radiorevelacionfm.cl\/?p=54086&#038;t=Consejera%20Mart%C3%ADnez%20por%20Buses%20El%C3%A9ctricos%20de%20Coyhaique%3A%20%E2%80%9CEl%20proyecto%20no%20est%C3%A1%20a%20fojas%20cero%E2%80%9D' aria-hidden='false' data-av_icon='\ue8f3' data-av_iconfont='entypo-fontello' title='' data-avia-related-tooltip='Compartir en Facebook' rel=\"noopener\"><span class='avia_hidden_link_text'>Compartir en Facebook<\/span><\/a><\/li><li class='av-share-link av-social-link-twitter' ><a target=\"_blank\" aria-label=\"Compartir en Twitter\" href='https:\/\/twitter.com\/share?text=Consejera%20Mart%C3%ADnez%20por%20Buses%20El%C3%A9ctricos%20de%20Coyhaique%3A%20%E2%80%9CEl%20proyecto%20no%20est%C3%A1%20a%20fojas%20cero%E2%80%9D&#038;url=https:\/\/radiorevelacionfm.cl\/?p=54086' aria-hidden='false' data-av_icon='\ue8f1' data-av_iconfont='entypo-fontello' title='' data-avia-related-tooltip='Compartir en Twitter' rel=\"noopener\"><span class='avia_hidden_link_text'>Compartir en Twitter<\/span><\/a><\/li><li class='av-share-link av-social-link-whatsapp' ><a target=\"_blank\" aria-label=\"Compartir en Whatsapp\" href='https:\/\/api.whatsapp.com\/send?text=https:\/\/radiorevelacionfm.cl\/?p=54086' aria-hidden='false' data-av_icon='\uf232' data-av_iconfont='entypo-fontello' title='' data-avia-related-tooltip='Compartir en Whatsapp' rel=\"noopener\"><span class='avia_hidden_link_text'>Compartir en Whatsapp<\/span><\/a><\/li><li class='av-share-link av-social-link-linkedin' ><a target=\"_blank\" aria-label=\"Compartir en LinkedIn\" href='https:\/\/linkedin.com\/shareArticle?mini=true&#038;title=Consejera%20Mart%C3%ADnez%20por%20Buses%20El%C3%A9ctricos%20de%20Coyhaique%3A%20%E2%80%9CEl%20proyecto%20no%20est%C3%A1%20a%20fojas%20cero%E2%80%9D&#038;url=https:\/\/radiorevelacionfm.cl\/?p=54086' aria-hidden='false' data-av_icon='\ue8fc' data-av_iconfont='entypo-fontello' title='' data-avia-related-tooltip='Compartir en LinkedIn' rel=\"noopener\"><span class='avia_hidden_link_text'>Compartir en LinkedIn<\/span><\/a><\/li><li class='av-share-link av-social-link-mail' ><a  aria-label=\"Compartir por correo\" href='mailto:?subject=Consejera%20Mart%C3%ADnez%20por%20Buses%20El%C3%A9ctricos%20de%20Coyhaique%3A%20%E2%80%9CEl%20proyecto%20no%20est%C3%A1%20a%20fojas%20cero%E2%80%9D&#038;body=https:\/\/radiorevelacionfm.cl\/?p=54086' aria-hidden='false' data-av_icon='\ue805' data-av_iconfont='entypo-fontello' title='' data-avia-related-tooltip='Compartir por correo'><span class='avia_hidden_link_text'>Compartir por correo<\/span><\/a><\/li><\/ul><\/div><\/div>\n<div  style='height:50px' class='hr hr-invisible   avia-builder-el-8  el_after_av_social_share  el_before_av_comments_list '><span class='hr-inner ' ><span class='hr-inner-style'><\/span><\/span><\/div>\n<div  class='av-buildercomment  av-blog-meta-html-info-disabled av-blog-meta-tag-disabled  '><\/div>\n","protected":false},"excerpt":{"rendered":"","protected":false},"author":1,"featured_media":40867,"comment_status":"closed","ping_status":"closed","sticky":false,"template":"","format":"standard","meta":{"footnotes":""},"categories":[38],"tags":[],"class_list":["post-54086","post","type-post","status-publish","format-standard","has-post-thumbnail","hentry","category-regional"],"jetpack_featured_media_url":"https:\/\/radiorevelacionfm.cl\/wp-content\/uploads\/2024\/03\/buses-electricos-2024-03-27-at-4_optimized.23.45-pm-1-1-1.jpeg","_links":{"self":[{"href":"https:\/\/radiorevelacionfm.cl\/index.php?rest_route=\/wp\/v2\/posts\/54086","targetHints":{"allow":["GET"]}}],"collection":[{"href":"https:\/\/radiorevelacionfm.cl\/index.php?rest_route=\/wp\/v2\/posts"}],"about":[{"href":"https:\/\/radiorevelacionfm.cl\/index.php?rest_route=\/wp\/v2\/types\/post"}],"author":[{"embeddable":true,"href":"https:\/\/radiorevelacionfm.cl\/index.php?rest_route=\/wp\/v2\/users\/1"}],"replies":[{"embeddable":true,"href":"https:\/\/radiorevelacionfm.cl\/index.php?rest_route=%2Fwp%2Fv2%2Fcomments&post=54086"}],"version-history":[{"count":2,"href":"https:\/\/radiorevelacionfm.cl\/index.php?rest_route=\/wp\/v2\/posts\/54086\/revisions"}],"predecessor-version":[{"id":54135,"href":"https:\/\/radiorevelacionfm.cl\/index.php?rest_route=\/wp\/v2\/posts\/54086\/revisions\/54135"}],"wp:featuredmedia":[{"embeddable":true,"href":"https:\/\/radiorevelacionfm.cl\/index.php?rest_route=\/wp\/v2\/media\/40867"}],"wp:attachment":[{"href":"https:\/\/radiorevelacionfm.cl\/index.php?rest_route=%2Fwp%2Fv2%2Fmedia&parent=54086"}],"wp:term":[{"taxonomy":"category","embeddable":true,"href":"https:\/\/radiorevelacionfm.cl\/index.php?rest_route=%2Fwp%2Fv2%2Fcategories&post=54086"},{"taxonomy":"post_tag","embeddable":true,"href":"https:\/\/radiorevelacionfm.cl\/index.php?rest_route=%2Fwp%2Fv2%2Ftags&post=54086"}],"curies":[{"name":"wp","href":"https:\/\/api.w.org\/{rel}","templated":true}]}}