{"id":54073,"date":"2025-05-19T10:26:38","date_gmt":"2025-05-19T13:26:38","guid":{"rendered":"https:\/\/radiorevelacionfm.cl\/?p=54073"},"modified":"2025-05-19T10:26:38","modified_gmt":"2025-05-19T13:26:38","slug":"opinion-si-las-redes-sociales-son-una-fuente-de-informacion-educar-digitalmente-es-esencial","status":"publish","type":"post","link":"https:\/\/radiorevelacionfm.cl\/?p=54073","title":{"rendered":"Opini\u00f3n: Si las redes sociales son una fuente de informaci\u00f3n, educar digitalmente es esencial"},"content":{"rendered":"<div class=\"flex_column av_one_full  flex_column_div av-zero-column-padding first  avia-builder-el-0  el_before_av_one_full  avia-builder-el-first  \" style='border-radius:0px; '><div  class='avia-image-container  av-styling-    avia-builder-el-1  avia-builder-el-no-sibling  avia-align-center '  itemprop=\"image\" itemscope=\"itemscope\" itemtype=\"https:\/\/schema.org\/ImageObject\"  ><div class='avia-image-container-inner'><div class='avia-image-overlay-wrap'><img decoding=\"async\" class='wp-image-53361 avia-img-lazy-loading-not-53361 avia_image' src=\"https:\/\/radiorevelacionfm.cl\/wp-content\/uploads\/2025\/04\/Seremi-foto-1-1-1.jpeg\" alt='' title='Seremi foto 1 (1) (1)' height=\"725\" width=\"799\"  itemprop=\"thumbnailUrl\" srcset=\"https:\/\/radiorevelacionfm.cl\/wp-content\/uploads\/2025\/04\/Seremi-foto-1-1-1.jpeg 799w, https:\/\/radiorevelacionfm.cl\/wp-content\/uploads\/2025\/04\/Seremi-foto-1-1-1-300x272.jpeg 300w, https:\/\/radiorevelacionfm.cl\/wp-content\/uploads\/2025\/04\/Seremi-foto-1-1-1-768x697.jpeg 768w, https:\/\/radiorevelacionfm.cl\/wp-content\/uploads\/2025\/04\/Seremi-foto-1-1-1-705x640.jpeg 705w, https:\/\/radiorevelacionfm.cl\/wp-content\/uploads\/2025\/04\/Seremi-foto-1-1-1-450x408.jpeg 450w, https:\/\/radiorevelacionfm.cl\/wp-content\/uploads\/2025\/04\/Seremi-foto-1-1-1-600x544.jpeg 600w\" sizes=\"(max-width: 799px) 100vw, 799px\" \/><\/div><\/div><\/div><\/div><div class=\"flex_column av_one_full  flex_column_div av-zero-column-padding first  avia-builder-el-2  el_after_av_one_full  el_before_av_one_full  column-top-margin\" style='border-radius:0px; '><section class=\"av_textblock_section \"  itemscope=\"itemscope\" itemtype=\"https:\/\/schema.org\/BlogPosting\" itemprop=\"blogPost\" ><div class='avia_textblock  '   itemprop=\"text\" ><p style=\"text-align: center;\"><span style=\"font-size: 18pt;\"><b><span lang=\"EN-US\">Opini\u00f3n: Si las redes sociales son una fuente de informaci\u00f3n, educar digitalmente es esencial<\/span><\/b><\/span><\/p>\n<div id=\"gtx-trans\" style=\"position: absolute; left: -50px; top: 4.31534px;\">\n<div class=\"gtx-trans-icon\"><\/div>\n<\/div>\n<\/div><\/section><\/div><div class=\"flex_column av_one_full  flex_column_div av-zero-column-padding first  avia-builder-el-4  el_after_av_one_full  el_before_av_hr  column-top-margin\" style='border-radius:0px; '><section class=\"av_textblock_section \"  itemscope=\"itemscope\" itemtype=\"https:\/\/schema.org\/BlogPosting\" itemprop=\"blogPost\" ><div class='avia_textblock  '   itemprop=\"text\" ><div>\n<p class=\"v1MsoNormal\" style=\"text-align: justify;\"><em><span lang=\"EN-US\">Por: \u00darsula Mix Jim\u00e9nez, Seremi de Gobierno de la Regi\u00f3n de Ays\u00e9n<\/span><\/em><\/p>\n<p class=\"v1MsoNormal\" style=\"text-align: justify;\"><span lang=\"EN-US\">En Chile el 70% de las personas se informan por redes sociales, de acuerdo a lo se\u00f1alado en la XI Encuesta Nacional de Televisi\u00f3n, por lo que el Gobierno del Presidente Gabriel Boric Font tiene dentro de sus objetivos educar y generar herramientas para que las personas puedan informarse de manera correcta en esta nueva era de las comunicaciones.<\/span><\/p>\n<p class=\"v1MsoNormal\" style=\"text-align: justify;\"><span lang=\"EN-US\">Por esto, resulta relevante destacar que existe una Comisi\u00f3n contra la Desinformaci\u00f3n, la cual entreg\u00f3 un Informe final con 72 recomendaciones relacionadas con los procesos electorales, ciberseguridad, crisis y desastres, salud p\u00fablica, de g\u00e9nero, alfabetizaci\u00f3n medi\u00e1tica, informacional y digital; adem\u00e1s de fortalecimiento de los medios como una herramienta para abordar esta materia, y por \u00faltimo, investigaci\u00f3n en desinformaci\u00f3n y pluralismo.<span class=\"v1gmail-Apple-converted-space\">\u00a0<\/span><\/span><\/p>\n<p class=\"v1MsoNormal\" style=\"text-align: justify;\"><span lang=\"EN-US\">Ante esta nueva era, resulta importante educar en alfabetizaci\u00f3n digital, pero avanzando junto a las nuevas generaciones, entregando herramientas que permitan evitar la desinformaci\u00f3n, todo esto considerando que en nuestro pa\u00eds al a\u00f1o 2024 el 61% de ni\u00f1os y ni\u00f1as es propietario\/a de un smartphone y donde la edad promedio en la que obtienen su primer dispositivo es de 8 a\u00f1os.<\/span><\/p>\n<p class=\"v1MsoNormal\" style=\"text-align: justify;\"><span lang=\"EN-US\">La alfabetizaci\u00f3n digital y medi\u00e1tica es para todas y todos, no tiene l\u00edmite de edad, por lo que es importante seguir aprendiendo. Es por eso que en la Secretar\u00eda Regional Ministerial de Gobierno de la Regi\u00f3n de Ays\u00e9n ya tenemos disponible el m\u00f3dulo de capacitaci\u00f3n \u00ab+Ciudadan\u00eda Digital\u00bb, que busca entregar herramientas a la ciudadan\u00eda que le permitan hacer un uso seguro y responsable de las tecnolog\u00edas para participar activamente en el mundo democr\u00e1tico, donde se abordan tem\u00e1ticas como: Convivencia digital, Algoritmos en nuestra vida cotidiana, Desinformaci\u00f3n y Recomendaciones para una vida digital equilibrada.<\/span><\/p>\n<p class=\"v1MsoNormal\" style=\"text-align: justify;\"><span lang=\"EN-US\">Desde el Gobierno nos sumamos a la era digital generando instancias de aprendizaje que permitan fomentar un pensamiento cr\u00edtico, pero interactuando de manera tranquila y segura con la informaci\u00f3n, combatiendo las noticias falsas, las fake news. Avanzamos tambi\u00e9n en una ciudadan\u00eda digital, que permite a trav\u00e9s de lo digital acercar a las personas a beneficios, tr\u00e1mites, informaci\u00f3n, pero se debe tener la precauci\u00f3n de que nuestros datos no caigan en las personas incorrectas. Tenemos que generar mayores oportunidades pero teniendo en cuenta los riesgos, es por eso que creamos espacios de capacitaci\u00f3n orientados tambi\u00e9n a conocer los riesgos a los que nos enfrentamos.<b><\/b><\/span><\/p>\n<p class=\"v1MsoNormal\" style=\"text-align: justify;\"><span lang=\"EN-US\">Para poder acceder al m\u00f3dulo \u00ab+Ciudadan\u00eda Digital\u00bb, deben tomar contacto con la Secretar\u00eda Regional Ministerial de Gobierno al tel\u00e9fono +56 9 6761 3657, en Ogana 798, Coyhaique o nuestras redes sociales @voceriaaysen.<b><\/b><\/span><\/p>\n<\/div>\n<div style=\"text-align: justify;\"><\/div>\n<\/div><\/section><\/div><div  style='height:50px' class='hr hr-invisible   avia-builder-el-6  el_after_av_one_full  el_before_av_social_share '><span class='hr-inner ' ><span class='hr-inner-style'><\/span><\/span><\/div><\/p>\n<div  class='av-social-sharing-box  avia-builder-el-7  el_after_av_hr  el_before_av_hr  '><div class='av-share-box'><h5 class='av-share-link-description av-no-toc '>Compartir esta noticia<\/h5><ul class='av-share-box-list noLightbox'><li class='av-share-link av-social-link-facebook' ><a target=\"_blank\" aria-label=\"Compartir en Facebook\" href='https:\/\/www.facebook.com\/sharer.php?u=https:\/\/radiorevelacionfm.cl\/?p=54073&#038;t=Opini%C3%B3n%3A%20Si%20las%20redes%20sociales%20son%20una%20fuente%20de%20informaci%C3%B3n%2C%20educar%20digitalmente%20es%20esencial' aria-hidden='false' data-av_icon='\ue8f3' data-av_iconfont='entypo-fontello' title='' data-avia-related-tooltip='Compartir en Facebook' rel=\"noopener\"><span class='avia_hidden_link_text'>Compartir en Facebook<\/span><\/a><\/li><li class='av-share-link av-social-link-twitter' ><a target=\"_blank\" aria-label=\"Compartir en Twitter\" href='https:\/\/twitter.com\/share?text=Opini%C3%B3n%3A%20Si%20las%20redes%20sociales%20son%20una%20fuente%20de%20informaci%C3%B3n%2C%20educar%20digitalmente%20es%20esencial&#038;url=https:\/\/radiorevelacionfm.cl\/?p=54073' aria-hidden='false' data-av_icon='\ue8f1' data-av_iconfont='entypo-fontello' title='' data-avia-related-tooltip='Compartir en Twitter' rel=\"noopener\"><span class='avia_hidden_link_text'>Compartir en Twitter<\/span><\/a><\/li><li class='av-share-link av-social-link-whatsapp' ><a target=\"_blank\" aria-label=\"Compartir en Whatsapp\" href='https:\/\/api.whatsapp.com\/send?text=https:\/\/radiorevelacionfm.cl\/?p=54073' aria-hidden='false' data-av_icon='\uf232' data-av_iconfont='entypo-fontello' title='' data-avia-related-tooltip='Compartir en Whatsapp' rel=\"noopener\"><span class='avia_hidden_link_text'>Compartir en Whatsapp<\/span><\/a><\/li><li class='av-share-link av-social-link-linkedin' ><a target=\"_blank\" aria-label=\"Compartir en LinkedIn\" href='https:\/\/linkedin.com\/shareArticle?mini=true&#038;title=Opini%C3%B3n%3A%20Si%20las%20redes%20sociales%20son%20una%20fuente%20de%20informaci%C3%B3n%2C%20educar%20digitalmente%20es%20esencial&#038;url=https:\/\/radiorevelacionfm.cl\/?p=54073' aria-hidden='false' data-av_icon='\ue8fc' data-av_iconfont='entypo-fontello' title='' data-avia-related-tooltip='Compartir en LinkedIn' rel=\"noopener\"><span class='avia_hidden_link_text'>Compartir en LinkedIn<\/span><\/a><\/li><li class='av-share-link av-social-link-mail' ><a  aria-label=\"Compartir por correo\" href='mailto:?subject=Opini%C3%B3n%3A%20Si%20las%20redes%20sociales%20son%20una%20fuente%20de%20informaci%C3%B3n%2C%20educar%20digitalmente%20es%20esencial&#038;body=https:\/\/radiorevelacionfm.cl\/?p=54073' aria-hidden='false' data-av_icon='\ue805' data-av_iconfont='entypo-fontello' title='' data-avia-related-tooltip='Compartir por correo'><span class='avia_hidden_link_text'>Compartir por correo<\/span><\/a><\/li><\/ul><\/div><\/div>\n<div  style='height:50px' class='hr hr-invisible   avia-builder-el-8  el_after_av_social_share  el_before_av_comments_list '><span class='hr-inner ' ><span class='hr-inner-style'><\/span><\/span><\/div>\n<div  class='av-buildercomment  av-blog-meta-html-info-disabled av-blog-meta-tag-disabled  '><\/div>\n","protected":false},"excerpt":{"rendered":"","protected":false},"author":1,"featured_media":53361,"comment_status":"closed","ping_status":"closed","sticky":false,"template":"","format":"standard","meta":{"footnotes":""},"categories":[50],"tags":[],"class_list":["post-54073","post","type-post","status-publish","format-standard","has-post-thumbnail","hentry","category-cartas-y-opinion"],"jetpack_featured_media_url":"https:\/\/radiorevelacionfm.cl\/wp-content\/uploads\/2025\/04\/Seremi-foto-1-1-1.jpeg","_links":{"self":[{"href":"https:\/\/radiorevelacionfm.cl\/index.php?rest_route=\/wp\/v2\/posts\/54073","targetHints":{"allow":["GET"]}}],"collection":[{"href":"https:\/\/radiorevelacionfm.cl\/index.php?rest_route=\/wp\/v2\/posts"}],"about":[{"href":"https:\/\/radiorevelacionfm.cl\/index.php?rest_route=\/wp\/v2\/types\/post"}],"author":[{"embeddable":true,"href":"https:\/\/radiorevelacionfm.cl\/index.php?rest_route=\/wp\/v2\/users\/1"}],"replies":[{"embeddable":true,"href":"https:\/\/radiorevelacionfm.cl\/index.php?rest_route=%2Fwp%2Fv2%2Fcomments&post=54073"}],"version-history":[{"count":2,"href":"https:\/\/radiorevelacionfm.cl\/index.php?rest_route=\/wp\/v2\/posts\/54073\/revisions"}],"predecessor-version":[{"id":54088,"href":"https:\/\/radiorevelacionfm.cl\/index.php?rest_route=\/wp\/v2\/posts\/54073\/revisions\/54088"}],"wp:featuredmedia":[{"embeddable":true,"href":"https:\/\/radiorevelacionfm.cl\/index.php?rest_route=\/wp\/v2\/media\/53361"}],"wp:attachment":[{"href":"https:\/\/radiorevelacionfm.cl\/index.php?rest_route=%2Fwp%2Fv2%2Fmedia&parent=54073"}],"wp:term":[{"taxonomy":"category","embeddable":true,"href":"https:\/\/radiorevelacionfm.cl\/index.php?rest_route=%2Fwp%2Fv2%2Fcategories&post=54073"},{"taxonomy":"post_tag","embeddable":true,"href":"https:\/\/radiorevelacionfm.cl\/index.php?rest_route=%2Fwp%2Fv2%2Ftags&post=54073"}],"curies":[{"name":"wp","href":"https:\/\/api.w.org\/{rel}","templated":true}]}}