{"id":5407,"date":"2021-06-17T18:19:22","date_gmt":"2021-06-17T21:19:22","guid":{"rendered":"https:\/\/radiorevelacionfm.cl\/?p=5407"},"modified":"2021-06-17T18:19:22","modified_gmt":"2021-06-17T21:19:22","slug":"agrupacion-manos-amigas-de-el-blanco-desarrollo-proyecto-de-autocuidado-para-sus-socias","status":"publish","type":"post","link":"https:\/\/radiorevelacionfm.cl\/?p=5407","title":{"rendered":"Agrupaci\u00f3n Manos Amigas de El Blanco desarroll\u00f3 proyecto de autocuidado para sus socias"},"content":{"rendered":"<div class=\"flex_column av_one_full  flex_column_div av-zero-column-padding first  avia-builder-el-0  el_before_av_one_full  avia-builder-el-first  \" style='border-radius:0px; '><div  class='avia-image-container  av-styling-    avia-builder-el-1  avia-builder-el-no-sibling  avia-align-center '  itemprop=\"image\" itemscope=\"itemscope\" itemtype=\"https:\/\/schema.org\/ImageObject\"  ><div class='avia-image-container-inner'><div class='avia-image-overlay-wrap'><img decoding=\"async\" class='wp-image-0 avia-img-lazy-loading-not-0 avia_image' src=\"https:\/\/radiorevelacionfm.cl\/wp-content\/uploads\/2021\/06\/1-41-1-1.jpg\" alt='' title=''   itemprop=\"thumbnailUrl\"  \/><\/div><\/div><\/div><\/div><div class=\"flex_column av_one_full  flex_column_div av-zero-column-padding first  avia-builder-el-2  el_after_av_one_full  el_before_av_one_full  column-top-margin\" style='border-radius:0px; '><section class=\"av_textblock_section \"  itemscope=\"itemscope\" itemtype=\"https:\/\/schema.org\/BlogPosting\" itemprop=\"blogPost\" ><div class='avia_textblock  '   itemprop=\"text\" ><p style=\"text-align: center;\"><strong><span style=\"font-size: 18pt;\">Agrupaci\u00f3n Manos Amigas de El Blanco desarroll\u00f3 proyecto de autocuidado para sus socias <\/span><\/strong><\/p>\n<div id=\"gtx-trans\" style=\"position: absolute; left: -50px; top: 4.31534px;\">\n<div class=\"gtx-trans-icon\"><\/div>\n<\/div>\n<\/div><\/section><\/div><div class=\"flex_column av_one_full  flex_column_div av-zero-column-padding first  avia-builder-el-4  el_after_av_one_full  el_before_av_hr  column-top-margin\" style='border-radius:0px; '><section class=\"av_textblock_section \"  itemscope=\"itemscope\" itemtype=\"https:\/\/schema.org\/BlogPosting\" itemprop=\"blogPost\" ><div class='avia_textblock  '   itemprop=\"text\" ><p style=\"text-align: justify;\">El proyecto denominado \u201cConcientizando cuerpo y alma\u201d fue financiado por el programa Acci\u00f3n Iniciativas Autogestionadas del Fondo de Solidaridad e Inversi\u00f3n Social, FOSIS, y ejecutado por la Agrupaci\u00f3n Cultural y Artesanal Manos Amigas de El Blanco.<\/p>\n<p style=\"text-align: justify;\">El programa Acci\u00f3n Iniciativas Autogestionada, a trav\u00e9s de su estrategia de intervenci\u00f3n, busca contribuir al bienestar de una comunidad, financiando proyectos presentados por organizaciones sociales sin fines de lucro, para encontrar soluciones a problem\u00e1ticas sociales y de vulnerabilidad que afectan su desarrollo.<\/p>\n<p style=\"text-align: justify;\">Esta iniciativa hizo posible la realizaci\u00f3n de talleres de yoga, donde las participantes adquirieron todas las herramientas para continuar la pr\u00e1ctica de esta disciplina de forma particular en sus domicilios; junto con atenciones sicol\u00f3gicas para el manejo de emociones, y autoestima.<\/p>\n<p style=\"text-align: justify;\">El proyecto \u201cConcientizando cuerpo y alma\u201d permiti\u00f3 la adquisici\u00f3n de mesas y sillas plegables para futuras exposiciones en ferias en las que sean invitadas a participar y una estufa a parafina para calefaccionar los espacios donde confeccionan sus artesan\u00edas y\/o reuniones.<\/p>\n<p style=\"text-align: justify;\">Carmen Fierro, presidenta de la Agrupaci\u00f3n Cultural y Artesanal Manos Amigas de El Blanco, valor\u00f3 la ejecuci\u00f3n de esta iniciativa y destac\u00f3 que \u201ca pesar de la pandemia pudimos lograr nuestro objetivo con \u00e9xito y ya finalizamos las compras y capacitaciones. Tuvimos talleres de yoga y con un sic\u00f3logo, las dos personas fueron excelentes con nosotras. El yoga era algo nuevo para todas, participamos 8 socias y quedamos encantadas y con el sic\u00f3logo trabajamos din\u00e1micas acordes a nuestras necesidades como ayuda sicol\u00f3gica positiva, nada de aqu\u00ed para atr\u00e1s y todo de aqu\u00ed en adelante. Pensando en nuestra futura sede compramos una estufa a parafina, mesas y bancas, kits sanitarios y un guatero cervical de semillas\u201d.<\/p>\n<p style=\"text-align: justify;\">La Directora Regional del FOSIS en Ays\u00e9n, Dominique Br\u00e4utigam, asegur\u00f3 que \u201cqueremos reconocer y destacar la importante labor de la Agrupaci\u00f3n Cultural y Artesanal Manos Amigas, donde abordaron tem\u00e1ticas como talleres de yoga y contaron con el apoyo de un profesional del \u00e1rea de la sicolog\u00eda, quien las orient\u00f3 en temas de emociones y autoestima en estos momentos de pandemia. Esta iniciativa permiti\u00f3 a las socias de esta agrupaci\u00f3n fortalecer un trabajo comunitario, de liderazgo y cohesi\u00f3n social en estos momentos tan dif\u00edciles de pandemia, tomando todas las medidas y protocolos necesario para el resguardo de su salud\u201d.<\/p>\n<p style=\"text-align: justify;\">El programa Acci\u00f3n Iniciativas Autogestionadas es parte de la oferta regular del FOSIS y entrega un fondo de financiamiento junto con asesor\u00eda a la agrupaci\u00f3n para ejecutar el proyecto, a trav\u00e9s de acompa\u00f1amiento, capacitaci\u00f3n o entrega de material did\u00e1ctico y educativo.<\/p>\n<\/div><\/section><\/div><div  style='height:50px' class='hr hr-invisible   avia-builder-el-6  el_after_av_one_full  el_before_av_social_share '><span class='hr-inner ' ><span class='hr-inner-style'><\/span><\/span><\/div><\/p>\n<div  class='av-social-sharing-box  avia-builder-el-7  el_after_av_hr  el_before_av_hr  '><div class='av-share-box'><h5 class='av-share-link-description av-no-toc '>Compartir esta noticia<\/h5><ul class='av-share-box-list noLightbox'><li class='av-share-link av-social-link-facebook' ><a target=\"_blank\" aria-label=\"Compartir en Facebook\" href='https:\/\/www.facebook.com\/sharer.php?u=https:\/\/radiorevelacionfm.cl\/?p=5407&#038;t=Agrupaci%C3%B3n%20Manos%20Amigas%20de%20El%20Blanco%20desarroll%C3%B3%20proyecto%20de%20autocuidado%20para%20sus%20socias' aria-hidden='false' data-av_icon='\ue8f3' data-av_iconfont='entypo-fontello' title='' data-avia-related-tooltip='Compartir en Facebook' rel=\"noopener\"><span class='avia_hidden_link_text'>Compartir en Facebook<\/span><\/a><\/li><li class='av-share-link av-social-link-twitter' ><a target=\"_blank\" aria-label=\"Compartir en Twitter\" href='https:\/\/twitter.com\/share?text=Agrupaci%C3%B3n%20Manos%20Amigas%20de%20El%20Blanco%20desarroll%C3%B3%20proyecto%20de%20autocuidado%20para%20sus%20socias&#038;url=https:\/\/radiorevelacionfm.cl\/?p=5407' aria-hidden='false' data-av_icon='\ue8f1' data-av_iconfont='entypo-fontello' title='' data-avia-related-tooltip='Compartir en Twitter' rel=\"noopener\"><span class='avia_hidden_link_text'>Compartir en Twitter<\/span><\/a><\/li><li class='av-share-link av-social-link-whatsapp' ><a target=\"_blank\" aria-label=\"Compartir en Whatsapp\" href='https:\/\/api.whatsapp.com\/send?text=https:\/\/radiorevelacionfm.cl\/?p=5407' aria-hidden='false' data-av_icon='\uf232' data-av_iconfont='entypo-fontello' title='' data-avia-related-tooltip='Compartir en Whatsapp' rel=\"noopener\"><span class='avia_hidden_link_text'>Compartir en Whatsapp<\/span><\/a><\/li><li class='av-share-link av-social-link-linkedin' ><a target=\"_blank\" aria-label=\"Compartir en LinkedIn\" href='https:\/\/linkedin.com\/shareArticle?mini=true&#038;title=Agrupaci%C3%B3n%20Manos%20Amigas%20de%20El%20Blanco%20desarroll%C3%B3%20proyecto%20de%20autocuidado%20para%20sus%20socias&#038;url=https:\/\/radiorevelacionfm.cl\/?p=5407' aria-hidden='false' data-av_icon='\ue8fc' data-av_iconfont='entypo-fontello' title='' data-avia-related-tooltip='Compartir en LinkedIn' rel=\"noopener\"><span class='avia_hidden_link_text'>Compartir en LinkedIn<\/span><\/a><\/li><li class='av-share-link av-social-link-mail' ><a  aria-label=\"Compartir por correo\" href='mailto:?subject=Agrupaci%C3%B3n%20Manos%20Amigas%20de%20El%20Blanco%20desarroll%C3%B3%20proyecto%20de%20autocuidado%20para%20sus%20socias&#038;body=https:\/\/radiorevelacionfm.cl\/?p=5407' aria-hidden='false' data-av_icon='\ue805' data-av_iconfont='entypo-fontello' title='' data-avia-related-tooltip='Compartir por correo'><span class='avia_hidden_link_text'>Compartir por correo<\/span><\/a><\/li><\/ul><\/div><\/div>\n<div  style='height:50px' class='hr hr-invisible   avia-builder-el-8  el_after_av_social_share  el_before_av_comments_list '><span class='hr-inner ' ><span class='hr-inner-style'><\/span><\/span><\/div>\n<div  class='av-buildercomment  av-blog-meta-html-info-disabled av-blog-meta-tag-disabled  '><\/div>\n","protected":false},"excerpt":{"rendered":"","protected":false},"author":1,"featured_media":0,"comment_status":"open","ping_status":"open","sticky":false,"template":"","format":"standard","meta":{"footnotes":""},"categories":[38],"tags":[],"class_list":["post-5407","post","type-post","status-publish","format-standard","hentry","category-regional"],"jetpack_featured_media_url":"","_links":{"self":[{"href":"https:\/\/radiorevelacionfm.cl\/index.php?rest_route=\/wp\/v2\/posts\/5407","targetHints":{"allow":["GET"]}}],"collection":[{"href":"https:\/\/radiorevelacionfm.cl\/index.php?rest_route=\/wp\/v2\/posts"}],"about":[{"href":"https:\/\/radiorevelacionfm.cl\/index.php?rest_route=\/wp\/v2\/types\/post"}],"author":[{"embeddable":true,"href":"https:\/\/radiorevelacionfm.cl\/index.php?rest_route=\/wp\/v2\/users\/1"}],"replies":[{"embeddable":true,"href":"https:\/\/radiorevelacionfm.cl\/index.php?rest_route=%2Fwp%2Fv2%2Fcomments&post=5407"}],"version-history":[{"count":1,"href":"https:\/\/radiorevelacionfm.cl\/index.php?rest_route=\/wp\/v2\/posts\/5407\/revisions"}],"predecessor-version":[{"id":5410,"href":"https:\/\/radiorevelacionfm.cl\/index.php?rest_route=\/wp\/v2\/posts\/5407\/revisions\/5410"}],"wp:attachment":[{"href":"https:\/\/radiorevelacionfm.cl\/index.php?rest_route=%2Fwp%2Fv2%2Fmedia&parent=5407"}],"wp:term":[{"taxonomy":"category","embeddable":true,"href":"https:\/\/radiorevelacionfm.cl\/index.php?rest_route=%2Fwp%2Fv2%2Fcategories&post=5407"},{"taxonomy":"post_tag","embeddable":true,"href":"https:\/\/radiorevelacionfm.cl\/index.php?rest_route=%2Fwp%2Fv2%2Ftags&post=5407"}],"curies":[{"name":"wp","href":"https:\/\/api.w.org\/{rel}","templated":true}]}}