{"id":54064,"date":"2025-05-18T15:54:54","date_gmt":"2025-05-18T18:54:54","guid":{"rendered":"https:\/\/radiorevelacionfm.cl\/?p=54064"},"modified":"2025-05-18T15:54:54","modified_gmt":"2025-05-18T18:54:54","slug":"comunidades-educativas-de-aysen-relevan-el-dia-internacional-del-reciclaje","status":"publish","type":"post","link":"https:\/\/radiorevelacionfm.cl\/?p=54064","title":{"rendered":"Comunidades educativas de Ays\u00e9n relevan el D\u00eda Internacional del Reciclaje"},"content":{"rendered":"<div class=\"flex_column av_one_full  flex_column_div av-zero-column-padding first  avia-builder-el-0  el_before_av_one_full  avia-builder-el-first  \" style='border-radius:0px; '><div  class='avia-image-container  av-styling-    avia-builder-el-1  avia-builder-el-no-sibling  avia-align-center '  itemprop=\"image\" itemscope=\"itemscope\" itemtype=\"https:\/\/schema.org\/ImageObject\"  ><div class='avia-image-container-inner'><div class='avia-image-overlay-wrap'><img decoding=\"async\" class='wp-image-54065 avia-img-lazy-loading-not-54065 avia_image' src=\"https:\/\/radiorevelacionfm.cl\/wp-content\/uploads\/2025\/05\/reciclaje-4-1_optimized-1_optimized-1.jpg\" alt='' title='reciclaje-4-(1)_optimized-(1)_optimized (1)' height=\"600\" width=\"1067\"  itemprop=\"thumbnailUrl\" srcset=\"https:\/\/radiorevelacionfm.cl\/wp-content\/uploads\/2025\/05\/reciclaje-4-1_optimized-1_optimized-1.jpg 1067w, https:\/\/radiorevelacionfm.cl\/wp-content\/uploads\/2025\/05\/reciclaje-4-1_optimized-1_optimized-1-300x169.jpg 300w, https:\/\/radiorevelacionfm.cl\/wp-content\/uploads\/2025\/05\/reciclaje-4-1_optimized-1_optimized-1-1030x579.jpg 1030w, https:\/\/radiorevelacionfm.cl\/wp-content\/uploads\/2025\/05\/reciclaje-4-1_optimized-1_optimized-1-768x432.jpg 768w, https:\/\/radiorevelacionfm.cl\/wp-content\/uploads\/2025\/05\/reciclaje-4-1_optimized-1_optimized-1-705x396.jpg 705w, https:\/\/radiorevelacionfm.cl\/wp-content\/uploads\/2025\/05\/reciclaje-4-1_optimized-1_optimized-1-450x253.jpg 450w, https:\/\/radiorevelacionfm.cl\/wp-content\/uploads\/2025\/05\/reciclaje-4-1_optimized-1_optimized-1-600x337.jpg 600w\" sizes=\"(max-width: 1067px) 100vw, 1067px\" \/><\/div><\/div><\/div><\/div><div class=\"flex_column av_one_full  flex_column_div av-zero-column-padding first  avia-builder-el-2  el_after_av_one_full  el_before_av_one_full  column-top-margin\" style='border-radius:0px; '><section class=\"av_textblock_section \"  itemscope=\"itemscope\" itemtype=\"https:\/\/schema.org\/BlogPosting\" itemprop=\"blogPost\" ><div class='avia_textblock  '   itemprop=\"text\" ><p style=\"text-align: center;\"><strong><span style=\"font-size: 18pt;\">Comunidades educativas de Ays\u00e9n relevan el D\u00eda Internacional del Reciclaje<\/span><\/strong><\/p>\n<div id=\"gtx-trans\" style=\"position: absolute; left: -50px; top: 4.31534px;\">\n<div class=\"gtx-trans-icon\"><\/div>\n<\/div>\n<\/div><\/section><\/div><div class=\"flex_column av_one_full  flex_column_div av-zero-column-padding first  avia-builder-el-4  el_after_av_one_full  el_before_av_hr  column-top-margin\" style='border-radius:0px; '><section class=\"av_textblock_section \"  itemscope=\"itemscope\" itemtype=\"https:\/\/schema.org\/BlogPosting\" itemprop=\"blogPost\" ><div class='avia_textblock  '   itemprop=\"text\" ><p style=\"text-align: justify;\">En el marco del D\u00eda Internacional del Reciclaje, que se conmemora el 17 de mayo de cada a\u00f1o, la Planta de Tratamiento de Residuos S\u00f3lidos Inorg\u00e1nicos Domiciliarios e Industriales \u201cReciclajes Martino\u201d, junto a los establecimientos educativos de la comuna enaltecieron este acontecimiento, que promueve la conciencia ambiental y el cuidado del entorno.<\/p>\n<p style=\"text-align: justify;\">La actividad cont\u00f3 con la participaci\u00f3n activa de estudiantes, profesores, padres y apoderados, quienes aguardaron el recorrido del emblem\u00e1tico \u201cTrencito Ecol\u00f3gico\u201d por los \u201cpuntos limpios\u201d de diversos establecimientos educativos de Puerto Ays\u00e9n, destacando \u00a0la importancia de \u00a0la colaboraci\u00f3n entre la empresa y la comunidad educativa, quienes promueven en conjunto, pr\u00e1cticas sostenibles en beneficio de Ays\u00e9n.<\/p>\n<p style=\"text-align: justify;\">La Monitora del Taller de Forjadores Ambientales del Colegio Kalem, Isabel Aguilar Simao, valor\u00f3 el v\u00ednculo de colaboraci\u00f3n establecido desde hace a\u00f1os entre \u201cReciclajes Martino\u201d y la Comunidad Escolar que ella representa en este \u00e1mbito. \u201cEsta alianza nos ha permitido potenciar la cultura medio ambiental de cuidado dentro de nuestro establecimiento. Los positivos resultados son evidentes, los que se pueden apreciar, en esta oportunidad, con la gran convocatoria de estudiantes que acuden al llamado de traer residuos desde sus hogares hasta el colegio, para el proceso de reciclaje\u201d, expres\u00f3.<\/p>\n<p style=\"text-align: justify;\">Las escuelas y jardines infantiles de la comuna de Ays\u00e9n se sumaron a la iniciativa, recolectando residuos como pl\u00e1sticos, cartones y vidrios, los que posteriormente ser\u00e1n derivados a otras regiones del pa\u00eds, donde existen plantas de tratamiento que gestionan su\u00a0 reutilizaci\u00f3n\u00a0 y reciclaje.<\/p>\n<p style=\"text-align: justify;\">Esta actividad no solo fomenta la conciencia ambiental entre los estudiantes, sino que tambi\u00e9n destac\u00f3 la importancia de la colaboraci\u00f3n entre la empresa y la comunidad en la protecci\u00f3n del Medio Ambiente, tal como lo indic\u00f3 la Encargada de esta Unidad, Carolina Gonz\u00e1lez, docente de la Escuela Poetisa Gabriela Mistral. \u201cNosotros hemos tenido una vinculaci\u00f3n con el trencito ecol\u00f3gico desde hace mucho tiempo, por lo que destacamos \u00a0la visi\u00f3n de Don Christian\u00a0 Martino y su trabajo,\u00a0 respecto a lo que significa el reciclaje; nos hemos dado cuenta que su participaci\u00f3n con los ni\u00f1os provoca esta motivaci\u00f3n de estar siempre atentos y comprometidos con el medio ambiente\u201d, concluy\u00f3.<\/p>\n<p style=\"text-align: justify;\">La empresa de Reciclaje, a trav\u00e9s de su Representante, Christian Martino, reafirm\u00f3 su compromiso con la comunidad y el medio ambiente, destacando la importancia de la educaci\u00f3n y la conciencia ambiental en la promoci\u00f3n de pr\u00e1cticas sostenibles al interior de las comunidades educativas. \u201cEl reciclaje para todos estos ni\u00f1os y estudiantes de Ays\u00e9n, no significa una moda, sino un h\u00e1bito en sus vidas, en el cual nosotros como empresa hemos colaborado desde hace doce a\u00f1os, con nuestro recorrido del trencito ecol\u00f3gico por sus colegios, junto a la agrupaci\u00f3n <em>Reinventa Ays\u00e9n, Educadores por la Sustentabilidad<\/em>. Esos ni\u00f1os comenzaron a reciclar desde la sala cuna y muchos de ellos hoy son personas adultas que est\u00e1n en la universidad, con el decidido compromiso de cuidad el Planeta en el que viven\u201d, destac\u00f3.<\/p>\n<p style=\"text-align: justify;\">La iniciativa de conmemoraci\u00f3n del D\u00eda Internacional del Reciclaje sent\u00f3 un precedente importante para futuras acciones en la Regi\u00f3n de Ays\u00e9n, donde se destac\u00f3 la importancia de trabajar en forma colaborativa y coordinada \u00a0para la protecci\u00f3n del entorno natural.<\/p>\n<\/div><\/section><\/div><div  style='height:50px' class='hr hr-invisible   avia-builder-el-6  el_after_av_one_full  el_before_av_social_share '><span class='hr-inner ' ><span class='hr-inner-style'><\/span><\/span><\/div><\/p>\n<div  class='av-social-sharing-box  avia-builder-el-7  el_after_av_hr  el_before_av_hr  '><div class='av-share-box'><h5 class='av-share-link-description av-no-toc '>Compartir esta noticia<\/h5><ul class='av-share-box-list noLightbox'><li class='av-share-link av-social-link-facebook' ><a target=\"_blank\" aria-label=\"Compartir en Facebook\" href='https:\/\/www.facebook.com\/sharer.php?u=https:\/\/radiorevelacionfm.cl\/?p=54064&#038;t=Comunidades%20educativas%20de%20Ays%C3%A9n%20relevan%20el%20D%C3%ADa%20Internacional%20del%20Reciclaje' aria-hidden='false' data-av_icon='\ue8f3' data-av_iconfont='entypo-fontello' title='' data-avia-related-tooltip='Compartir en Facebook' rel=\"noopener\"><span class='avia_hidden_link_text'>Compartir en Facebook<\/span><\/a><\/li><li class='av-share-link av-social-link-twitter' ><a target=\"_blank\" aria-label=\"Compartir en Twitter\" href='https:\/\/twitter.com\/share?text=Comunidades%20educativas%20de%20Ays%C3%A9n%20relevan%20el%20D%C3%ADa%20Internacional%20del%20Reciclaje&#038;url=https:\/\/radiorevelacionfm.cl\/?p=54064' aria-hidden='false' data-av_icon='\ue8f1' data-av_iconfont='entypo-fontello' title='' data-avia-related-tooltip='Compartir en Twitter' rel=\"noopener\"><span class='avia_hidden_link_text'>Compartir en Twitter<\/span><\/a><\/li><li class='av-share-link av-social-link-whatsapp' ><a target=\"_blank\" aria-label=\"Compartir en Whatsapp\" href='https:\/\/api.whatsapp.com\/send?text=https:\/\/radiorevelacionfm.cl\/?p=54064' aria-hidden='false' data-av_icon='\uf232' data-av_iconfont='entypo-fontello' title='' data-avia-related-tooltip='Compartir en Whatsapp' rel=\"noopener\"><span class='avia_hidden_link_text'>Compartir en Whatsapp<\/span><\/a><\/li><li class='av-share-link av-social-link-linkedin' ><a target=\"_blank\" aria-label=\"Compartir en LinkedIn\" href='https:\/\/linkedin.com\/shareArticle?mini=true&#038;title=Comunidades%20educativas%20de%20Ays%C3%A9n%20relevan%20el%20D%C3%ADa%20Internacional%20del%20Reciclaje&#038;url=https:\/\/radiorevelacionfm.cl\/?p=54064' aria-hidden='false' data-av_icon='\ue8fc' data-av_iconfont='entypo-fontello' title='' data-avia-related-tooltip='Compartir en LinkedIn' rel=\"noopener\"><span class='avia_hidden_link_text'>Compartir en LinkedIn<\/span><\/a><\/li><li class='av-share-link av-social-link-mail' ><a  aria-label=\"Compartir por correo\" href='mailto:?subject=Comunidades%20educativas%20de%20Ays%C3%A9n%20relevan%20el%20D%C3%ADa%20Internacional%20del%20Reciclaje&#038;body=https:\/\/radiorevelacionfm.cl\/?p=54064' aria-hidden='false' data-av_icon='\ue805' data-av_iconfont='entypo-fontello' title='' data-avia-related-tooltip='Compartir por correo'><span class='avia_hidden_link_text'>Compartir por correo<\/span><\/a><\/li><\/ul><\/div><\/div>\n<div  style='height:50px' class='hr hr-invisible   avia-builder-el-8  el_after_av_social_share  el_before_av_comments_list '><span class='hr-inner ' ><span class='hr-inner-style'><\/span><\/span><\/div>\n<div  class='av-buildercomment  av-blog-meta-html-info-disabled av-blog-meta-tag-disabled  '><\/div>\n","protected":false},"excerpt":{"rendered":"","protected":false},"author":1,"featured_media":54065,"comment_status":"closed","ping_status":"closed","sticky":false,"template":"","format":"standard","meta":{"footnotes":""},"categories":[38],"tags":[],"class_list":["post-54064","post","type-post","status-publish","format-standard","has-post-thumbnail","hentry","category-regional"],"jetpack_featured_media_url":"https:\/\/radiorevelacionfm.cl\/wp-content\/uploads\/2025\/05\/reciclaje-4-1_optimized-1_optimized-1.jpg","_links":{"self":[{"href":"https:\/\/radiorevelacionfm.cl\/index.php?rest_route=\/wp\/v2\/posts\/54064","targetHints":{"allow":["GET"]}}],"collection":[{"href":"https:\/\/radiorevelacionfm.cl\/index.php?rest_route=\/wp\/v2\/posts"}],"about":[{"href":"https:\/\/radiorevelacionfm.cl\/index.php?rest_route=\/wp\/v2\/types\/post"}],"author":[{"embeddable":true,"href":"https:\/\/radiorevelacionfm.cl\/index.php?rest_route=\/wp\/v2\/users\/1"}],"replies":[{"embeddable":true,"href":"https:\/\/radiorevelacionfm.cl\/index.php?rest_route=%2Fwp%2Fv2%2Fcomments&post=54064"}],"version-history":[{"count":2,"href":"https:\/\/radiorevelacionfm.cl\/index.php?rest_route=\/wp\/v2\/posts\/54064\/revisions"}],"predecessor-version":[{"id":54068,"href":"https:\/\/radiorevelacionfm.cl\/index.php?rest_route=\/wp\/v2\/posts\/54064\/revisions\/54068"}],"wp:featuredmedia":[{"embeddable":true,"href":"https:\/\/radiorevelacionfm.cl\/index.php?rest_route=\/wp\/v2\/media\/54065"}],"wp:attachment":[{"href":"https:\/\/radiorevelacionfm.cl\/index.php?rest_route=%2Fwp%2Fv2%2Fmedia&parent=54064"}],"wp:term":[{"taxonomy":"category","embeddable":true,"href":"https:\/\/radiorevelacionfm.cl\/index.php?rest_route=%2Fwp%2Fv2%2Fcategories&post=54064"},{"taxonomy":"post_tag","embeddable":true,"href":"https:\/\/radiorevelacionfm.cl\/index.php?rest_route=%2Fwp%2Fv2%2Ftags&post=54064"}],"curies":[{"name":"wp","href":"https:\/\/api.w.org\/{rel}","templated":true}]}}