{"id":54060,"date":"2025-05-18T15:28:45","date_gmt":"2025-05-18T18:28:45","guid":{"rendered":"https:\/\/radiorevelacionfm.cl\/?p=54060"},"modified":"2025-05-18T15:28:45","modified_gmt":"2025-05-18T18:28:45","slug":"culturas-aysen-reune-en-coyhaique-a-19-puntos-de-cultura-comunitaria-de-ohiggins-a-raul-marin-balmaceda","status":"publish","type":"post","link":"https:\/\/radiorevelacionfm.cl\/?p=54060","title":{"rendered":"Culturas Ays\u00e9n re\u00fane en Coyhaique a 19 Puntos de Cultura Comunitaria de O\u2019Higgins a Ra\u00fal Mar\u00edn Balmaceda"},"content":{"rendered":"<div class=\"flex_column av_one_full  flex_column_div av-zero-column-padding first  avia-builder-el-0  el_before_av_one_full  avia-builder-el-first  \" style='border-radius:0px; '><div  class='avia-image-container  av-styling-    avia-builder-el-1  avia-builder-el-no-sibling  avia-align-center '  itemprop=\"image\" itemscope=\"itemscope\" itemtype=\"https:\/\/schema.org\/ImageObject\"  ><div class='avia-image-container-inner'><div class='avia-image-overlay-wrap'><img decoding=\"async\" class='wp-image-54061 avia-img-lazy-loading-not-54061 avia_image' src=\"https:\/\/radiorevelacionfm.cl\/wp-content\/uploads\/2025\/05\/encuentro-puntos-cultura3-1_optimized.jpg\" alt='' title='encuentro-puntos - cultura3-(1)_optimized' height=\"600\" width=\"900\"  itemprop=\"thumbnailUrl\" srcset=\"https:\/\/radiorevelacionfm.cl\/wp-content\/uploads\/2025\/05\/encuentro-puntos-cultura3-1_optimized.jpg 900w, https:\/\/radiorevelacionfm.cl\/wp-content\/uploads\/2025\/05\/encuentro-puntos-cultura3-1_optimized-300x200.jpg 300w, https:\/\/radiorevelacionfm.cl\/wp-content\/uploads\/2025\/05\/encuentro-puntos-cultura3-1_optimized-768x512.jpg 768w, https:\/\/radiorevelacionfm.cl\/wp-content\/uploads\/2025\/05\/encuentro-puntos-cultura3-1_optimized-705x470.jpg 705w, https:\/\/radiorevelacionfm.cl\/wp-content\/uploads\/2025\/05\/encuentro-puntos-cultura3-1_optimized-450x300.jpg 450w, https:\/\/radiorevelacionfm.cl\/wp-content\/uploads\/2025\/05\/encuentro-puntos-cultura3-1_optimized-600x400.jpg 600w\" sizes=\"(max-width: 900px) 100vw, 900px\" \/><\/div><\/div><\/div><\/div><div class=\"flex_column av_one_full  flex_column_div av-zero-column-padding first  avia-builder-el-2  el_after_av_one_full  el_before_av_one_full  column-top-margin\" style='border-radius:0px; '><section class=\"av_textblock_section \"  itemscope=\"itemscope\" itemtype=\"https:\/\/schema.org\/BlogPosting\" itemprop=\"blogPost\" ><div class='avia_textblock  '   itemprop=\"text\" ><p style=\"text-align: center;\"><span style=\"font-size: 18pt;\"><b>Culturas Ays\u00e9n re\u00fane en Coyhaique a 19 Puntos de Cultura Comunitaria de O\u2019Higgins a Ra\u00fal Mar\u00edn Balmaceda<\/b><\/span><\/p>\n<div id=\"gtx-trans\" style=\"position: absolute; left: -50px; top: 4.31534px;\">\n<div class=\"gtx-trans-icon\"><\/div>\n<\/div>\n<\/div><\/section><\/div><div class=\"flex_column av_one_full  flex_column_div av-zero-column-padding first  avia-builder-el-4  el_after_av_one_full  el_before_av_hr  column-top-margin\" style='border-radius:0px; '><section class=\"av_textblock_section \"  itemscope=\"itemscope\" itemtype=\"https:\/\/schema.org\/BlogPosting\" itemprop=\"blogPost\" ><div class='avia_textblock  '   itemprop=\"text\" ><p style=\"text-align: justify;\">Un total de 19 representantes de diversas organizaciones comunitarias inscritas en el Registro de Puntos de Cultura Comunitaria de la Regi\u00f3n de Ays\u00e9n llegaron a Coyhaique para participar del Primer Encuentro de Puntos de Cultura Ays\u00e9n 2025 del Ministerio de las Culturas las Artes y el Patrimonio.<\/p>\n<p style=\"text-align: justify;\">\u00bfQu\u00e9 es un Punto de Cultura? As\u00ed lo resume la encargada del programa en Ays\u00e9n, Camila Garrido: \u201cUn Punto de Cultura es una organizaci\u00f3n que realiza una pr\u00e1ctica sociocultural en su territorio, es decir, gesta actividades vinculadas a lo art\u00edstico, a lo ambiental, a lo pol\u00edtico, a lo cultural, para activar a su comunidad y poder poner temas importantes, que est\u00e9n en el foco del colectivo con memoria e identidad\u201d.<\/p>\n<p style=\"text-align: justify;\">El Primer Encuentro de Puntos de Cultura Comunitaria se desarroll\u00f3 en dos jornadas en Coyhaique y permiti\u00f3 el intercambio de experiencias de gesti\u00f3n y art\u00edstico-culturales en las comunas de R\u00edo Ib\u00e1\u00f1ez, O\u2019Higgins, Cochrane, Ays\u00e9n, Coyhaique, Tortel, Cisnes y Chile Chico; y proponer miradas diversas sobre tem\u00e1ticas similares, adem\u00e1s de proyectar el trabajo intercomunal y buscar f\u00f3rmulas para su potenciaci\u00f3n.<\/p>\n<p style=\"text-align: justify;\">El seremi de Culturas Ays\u00e9n, Felipe Quiroz, dijo que \u201choy se congregan desde Ra\u00fal Mar\u00edn Balmaceda hasta Villa O\u2019Higgins. Este tipo de programas e iniciativas releva el rol fundamental que cumplen estas organizaciones, pues son un brazo en el territorio para generar la promoci\u00f3n de derechos culturales, la revitalizaci\u00f3n patrimonial y tambi\u00e9n es parte importante de sus comunidades\u201d.<\/p>\n<p style=\"text-align: justify;\">Alan Acevedo del Punto de Cultura Campo de Hielo Sur de O\u2019Higgins piensa que \u201ces importante generar redes, conocer la realidad de otros Puntos de Cultura, y siempre coincidimos en que los problemas son los mismos y desde ah\u00ed deber\u00edamos actuar para tratar de solucionar en conjunto esos problemas comunes\u201d.<\/p>\n<p style=\"text-align: justify;\">Participaron la Agrupaci\u00f3n Social y Cultural del Folklore Espa\u00f1ol de Puerto Ays\u00e9n, el Colectivo Madereros de Tortel, el Comit\u00e9 de Artesanas Chewachequena de Puerto Ib\u00e1\u00f1ez, la Agrupaci\u00f3n Artesanos de Ays\u00e9n, la Feria Campesina de Bah\u00eda Murta, el Colectivo Murta Cultural, Mujer Austral, Atelakoya Tribal, la Corporaci\u00f3n Memoria Austral, la Agrupaci\u00f3n Social Los Cristalinos, la Agrupaci\u00f3n Arte y Mate de Cisnes, la Agrupaci\u00f3n BioDanza Coyhaique, el Colectivo Micelio Ecosistema Art\u00edstico, el Colectivo Cheelkenue de Cochrane, la Agrupaci\u00f3n Juvenil Zonal Joyen, la Agrupaci\u00f3n Campos de Hielo Sur de Villa O\u2019Higgins, Artesanas y Productoras de Chile Chico, la Agrupaci\u00f3n Ambiental Antukulef y la Junta de Vecinos de Puerto R\u00edo Tranquilo.<\/p>\n<p style=\"text-align: justify;\">Ale Gonz\u00e1lez, representante de Mujer Austral del Ra\u00fal Mar\u00edn Balmaceda, dice que \u201ca trav\u00e9s del trabajo colectivo es m\u00e1s f\u00e1cil que el Estado entienda la realidad de las comunidades, que nuestra voz se puede proyectar especialmente cuando encontremos los puntos y necesidades que son comunes entre nosotros\u201d.<\/p>\n<p style=\"text-align: justify;\">Corina Ainol viaj\u00f3 desde Chile Chico para representar a la Agrupaci\u00f3n de Artesanas y Productoras de Chile Chico y la Agrupaci\u00f3n Ambiental y Social Antukulef: \u201cPrincipalmente se trata de conocerse, nos ubicamos algunas organizaciones por trabajos previos, pero m\u00e1s que nada es para conocerse de cuerpo presente m\u00e1s all\u00e1 de lo virtualidad y tambi\u00e9n, por qu\u00e9 no, poder ver que podemos hacer a futuro en conjunto. Yo creo que de eso se trata, de hacer un trabajo comunitario un poco m\u00e1s grande, salir de la localidad, salir de las provincias y abordar otros espacios\u201d.<\/p>\n<p style=\"text-align: justify;\">Gonzalo Oyarzo del Colectivo Cheelkenue de Cochrane piensa que \u201ces importante conocer diferentes realidades para saber que no estamos solos en la creaci\u00f3n de la cultura que se hace d\u00eda a d\u00eda; es importante para vernos reflejados y entender c\u00f3mo funcionamos, agrupaciones que est\u00e1n naturalmente unidas\u201d.<\/p>\n<\/div><\/section><\/div><div  style='height:50px' class='hr hr-invisible   avia-builder-el-6  el_after_av_one_full  el_before_av_social_share '><span class='hr-inner ' ><span class='hr-inner-style'><\/span><\/span><\/div><\/p>\n<div  class='av-social-sharing-box  avia-builder-el-7  el_after_av_hr  el_before_av_hr  '><div class='av-share-box'><h5 class='av-share-link-description av-no-toc '>Compartir esta noticia<\/h5><ul class='av-share-box-list noLightbox'><li class='av-share-link av-social-link-facebook' ><a target=\"_blank\" aria-label=\"Compartir en Facebook\" href='https:\/\/www.facebook.com\/sharer.php?u=https:\/\/radiorevelacionfm.cl\/?p=54060&#038;t=Culturas%20Ays%C3%A9n%20re%C3%BAne%20en%20Coyhaique%20a%2019%20Puntos%20de%20Cultura%20Comunitaria%20de%20O%E2%80%99Higgins%20a%20Ra%C3%BAl%20Mar%C3%ADn%20Balmaceda' aria-hidden='false' data-av_icon='\ue8f3' data-av_iconfont='entypo-fontello' title='' data-avia-related-tooltip='Compartir en Facebook' rel=\"noopener\"><span class='avia_hidden_link_text'>Compartir en Facebook<\/span><\/a><\/li><li class='av-share-link av-social-link-twitter' ><a target=\"_blank\" aria-label=\"Compartir en Twitter\" href='https:\/\/twitter.com\/share?text=Culturas%20Ays%C3%A9n%20re%C3%BAne%20en%20Coyhaique%20a%2019%20Puntos%20de%20Cultura%20Comunitaria%20de%20O%E2%80%99Higgins%20a%20Ra%C3%BAl%20Mar%C3%ADn%20Balmaceda&#038;url=https:\/\/radiorevelacionfm.cl\/?p=54060' aria-hidden='false' data-av_icon='\ue8f1' data-av_iconfont='entypo-fontello' title='' data-avia-related-tooltip='Compartir en Twitter' rel=\"noopener\"><span class='avia_hidden_link_text'>Compartir en Twitter<\/span><\/a><\/li><li class='av-share-link av-social-link-whatsapp' ><a target=\"_blank\" aria-label=\"Compartir en Whatsapp\" href='https:\/\/api.whatsapp.com\/send?text=https:\/\/radiorevelacionfm.cl\/?p=54060' aria-hidden='false' data-av_icon='\uf232' data-av_iconfont='entypo-fontello' title='' data-avia-related-tooltip='Compartir en Whatsapp' rel=\"noopener\"><span class='avia_hidden_link_text'>Compartir en Whatsapp<\/span><\/a><\/li><li class='av-share-link av-social-link-linkedin' ><a target=\"_blank\" aria-label=\"Compartir en LinkedIn\" href='https:\/\/linkedin.com\/shareArticle?mini=true&#038;title=Culturas%20Ays%C3%A9n%20re%C3%BAne%20en%20Coyhaique%20a%2019%20Puntos%20de%20Cultura%20Comunitaria%20de%20O%E2%80%99Higgins%20a%20Ra%C3%BAl%20Mar%C3%ADn%20Balmaceda&#038;url=https:\/\/radiorevelacionfm.cl\/?p=54060' aria-hidden='false' data-av_icon='\ue8fc' data-av_iconfont='entypo-fontello' title='' data-avia-related-tooltip='Compartir en LinkedIn' rel=\"noopener\"><span class='avia_hidden_link_text'>Compartir en LinkedIn<\/span><\/a><\/li><li class='av-share-link av-social-link-mail' ><a  aria-label=\"Compartir por correo\" href='mailto:?subject=Culturas%20Ays%C3%A9n%20re%C3%BAne%20en%20Coyhaique%20a%2019%20Puntos%20de%20Cultura%20Comunitaria%20de%20O%E2%80%99Higgins%20a%20Ra%C3%BAl%20Mar%C3%ADn%20Balmaceda&#038;body=https:\/\/radiorevelacionfm.cl\/?p=54060' aria-hidden='false' data-av_icon='\ue805' data-av_iconfont='entypo-fontello' title='' data-avia-related-tooltip='Compartir por correo'><span class='avia_hidden_link_text'>Compartir por correo<\/span><\/a><\/li><\/ul><\/div><\/div>\n<div  style='height:50px' class='hr hr-invisible   avia-builder-el-8  el_after_av_social_share  el_before_av_comments_list '><span class='hr-inner ' ><span class='hr-inner-style'><\/span><\/span><\/div>\n<div  class='av-buildercomment  av-blog-meta-html-info-disabled av-blog-meta-tag-disabled  '><\/div>\n","protected":false},"excerpt":{"rendered":"","protected":false},"author":1,"featured_media":54061,"comment_status":"closed","ping_status":"closed","sticky":false,"template":"","format":"standard","meta":{"footnotes":""},"categories":[52],"tags":[],"class_list":["post-54060","post","type-post","status-publish","format-standard","has-post-thumbnail","hentry","category-cultura"],"jetpack_featured_media_url":"https:\/\/radiorevelacionfm.cl\/wp-content\/uploads\/2025\/05\/encuentro-puntos-cultura3-1_optimized.jpg","_links":{"self":[{"href":"https:\/\/radiorevelacionfm.cl\/index.php?rest_route=\/wp\/v2\/posts\/54060","targetHints":{"allow":["GET"]}}],"collection":[{"href":"https:\/\/radiorevelacionfm.cl\/index.php?rest_route=\/wp\/v2\/posts"}],"about":[{"href":"https:\/\/radiorevelacionfm.cl\/index.php?rest_route=\/wp\/v2\/types\/post"}],"author":[{"embeddable":true,"href":"https:\/\/radiorevelacionfm.cl\/index.php?rest_route=\/wp\/v2\/users\/1"}],"replies":[{"embeddable":true,"href":"https:\/\/radiorevelacionfm.cl\/index.php?rest_route=%2Fwp%2Fv2%2Fcomments&post=54060"}],"version-history":[{"count":2,"href":"https:\/\/radiorevelacionfm.cl\/index.php?rest_route=\/wp\/v2\/posts\/54060\/revisions"}],"predecessor-version":[{"id":54063,"href":"https:\/\/radiorevelacionfm.cl\/index.php?rest_route=\/wp\/v2\/posts\/54060\/revisions\/54063"}],"wp:featuredmedia":[{"embeddable":true,"href":"https:\/\/radiorevelacionfm.cl\/index.php?rest_route=\/wp\/v2\/media\/54061"}],"wp:attachment":[{"href":"https:\/\/radiorevelacionfm.cl\/index.php?rest_route=%2Fwp%2Fv2%2Fmedia&parent=54060"}],"wp:term":[{"taxonomy":"category","embeddable":true,"href":"https:\/\/radiorevelacionfm.cl\/index.php?rest_route=%2Fwp%2Fv2%2Fcategories&post=54060"},{"taxonomy":"post_tag","embeddable":true,"href":"https:\/\/radiorevelacionfm.cl\/index.php?rest_route=%2Fwp%2Fv2%2Ftags&post=54060"}],"curies":[{"name":"wp","href":"https:\/\/api.w.org\/{rel}","templated":true}]}}