{"id":54056,"date":"2025-05-18T15:19:37","date_gmt":"2025-05-18T18:19:37","guid":{"rendered":"https:\/\/radiorevelacionfm.cl\/?p=54056"},"modified":"2025-05-18T15:19:37","modified_gmt":"2025-05-18T18:19:37","slug":"productoras-de-aysen-fortalecen-practicas-sostenibles-en-encuentro-del-programa-tas","status":"publish","type":"post","link":"https:\/\/radiorevelacionfm.cl\/?p=54056","title":{"rendered":"Productoras de Ays\u00e9n fortalecen pr\u00e1cticas sostenibles en encuentro del programa TAS"},"content":{"rendered":"<div class=\"flex_column av_one_full  flex_column_div av-zero-column-padding first  avia-builder-el-0  el_before_av_one_full  avia-builder-el-first  \" style='border-radius:0px; '><div  class='avia-image-container  av-styling-    avia-builder-el-1  avia-builder-el-no-sibling  avia-align-center '  itemprop=\"image\" itemscope=\"itemscope\" itemtype=\"https:\/\/schema.org\/ImageObject\"  ><div class='avia-image-container-inner'><div class='avia-image-overlay-wrap'><img decoding=\"async\" class='wp-image-54057 avia-img-lazy-loading-not-54057 avia_image' src=\"https:\/\/radiorevelacionfm.cl\/wp-content\/uploads\/2025\/05\/1z9a1923-copia-2-1_optimized-1.jpg\" alt='' title='1z9a1923-copia-2-(1)_optimized (1)' height=\"600\" width=\"1061\"  itemprop=\"thumbnailUrl\" srcset=\"https:\/\/radiorevelacionfm.cl\/wp-content\/uploads\/2025\/05\/1z9a1923-copia-2-1_optimized-1.jpg 1061w, https:\/\/radiorevelacionfm.cl\/wp-content\/uploads\/2025\/05\/1z9a1923-copia-2-1_optimized-1-300x170.jpg 300w, https:\/\/radiorevelacionfm.cl\/wp-content\/uploads\/2025\/05\/1z9a1923-copia-2-1_optimized-1-1030x582.jpg 1030w, https:\/\/radiorevelacionfm.cl\/wp-content\/uploads\/2025\/05\/1z9a1923-copia-2-1_optimized-1-768x434.jpg 768w, https:\/\/radiorevelacionfm.cl\/wp-content\/uploads\/2025\/05\/1z9a1923-copia-2-1_optimized-1-705x399.jpg 705w, https:\/\/radiorevelacionfm.cl\/wp-content\/uploads\/2025\/05\/1z9a1923-copia-2-1_optimized-1-450x254.jpg 450w, https:\/\/radiorevelacionfm.cl\/wp-content\/uploads\/2025\/05\/1z9a1923-copia-2-1_optimized-1-600x339.jpg 600w\" sizes=\"(max-width: 1061px) 100vw, 1061px\" \/><\/div><\/div><\/div><\/div><div class=\"flex_column av_one_full  flex_column_div av-zero-column-padding first  avia-builder-el-2  el_after_av_one_full  el_before_av_one_full  column-top-margin\" style='border-radius:0px; '><section class=\"av_textblock_section \"  itemscope=\"itemscope\" itemtype=\"https:\/\/schema.org\/BlogPosting\" itemprop=\"blogPost\" ><div class='avia_textblock  '   itemprop=\"text\" ><p style=\"text-align: center;\"><strong><span style=\"font-size: 18pt;\">Productoras de Ays\u00e9n fortalecen pr\u00e1cticas sostenibles en encuentro del programa TAS<\/span><\/strong><\/p>\n<div id=\"gtx-trans\" style=\"position: absolute; left: -50px; top: 4.31534px;\">\n<div class=\"gtx-trans-icon\"><\/div>\n<\/div>\n<\/div><\/section><\/div><div class=\"flex_column av_one_full  flex_column_div av-zero-column-padding first  avia-builder-el-4  el_after_av_one_full  el_before_av_hr  column-top-margin\" style='border-radius:0px; '><section class=\"av_textblock_section \"  itemscope=\"itemscope\" itemtype=\"https:\/\/schema.org\/BlogPosting\" itemprop=\"blogPost\" ><div class='avia_textblock  '   itemprop=\"text\" ><p class=\"v1MsoNormal\" style=\"text-align: justify;\">Este jueves, se realiz\u00f3 un nuevo encuentro del Programa de Transici\u00f3n a la Agricultura Sostenible (TAS), con la participaci\u00f3n de productoras y productores de las comunas de Ays\u00e9n y Coyhaique. Esta iniciativa estrat\u00e9gica, impulsada por INDAP e INIA, tiene como objetivo acompa\u00f1ar la transformaci\u00f3n de los sistemas productivos regionales hacia pr\u00e1cticas y manejos m\u00e1s sostenibles.<\/p>\n<p class=\"v1MsoNormal\" style=\"text-align: justify;\">La actividad se enmarca en una serie de encuentros nacionales que marcan el cierre del primer ciclo de jornadas de capacitaci\u00f3n te\u00f3rico-pr\u00e1cticas del programa TAS, las cuales han convocado a m\u00e1s de mil usuarios a lo largo del pa\u00eds.<\/p>\n<p class=\"v1MsoNormal\" style=\"text-align: justify;\">Yessica Lagos, directora regional de INDAP Ays\u00e9n, destac\u00f3 la relevancia de esta iniciativa, impulsada durante el gobierno del Presidente Gabriel Boric, cuyo objetivo es fortalecer la agricultura familiar campesina e ind\u00edgena. \u00abEstamos muy contentos con el trabajo conjunto que ha permitido fortalecer a las familias campesinas en su capacidad de producir m\u00e1s con menos recursos, logrando productos m\u00e1s sanos y libres de agroqu\u00edmicos\u00bb, se\u00f1al\u00f3.<\/p>\n<p class=\"v1MsoNormal\" style=\"text-align: justify;\">El encuentro incluy\u00f3 un taller impartido por Luis S\u00e1ez, acad\u00e9mico de la Universidad de Santiago de Chile, enfocado en estrategias de comercializaci\u00f3n. Durante su presentaci\u00f3n, S\u00e1ez subray\u00f3 la importancia de reconocer los productos que se comercializan y de poner en valor las caracter\u00edsticas \u00fanicas de la producci\u00f3n agroecol\u00f3gica y hort\u00edcola de la Regi\u00f3n de Ays\u00e9n.<\/p>\n<p class=\"v1MsoNormal\" style=\"text-align: justify;\">\u00abEl TAS es un esfuerzo conjunto con INDAP, donde INIA contribuye con la ejecuci\u00f3n t\u00e9cnica de actividades. A trav\u00e9s de asesor\u00eda especializada y capacitaciones grupales, apoyamos a agricultoras y agricultores en la adopci\u00f3n de pr\u00e1cticas sostenibles y agroecol\u00f3gicas. La actividad de hoy es un ejemplo de ello, ya que nos encontramos en un taller que permitir\u00e1 conversar y adquirir nuevas habilidades en comercializaci\u00f3n para nuestros productores y productoras\u00bb, destac\u00f3 Camila Reyes, directora de INIA Tamel Aike.<\/p>\n<p class=\"v1MsoNormal\" style=\"text-align: justify;\">Johana Castillo, emprendedora de Coyhaique y fundadora del emprendimiento Pensamiento Patagon, comparti\u00f3 su experiencia: \u00abTodo lo que hemos aprendido aqu\u00ed nos ha permitido pasar de conocer un 10% sobre el suelo a manejar cerca de un 100%. Hemos mejorado la calidad de nuestros cultivos, reducido costos y fortalecido nuestras pr\u00e1cticas agr\u00edcolas\u00bb.<\/p>\n<p class=\"v1MsoNormal\" style=\"text-align: justify;\">En la jornada participaron tambi\u00e9n los investigadores de INIA Tamel Aike, Rodrigo Neculm\u00e1n y Mar\u00eda Paz Mart\u00ednez, junto a Magdalena Mansilla, asesora t\u00e9cnica del programa en la regi\u00f3n; N\u00e9lida Mu\u00f1oz, jefa del \u00c1rea de INDAP Ays\u00e9n; y Nelly P\u00e9rez y Daniel Sol\u00eds, profesionales de INDAP; adem\u00e1s de Nicole Guerrero, encargada nacional del programa TAS.<\/p>\n<p class=\"v1MsoNormal\" style=\"text-align: justify;\">El Programa de Transici\u00f3n a la Agricultura Sostenible (TAS) es una iniciativa que busca fomentar sistemas agr\u00edcolas m\u00e1s sostenibles y resilientes al cambio clim\u00e1tico, con un enfoque en el manejo adecuado de los recursos naturales, especialmente el suelo, el agua y la biodiversidad.<\/p>\n<\/div><\/section><\/div><div  style='height:50px' class='hr hr-invisible   avia-builder-el-6  el_after_av_one_full  el_before_av_social_share '><span class='hr-inner ' ><span class='hr-inner-style'><\/span><\/span><\/div><\/p>\n<div  class='av-social-sharing-box  avia-builder-el-7  el_after_av_hr  el_before_av_hr  '><div class='av-share-box'><h5 class='av-share-link-description av-no-toc '>Compartir esta noticia<\/h5><ul class='av-share-box-list noLightbox'><li class='av-share-link av-social-link-facebook' ><a target=\"_blank\" aria-label=\"Compartir en Facebook\" href='https:\/\/www.facebook.com\/sharer.php?u=https:\/\/radiorevelacionfm.cl\/?p=54056&#038;t=Productoras%20de%20Ays%C3%A9n%20fortalecen%20pr%C3%A1cticas%20sostenibles%20en%20encuentro%20del%20programa%20TAS' aria-hidden='false' data-av_icon='\ue8f3' data-av_iconfont='entypo-fontello' title='' data-avia-related-tooltip='Compartir en Facebook' rel=\"noopener\"><span class='avia_hidden_link_text'>Compartir en Facebook<\/span><\/a><\/li><li class='av-share-link av-social-link-twitter' ><a target=\"_blank\" aria-label=\"Compartir en Twitter\" href='https:\/\/twitter.com\/share?text=Productoras%20de%20Ays%C3%A9n%20fortalecen%20pr%C3%A1cticas%20sostenibles%20en%20encuentro%20del%20programa%20TAS&#038;url=https:\/\/radiorevelacionfm.cl\/?p=54056' aria-hidden='false' data-av_icon='\ue8f1' data-av_iconfont='entypo-fontello' title='' data-avia-related-tooltip='Compartir en Twitter' rel=\"noopener\"><span class='avia_hidden_link_text'>Compartir en Twitter<\/span><\/a><\/li><li class='av-share-link av-social-link-whatsapp' ><a target=\"_blank\" aria-label=\"Compartir en Whatsapp\" href='https:\/\/api.whatsapp.com\/send?text=https:\/\/radiorevelacionfm.cl\/?p=54056' aria-hidden='false' data-av_icon='\uf232' data-av_iconfont='entypo-fontello' title='' data-avia-related-tooltip='Compartir en Whatsapp' rel=\"noopener\"><span class='avia_hidden_link_text'>Compartir en Whatsapp<\/span><\/a><\/li><li class='av-share-link av-social-link-linkedin' ><a target=\"_blank\" aria-label=\"Compartir en LinkedIn\" href='https:\/\/linkedin.com\/shareArticle?mini=true&#038;title=Productoras%20de%20Ays%C3%A9n%20fortalecen%20pr%C3%A1cticas%20sostenibles%20en%20encuentro%20del%20programa%20TAS&#038;url=https:\/\/radiorevelacionfm.cl\/?p=54056' aria-hidden='false' data-av_icon='\ue8fc' data-av_iconfont='entypo-fontello' title='' data-avia-related-tooltip='Compartir en LinkedIn' rel=\"noopener\"><span class='avia_hidden_link_text'>Compartir en LinkedIn<\/span><\/a><\/li><li class='av-share-link av-social-link-mail' ><a  aria-label=\"Compartir por correo\" href='mailto:?subject=Productoras%20de%20Ays%C3%A9n%20fortalecen%20pr%C3%A1cticas%20sostenibles%20en%20encuentro%20del%20programa%20TAS&#038;body=https:\/\/radiorevelacionfm.cl\/?p=54056' aria-hidden='false' data-av_icon='\ue805' data-av_iconfont='entypo-fontello' title='' data-avia-related-tooltip='Compartir por correo'><span class='avia_hidden_link_text'>Compartir por correo<\/span><\/a><\/li><\/ul><\/div><\/div>\n<div  style='height:50px' class='hr hr-invisible   avia-builder-el-8  el_after_av_social_share  el_before_av_comments_list '><span class='hr-inner ' ><span class='hr-inner-style'><\/span><\/span><\/div>\n<div  class='av-buildercomment  av-blog-meta-html-info-disabled av-blog-meta-tag-disabled  '><\/div>\n","protected":false},"excerpt":{"rendered":"","protected":false},"author":1,"featured_media":54057,"comment_status":"closed","ping_status":"closed","sticky":false,"template":"","format":"standard","meta":{"footnotes":""},"categories":[58],"tags":[],"class_list":["post-54056","post","type-post","status-publish","format-standard","has-post-thumbnail","hentry","category-agricultura"],"jetpack_featured_media_url":"https:\/\/radiorevelacionfm.cl\/wp-content\/uploads\/2025\/05\/1z9a1923-copia-2-1_optimized-1.jpg","_links":{"self":[{"href":"https:\/\/radiorevelacionfm.cl\/index.php?rest_route=\/wp\/v2\/posts\/54056","targetHints":{"allow":["GET"]}}],"collection":[{"href":"https:\/\/radiorevelacionfm.cl\/index.php?rest_route=\/wp\/v2\/posts"}],"about":[{"href":"https:\/\/radiorevelacionfm.cl\/index.php?rest_route=\/wp\/v2\/types\/post"}],"author":[{"embeddable":true,"href":"https:\/\/radiorevelacionfm.cl\/index.php?rest_route=\/wp\/v2\/users\/1"}],"replies":[{"embeddable":true,"href":"https:\/\/radiorevelacionfm.cl\/index.php?rest_route=%2Fwp%2Fv2%2Fcomments&post=54056"}],"version-history":[{"count":2,"href":"https:\/\/radiorevelacionfm.cl\/index.php?rest_route=\/wp\/v2\/posts\/54056\/revisions"}],"predecessor-version":[{"id":54059,"href":"https:\/\/radiorevelacionfm.cl\/index.php?rest_route=\/wp\/v2\/posts\/54056\/revisions\/54059"}],"wp:featuredmedia":[{"embeddable":true,"href":"https:\/\/radiorevelacionfm.cl\/index.php?rest_route=\/wp\/v2\/media\/54057"}],"wp:attachment":[{"href":"https:\/\/radiorevelacionfm.cl\/index.php?rest_route=%2Fwp%2Fv2%2Fmedia&parent=54056"}],"wp:term":[{"taxonomy":"category","embeddable":true,"href":"https:\/\/radiorevelacionfm.cl\/index.php?rest_route=%2Fwp%2Fv2%2Fcategories&post=54056"},{"taxonomy":"post_tag","embeddable":true,"href":"https:\/\/radiorevelacionfm.cl\/index.php?rest_route=%2Fwp%2Fv2%2Ftags&post=54056"}],"curies":[{"name":"wp","href":"https:\/\/api.w.org\/{rel}","templated":true}]}}