{"id":54053,"date":"2025-05-17T16:59:59","date_gmt":"2025-05-17T19:59:59","guid":{"rendered":"https:\/\/radiorevelacionfm.cl\/?p=54053"},"modified":"2025-05-17T17:00:00","modified_gmt":"2025-05-17T20:00:00","slug":"coyhaique-pdi-detiene-a-ciudadano-brasileno-por-robo-con-intimidacion","status":"publish","type":"post","link":"https:\/\/radiorevelacionfm.cl\/?p=54053","title":{"rendered":"Coyhaique: PDI detiene a ciudadano brasile\u00f1o por robo con intimidaci\u00f3n"},"content":{"rendered":"<div class=\"flex_column av_one_full  flex_column_div av-zero-column-padding first  avia-builder-el-0  el_before_av_one_full  avia-builder-el-first  \" style='border-radius:0px; '><div  class='avia-image-container  av-styling-    avia-builder-el-1  avia-builder-el-no-sibling  avia-align-center '  itemprop=\"image\" itemscope=\"itemscope\" itemtype=\"https:\/\/schema.org\/ImageObject\"  ><div class='avia-image-container-inner'><div class='avia-image-overlay-wrap'><img decoding=\"async\" class='wp-image-16354 avia-img-lazy-loading-not-16354 avia_image' src=\"https:\/\/radiorevelacionfm.cl\/wp-content\/uploads\/2022\/04\/PDI-Imagen-referencial-1-1.jpg\" alt='' title='PDI Imagen referencial (1) (1)' height=\"600\" width=\"900\"  itemprop=\"thumbnailUrl\" srcset=\"https:\/\/radiorevelacionfm.cl\/wp-content\/uploads\/2022\/04\/PDI-Imagen-referencial-1-1.jpg 900w, https:\/\/radiorevelacionfm.cl\/wp-content\/uploads\/2022\/04\/PDI-Imagen-referencial-1-1-300x200.jpg 300w, https:\/\/radiorevelacionfm.cl\/wp-content\/uploads\/2022\/04\/PDI-Imagen-referencial-1-1-768x512.jpg 768w, https:\/\/radiorevelacionfm.cl\/wp-content\/uploads\/2022\/04\/PDI-Imagen-referencial-1-1-705x470.jpg 705w, https:\/\/radiorevelacionfm.cl\/wp-content\/uploads\/2022\/04\/PDI-Imagen-referencial-1-1-600x400.jpg 600w\" sizes=\"(max-width: 900px) 100vw, 900px\" \/><\/div><\/div><\/div><\/div><div class=\"flex_column av_one_full  flex_column_div av-zero-column-padding first  avia-builder-el-2  el_after_av_one_full  el_before_av_one_full  column-top-margin\" style='border-radius:0px; '><section class=\"av_textblock_section \"  itemscope=\"itemscope\" itemtype=\"https:\/\/schema.org\/BlogPosting\" itemprop=\"blogPost\" ><div class='avia_textblock  '   itemprop=\"text\" ><p style=\"text-align: center;\"><strong><span style=\"font-size: 18pt;\">Coyhaique: PDI detiene a ciudadano brasile\u00f1o por robo con intimidaci\u00f3n <\/span><\/strong><\/p>\n<div id=\"gtx-trans\" style=\"position: absolute; left: -50px; top: 4.31534px;\">\n<div class=\"gtx-trans-icon\"><\/div>\n<\/div>\n<\/div><\/section><\/div><div class=\"flex_column av_one_full  flex_column_div av-zero-column-padding first  avia-builder-el-4  el_after_av_one_full  el_before_av_hr  column-top-margin\" style='border-radius:0px; '><section class=\"av_textblock_section \"  itemscope=\"itemscope\" itemtype=\"https:\/\/schema.org\/BlogPosting\" itemprop=\"blogPost\" ><div class='avia_textblock  '   itemprop=\"text\" ><p style=\"text-align: justify;\">Durante la jornada de este viernes detectives de la Brigada Investigadora de Robos (Biro) Coyhaique, detuvo a un ciudadano brasile\u00f1o por el delito de Robo con Intimidaci\u00f3n. El hecho habr\u00eda ocurrido al interior de un local comercial en la comuna de Coyhaique, en donde el imputado habr\u00eda ingresado e intimidado a su due\u00f1a, de 56 a\u00f1os de edad, para sustraer mercader\u00eda para luego huir del lugar.<\/p>\n<p style=\"text-align: justify;\">\u201cLa Polic\u00eda de Investigaciones de Chile el d\u00eda de ayer detuvo a una persona de nacionalidad extranjera por el delito de robo con violencia en un almac\u00e9n de la comuna. Cabe destacar que este hecho (la detenci\u00f3n) se origina por una demanda colectiva de la ciudadan\u00eda por un hecho que hab\u00eda sido denunciado y posteriormente el Ministerio P\u00fablico toma parte de esto y hace una coordinaci\u00f3n con la Polic\u00eda de Investigaciones para generar una orden de investigar en la cual se levantan los antecedentes necesarios para acreditar el delito, gener\u00e1ndose la orden de detenci\u00f3n que se materializa el d\u00eda de ayer.\u201d, coment\u00f3 el comisario Felipe Vald\u00e9s, jefe de la Brigada Investigadora de Robos Coyhaique.<\/p>\n<p style=\"text-align: justify;\">Cabe hacer presente que esta persona deambulaba por diferentes localidades de la regi\u00f3n, intimidando, a turistas y residentes, siempre con un actuar agresivo. Adem\u00e1s, el imputado mantiene antecedentes ligados a delitos de Violaci\u00f3n de Morada, Porte ilegal de Armas y Robo con Intimidaci\u00f3n, entre otros. \u201cLa forma de operar de \u00e9l es acercarse a algunos locales o a personas para solicitarles dinero o especies o alimentaci\u00f3n, ante la negativa act\u00faa de forma muy violenta sobre las personas, sobre todo mujeres y de esa manera conseguir lo que busca preliminarmente y de esa forma despu\u00e9s se da la fuga de los lugares\u201d, puntualiz\u00f3 el comisario Vald\u00e9s.<\/p>\n<p style=\"text-align: justify;\">Por su parte, el Ministerio P\u00fablico coment\u00f3 que gracias a un trabajo coordinado con la brigada especializada de la PDI se logr\u00f3 ubicar y detener al ciudadano extranjero. \u201cA partir de lo anterior, particularmente por ya mantener causas pendientes, por tratarse particularmente de un delito grave y que adem\u00e1s en este contexto se da dentro de un sujeto que ha mantenido una escalada de violencia en distintos hechos y circunstancias en la comunidad de Coyhaique, se solicit\u00f3 su prisi\u00f3n preventiva por parte de la Fiscal\u00eda, petici\u00f3n a la cual se accedi\u00f3 por parte del Juzgado de Garant\u00eda de Coyhaique, decretando su prisi\u00f3n preventiva y estableciendo un plazo de investigaci\u00f3n de 60 d\u00edas\u201d, explic\u00f3 el fiscal (s) Mat\u00edas Manzano de la Fiscal\u00eda Local de Coyhaique.<\/p>\n<p style=\"text-align: justify;\">Respecto a su calidad migratoria, este ciudadano brasile\u00f1o se encuentra irregular en nuestro pa\u00eds, estando su proceso de expulsi\u00f3n a la espera de la resoluci\u00f3n de la autoridad administrativa.<\/p>\n<\/div><\/section><\/div><div  style='height:50px' class='hr hr-invisible   avia-builder-el-6  el_after_av_one_full  el_before_av_social_share '><span class='hr-inner ' ><span class='hr-inner-style'><\/span><\/span><\/div><\/p>\n<div  class='av-social-sharing-box  avia-builder-el-7  el_after_av_hr  el_before_av_hr  '><div class='av-share-box'><h5 class='av-share-link-description av-no-toc '>Compartir esta noticia<\/h5><ul class='av-share-box-list noLightbox'><li class='av-share-link av-social-link-facebook' ><a target=\"_blank\" aria-label=\"Compartir en Facebook\" href='https:\/\/www.facebook.com\/sharer.php?u=https:\/\/radiorevelacionfm.cl\/?p=54053&#038;t=Coyhaique%3A%20PDI%20detiene%20a%20ciudadano%20brasile%C3%B1o%20por%20robo%20con%20intimidaci%C3%B3n' aria-hidden='false' data-av_icon='\ue8f3' data-av_iconfont='entypo-fontello' title='' data-avia-related-tooltip='Compartir en Facebook' rel=\"noopener\"><span class='avia_hidden_link_text'>Compartir en Facebook<\/span><\/a><\/li><li class='av-share-link av-social-link-twitter' ><a target=\"_blank\" aria-label=\"Compartir en Twitter\" href='https:\/\/twitter.com\/share?text=Coyhaique%3A%20PDI%20detiene%20a%20ciudadano%20brasile%C3%B1o%20por%20robo%20con%20intimidaci%C3%B3n&#038;url=https:\/\/radiorevelacionfm.cl\/?p=54053' aria-hidden='false' data-av_icon='\ue8f1' data-av_iconfont='entypo-fontello' title='' data-avia-related-tooltip='Compartir en Twitter' rel=\"noopener\"><span class='avia_hidden_link_text'>Compartir en Twitter<\/span><\/a><\/li><li class='av-share-link av-social-link-whatsapp' ><a target=\"_blank\" aria-label=\"Compartir en Whatsapp\" href='https:\/\/api.whatsapp.com\/send?text=https:\/\/radiorevelacionfm.cl\/?p=54053' aria-hidden='false' data-av_icon='\uf232' data-av_iconfont='entypo-fontello' title='' data-avia-related-tooltip='Compartir en Whatsapp' rel=\"noopener\"><span class='avia_hidden_link_text'>Compartir en Whatsapp<\/span><\/a><\/li><li class='av-share-link av-social-link-linkedin' ><a target=\"_blank\" aria-label=\"Compartir en LinkedIn\" href='https:\/\/linkedin.com\/shareArticle?mini=true&#038;title=Coyhaique%3A%20PDI%20detiene%20a%20ciudadano%20brasile%C3%B1o%20por%20robo%20con%20intimidaci%C3%B3n&#038;url=https:\/\/radiorevelacionfm.cl\/?p=54053' aria-hidden='false' data-av_icon='\ue8fc' data-av_iconfont='entypo-fontello' title='' data-avia-related-tooltip='Compartir en LinkedIn' rel=\"noopener\"><span class='avia_hidden_link_text'>Compartir en LinkedIn<\/span><\/a><\/li><li class='av-share-link av-social-link-mail' ><a  aria-label=\"Compartir por correo\" href='mailto:?subject=Coyhaique%3A%20PDI%20detiene%20a%20ciudadano%20brasile%C3%B1o%20por%20robo%20con%20intimidaci%C3%B3n&#038;body=https:\/\/radiorevelacionfm.cl\/?p=54053' aria-hidden='false' data-av_icon='\ue805' data-av_iconfont='entypo-fontello' title='' data-avia-related-tooltip='Compartir por correo'><span class='avia_hidden_link_text'>Compartir por correo<\/span><\/a><\/li><\/ul><\/div><\/div>\n<div  style='height:50px' class='hr hr-invisible   avia-builder-el-8  el_after_av_social_share  el_before_av_comments_list '><span class='hr-inner ' ><span class='hr-inner-style'><\/span><\/span><\/div>\n<div  class='av-buildercomment  av-blog-meta-html-info-disabled av-blog-meta-tag-disabled  '><\/div>\n","protected":false},"excerpt":{"rendered":"","protected":false},"author":1,"featured_media":16354,"comment_status":"closed","ping_status":"closed","sticky":false,"template":"","format":"standard","meta":{"footnotes":""},"categories":[36],"tags":[],"class_list":["post-54053","post","type-post","status-publish","format-standard","has-post-thumbnail","hentry","category-policial"],"jetpack_featured_media_url":"https:\/\/radiorevelacionfm.cl\/wp-content\/uploads\/2022\/04\/PDI-Imagen-referencial-1-1.jpg","_links":{"self":[{"href":"https:\/\/radiorevelacionfm.cl\/index.php?rest_route=\/wp\/v2\/posts\/54053","targetHints":{"allow":["GET"]}}],"collection":[{"href":"https:\/\/radiorevelacionfm.cl\/index.php?rest_route=\/wp\/v2\/posts"}],"about":[{"href":"https:\/\/radiorevelacionfm.cl\/index.php?rest_route=\/wp\/v2\/types\/post"}],"author":[{"embeddable":true,"href":"https:\/\/radiorevelacionfm.cl\/index.php?rest_route=\/wp\/v2\/users\/1"}],"replies":[{"embeddable":true,"href":"https:\/\/radiorevelacionfm.cl\/index.php?rest_route=%2Fwp%2Fv2%2Fcomments&post=54053"}],"version-history":[{"count":2,"href":"https:\/\/radiorevelacionfm.cl\/index.php?rest_route=\/wp\/v2\/posts\/54053\/revisions"}],"predecessor-version":[{"id":54055,"href":"https:\/\/radiorevelacionfm.cl\/index.php?rest_route=\/wp\/v2\/posts\/54053\/revisions\/54055"}],"wp:featuredmedia":[{"embeddable":true,"href":"https:\/\/radiorevelacionfm.cl\/index.php?rest_route=\/wp\/v2\/media\/16354"}],"wp:attachment":[{"href":"https:\/\/radiorevelacionfm.cl\/index.php?rest_route=%2Fwp%2Fv2%2Fmedia&parent=54053"}],"wp:term":[{"taxonomy":"category","embeddable":true,"href":"https:\/\/radiorevelacionfm.cl\/index.php?rest_route=%2Fwp%2Fv2%2Fcategories&post=54053"},{"taxonomy":"post_tag","embeddable":true,"href":"https:\/\/radiorevelacionfm.cl\/index.php?rest_route=%2Fwp%2Fv2%2Ftags&post=54053"}],"curies":[{"name":"wp","href":"https:\/\/api.w.org\/{rel}","templated":true}]}}